{"id":346790,"date":"2025-08-27T04:57:16","date_gmt":"2025-08-27T04:57:16","guid":{"rendered":"https:\/\/www.europesays.com\/fr\/346790\/"},"modified":"2025-08-27T04:57:16","modified_gmt":"2025-08-27T04:57:16","slug":"lanecdote-racontee-par-lex-voix-de-candlemass","status":"publish","type":"post","link":"https:\/\/www.europesays.com\/fr\/346790\/","title":{"rendered":"l\u2019anecdote racont\u00e9e par l\u2019ex-voix de Candlemass"},"content":{"rendered":"<p><strong><a href=\"https:\/\/www.metalzone.fr\/ghost\/\" rel=\"nofollow noopener\" target=\"_blank\">Ghost<\/a> aurait pu avoir un chanteur totalement diff\u00e9rent \u00e0 ses d\u00e9buts : une r\u00e9v\u00e9lation surprenante qui rappelle \u00e0 quel point le destin du groupe s\u2019est jou\u00e9 \u00e0 un d\u00e9tail, avant de conna\u00eetre un succ\u00e8s mondial.<\/strong><\/p>\n<p>Ghost a failli confier sa voix \u00e0 Messiah Marcolin<\/p>\n<p>Dans un entretien accord\u00e9 \u00e0 <a href=\"https:\/\/www.loudersound.com\/bands-artists\/i-found-a-message-from-ghost-asking-me-if-i-would-consider-singing-on-their-first-album-the-doom-metal-legend-who-could-have-been-ghosts-original-singer-if-it-hadnt-been-for-a-missed-myspace-message\" target=\"_blank\" rel=\"nofollow noopener\">Metal Hammer<\/a>, Messiah Marcolin, l\u2019ancienne voix de <a href=\"https:\/\/www.metalzone.fr\/candlemass\/\" rel=\"nofollow noopener\" target=\"_blank\">Candlemass<\/a>, a r\u00e9v\u00e9l\u00e9 une anecdote qui aurait pu bouleverser l\u2019histoire de Ghost. Le chanteur a d\u00e9couvert, bien apr\u00e8s la sortie d\u2019Opus Eponymous en 2010, un message oubli\u00e9 sur MySpace : Tobias Forge lui proposait d\u2019assurer le chant du premier album. \u00c0 l\u2019\u00e9poque, Forge souhaitait rester guitariste et d\u00e9l\u00e9guer la partie vocale. Il avait \u00e9galement approch\u00e9 Mats Lev\u00e9n et Janne \u201cJB\u201d Christoffersson, sans succ\u00e8s.<\/p>\n<p>Messiah a confi\u00e9 qu\u2019il n\u2019utilisait plus vraiment MySpace au moment o\u00f9 la plateforme d\u00e9clinait : \u201cJe recevais \u00e9norm\u00e9ment de sollicitations, et quand MySpace a disparu, je n\u2019y ai plus pr\u00eat\u00e9 attention. Ce n\u2019est que plus tard que j\u2019ai vu la demande de Ghost\u201d. Lorsqu\u2019il a enfin \u00e9cout\u00e9 Opus Eponymous, il a salu\u00e9 l\u2019influence de <a href=\"https:\/\/www.metalzone.fr\/mercyful-fate\/\" rel=\"nofollow noopener\" target=\"_blank\">Mercyful Fate<\/a> et a m\u00eame f\u00e9licit\u00e9 Tobias Forge en personne lors d\u2019un concert en Su\u00e8de.<\/p>\n<p>Un choix forc\u00e9 qui a fa\u00e7onn\u00e9 l\u2019identit\u00e9 de Ghost<\/p>\n<p>Priv\u00e9 de chanteur invit\u00e9, Tobias Forge a finalement d\u00e9cid\u00e9 d\u2019endosser lui-m\u00eame le r\u00f4le de Papa Emeritus. Ce choix, dict\u00e9 par la n\u00e9cessit\u00e9, s\u2019est av\u00e9r\u00e9 d\u00e9terminant : il a fa\u00e7onn\u00e9 l\u2019image unique du groupe et contribu\u00e9 \u00e0 son ascension fulgurante. Forge d\u00e9crira plus tard ce moment comme un m\u00e9lange de \u201ctiming, ambition et un peu de d\u00e9sespoir\u201d.<\/p>\n<p>Aujourd\u2019hui, Ghost s\u2019impose comme l\u2019un des piliers du <a href=\"https:\/\/www.metalzone.fr\/rock\/\" rel=\"nofollow noopener\" target=\"_blank\">rock<\/a> moderne. Son sixi\u00e8me album, Skelet\u00e1, a atteint la premi\u00e8re place du Billboard 200 et la quatri\u00e8me en France, un succ\u00e8s que nous avions d\u00e9j\u00e0 \u00e9voqu\u00e9 <a href=\"https:\/\/www.metalzone.fr\/news\/214118-ghost-entre-legende-skeleta-numero-1-etats-unis\/\" target=\"_blank\" rel=\"noopener nofollow\">dans cet article<\/a>. Le groupe encha\u00eene les tourn\u00e9es mondiales et les performances marquantes, comme sa r\u00e9cente apparition \u00e0 la t\u00e9l\u00e9vision am\u00e9ricaine pour interpr\u00e9ter Lachryma, relat\u00e9e <a href=\"https:\/\/www.metalzone.fr\/news\/217973-ghost-lachryma-television-americaine\/\" target=\"_blank\" rel=\"noopener nofollow\">ici<\/a>.<\/p>\n<p>En 2025, alors que Tobias Forge r\u00e9affirme que le rock reste bien vivant, comme il l\u2019expliquait <a href=\"https:\/\/www.metalzone.fr\/news\/217608-rock-pas-mort-tobias-forge-ghost-croit-avenir-genre\/\" target=\"_blank\" rel=\"noopener nofollow\">dans une r\u00e9cente interview<\/a>, cette anecdote oubli\u00e9e de MySpace illustre combien l\u2019histoire de Ghost repose sur une d\u00e9cision cruciale. Sans ce rendez-vous manqu\u00e9, le parcours du groupe \u2013 et peut-\u00eatre celui du rock contemporain \u2013 aurait pu \u00eatre radicalement diff\u00e9rent.<\/p><\/p>\n","protected":false},"excerpt":{"rendered":"Ghost aurait pu avoir un chanteur totalement diff\u00e9rent \u00e0 ses d\u00e9buts : une r\u00e9v\u00e9lation surprenante qui rappelle \u00e0&hellip;\n","protected":false},"author":2,"featured_media":14011,"comment_status":"","ping_status":"","sticky":false,"template":"","format":"standard","meta":{"footnotes":""},"categories":[1355],"tags":[58,59,1011,27,1361,873],"class_list":{"0":"post-346790","1":"post","2":"type-post","3":"status-publish","4":"format-standard","5":"has-post-thumbnail","7":"category-musique","8":"tag-divertissement","9":"tag-entertainment","10":"tag-fr","11":"tag-france","12":"tag-music","13":"tag-musique"},"share_on_mastodon":{"url":"https:\/\/pubeurope.com\/@fr\/115098959362841806","error":""},"_links":{"self":[{"href":"https:\/\/www.europesays.com\/fr\/wp-json\/wp\/v2\/posts\/346790","targetHints":{"allow":["GET"]}}],"collection":[{"href":"https:\/\/www.europesays.com\/fr\/wp-json\/wp\/v2\/posts"}],"about":[{"href":"https:\/\/www.europesays.com\/fr\/wp-json\/wp\/v2\/types\/post"}],"author":[{"embeddable":true,"href":"https:\/\/www.europesays.com\/fr\/wp-json\/wp\/v2\/users\/2"}],"replies":[{"embeddable":true,"href":"https:\/\/www.europesays.com\/fr\/wp-json\/wp\/v2\/comments?post=346790"}],"version-history":[{"count":0,"href":"https:\/\/www.europesays.com\/fr\/wp-json\/wp\/v2\/posts\/346790\/revisions"}],"wp:featuredmedia":[{"embeddable":true,"href":"https:\/\/www.europesays.com\/fr\/wp-json\/wp\/v2\/media\/14011"}],"wp:attachment":[{"href":"https:\/\/www.europesays.com\/fr\/wp-json\/wp\/v2\/media?parent=346790"}],"wp:term":[{"taxonomy":"category","embeddable":true,"href":"https:\/\/www.europesays.com\/fr\/wp-json\/wp\/v2\/categories?post=346790"},{"taxonomy":"post_tag","embeddable":true,"href":"https:\/\/www.europesays.com\/fr\/wp-json\/wp\/v2\/tags?post=346790"}],"curies":[{"name":"wp","href":"https:\/\/api.w.org\/{rel}","templated":true}]}}