{"id":346799,"date":"2025-08-27T05:02:18","date_gmt":"2025-08-27T05:02:18","guid":{"rendered":"https:\/\/www.europesays.com\/fr\/346799\/"},"modified":"2025-08-27T05:02:18","modified_gmt":"2025-08-27T05:02:18","slug":"decouvrez-la-date-de-la-presentation-a-ne-pas-manquer-a-la-rentree","status":"publish","type":"post","link":"https:\/\/www.europesays.com\/fr\/346799\/","title":{"rendered":"d\u00e9couvrez la date de la pr\u00e9sentation \u00e0 ne pas manquer \u00e0 la rentr\u00e9e"},"content":{"rendered":"<p>Apple vient de diffuser son invitation pour sa keynote de rentr\u00e9e. Elle aura lieu d\u00e9but septembre \u00e0 l\u2019Apple Park.<\/p>\n<p><a href=\"https:\/\/images.frandroid.com\/wp-content\/uploads\/2025\/08\/slack-imgs.jpg\" target=\"_blank\" class=\"article-content__figure\" rel=\"noopener\"><img fetchpriority=\"high\" decoding=\"async\" loading=\"eager\" width=\"750\" height=\"500\" src=\"https:\/\/www.europesays.com\/fr\/wp-content\/uploads\/2025\/08\/slack-imgs.jpg\" alt=\"\" class=\"wp-image-2772301 wp-image wp-image\"  \/><\/a><\/p>\n<p>Apr\u00e8s Google qui a d\u00e9voil\u00e9 sa ligne Pixel 10 il y a une semaine et alors qu\u2019il ne sont pas encore sortis, on embraye d\u00e9j\u00e0 sur l\u2019autre constructeur majeur de cette fin d\u2019ann\u00e9e : Apple.<\/p>\n<p>Cupertino vient de donner la date de son grand rendez-vous de rentr\u00e9e par l\u2019interm\u00e9diaire d\u2019une invitation. Ce sera donc le 9 septembre \u00e0 19h, heure fran\u00e7aise, comme les rumeurs le pr\u00e9disaient. <\/p>\n<p>                <img decoding=\"async\" width=\"1200\" height=\"446\" loading=\"lazy\" alt=\"EMBARGO NE PAS UTILISER \u2013 Pixel 10 Pro\" title=\"EMBARGO NE PAS UTILISER \u2013 Pixel 10 Pro\" class=\"is-radiusless placeholder-default wp-image\" src=\"https:\/\/www.europesays.com\/fr\/wp-content\/uploads\/2025\/08\/embargo-ne-pas-utiliser-pixel-10-pro-1200x446.jpg\" \/>            <\/p>\n<p>\n                    Achetez le nouveau Google Pixel 10 Pro                <\/p>\n<p class=\"has-text-weight-medium is-size-6 is-line-height-normal\">\n                    Achetez le nouveau Google Pixel 10 Pro et recevez jusqu\u2019\u00e0 850 \u20ac en \u00e9change d\u2019un appareil \u00e9ligible (prime promotionnelle de 250 \u20ac incluse). Offre valable jusqu\u2019au 11\/09.                <\/p>\n<p>Les iPhone 17 en star<\/p>\n<p>Et contrairement \u00e0 l\u2019an dernier, on devrait avoir un bel \u00e9v\u00e8nement avec une foule de nouveaux produits largement remani\u00e9s si l\u2019on en croit les bruits de couloirs de ces derniers mois. L\u2019<a href=\"https:\/\/www.frandroid.com\/marques\/apple\/2581183_iphone-17-et-17-pro-design-caracteristiques-fenetre-de-sortie-tout-ce-que-lon-sait-sur-la-gamme-2025-dapple\" target=\"_blank\" rel=\"noopener\">iPhone 17<\/a> changerait de look, tout comme les iPhone Pro qui se rapprocheraient presque des Pixel d\u2019ailleurs, avec un module photo horizontal.<\/p>\n<p>Et puis ce sera le temps de la d\u00e9couverte de l\u2019<a href=\"https:\/\/www.frandroid.com\/produits-android\/smartphone\/2376262_iphone-17-air-ce-que-lon-sait-du-prochain-smartphone-ultrafin-dapple\" target=\"_blank\" rel=\"noopener\">iPhone 17 Air<\/a>, premier concurrent du Galaxy S25 Edge de Samsung sur le terrain des smartphones ultrafins et possible rempla\u00e7ant du mod\u00e8le Plus.<\/p>\n<p>Grande finesse, design all\u00e9g\u00e9 mais une autonomie et des caract\u00e9ristiques photo plus limit\u00e9es. Pour leur part, les mod\u00e8les Pro devraient int\u00e9grer la puce A19 Pro et un nouveau t\u00e9l\u00e9objectif p\u00e9riscopique.<a href=\"https:\/\/www.linternaute.com\/hightech\/magazine\/1277645-keynote-apple-voici-toutes-les-nouveautes-a-venir-sur-iphone-mac-etc\/\" target=\"_blank\" rel=\"noreferrer noopener\"><a href=\"https:\/\/www.linternaute.com\/hightech\/magazine\/1277645-keynote-apple-voici-toutes-les-nouveautes-a-venir-sur-iphone-mac-etc\/\" target=\"_blank\" rel=\"noreferrer noopener\"><\/p>\n<p>Apple Watch Series 11 et Ultra 3<\/p>\n<p>Apple d\u00e9voilera \u00e9galement la\u00a0<strong>Watch Series 11<\/strong>\u00a0ainsi que la Watch Ultra 3. La Ultra 3 proposera des \u00e9volutions marquantes : charge plus rapide, support 5G, connectivit\u00e9 satellite et \u00e9cran plus grand. Une Apple Watch SE 3 plus accessible pourrait aussi \u00eatre pr\u00e9sent\u00e9e avec un \u00e9cran \u00e9largi et un ch\u00e2ssis plastique.<a rel=\"noreferrer noopener\" target=\"_blank\" href=\"https:\/\/www.blog-nouvelles-technologies.fr\/338470\/apple-keynote-9-septembre-2025-iphone-17-apple-watch-airpods\/\"><a rel=\"noreferrer noopener\" target=\"_blank\" href=\"https:\/\/www.blog-nouvelles-technologies.fr\/338470\/apple-keynote-9-septembre-2025-iphone-17-apple-watch-airpods\/\"><\/p>\n<p>AirPods Pro 3<\/p>\n<p>Les tr\u00e8s attendus\u00a0<strong>AirPods Pro 3<\/strong>\u00a0devraient apporter des am\u00e9liorations en mati\u00e8re de qualit\u00e9 sonore, d\u2019autonomie, de r\u00e9duction de bruit gr\u00e2ce \u00e0 la puce Apple H3, mais aussi un capteur cardiaque qui pourrait \u00eatre plus pr\u00e9cis que celui des Apple Watch.<a href=\"https:\/\/techtoro.io\/fr\/blog\/apple-events\/\" target=\"_blank\" rel=\"noreferrer noopener\"><\/p>\n<p>Syst\u00e8mes d\u2019exploitation et intelligence artificielle<\/p>\n<p>La keynote mettra en avant les nouvelles versions des syst\u00e8mes d\u2019exploitation, dont iOS 19 (ou 26 selon la num\u00e9rotation). L\u2019accent sera port\u00e9 sur l\u2019int\u00e9gration de l\u2019intelligence artificielle : Siri plus intuitif, personnalisation pouss\u00e9e, outils d\u2019IA pour les notifications et la retouche photo en temps r\u00e9el.<a href=\"https:\/\/www.presse-citron.net\/wwdc-2025-suivez-la-keynote-apple-en-direct-des-19h\/\" target=\"_blank\" rel=\"noreferrer noopener\"><\/p>\n<p>Rejoignez-nous de 17 \u00e0 19h, un mercredi sur deux, pour l\u2019\u00e9mission <strong>UNLOCK<\/strong> produite par <strong>Frandroid<\/strong> et <strong>Numerama<\/strong> ! Actus tech, interviews, astuces et analyses\u2026 On se retrouve <a href=\"https:\/\/www.twitch.tv\/frandroidlive\" target=\"_blank\" rel=\"noopener\">en direct sur Twitch<\/a> ou en rediffusion <a href=\"https:\/\/www.youtube.com\/@unlocktalk\" target=\"_blank\" rel=\"noopener\">sur YouTube<\/a> !<\/p>\n","protected":false},"excerpt":{"rendered":"Apple vient de diffuser son invitation pour sa keynote de rentr\u00e9e. Elle aura lieu d\u00e9but septembre \u00e0 l\u2019Apple&hellip;\n","protected":false},"author":2,"featured_media":346800,"comment_status":"","ping_status":"","sticky":false,"template":"","format":"standard","meta":{"footnotes":""},"categories":[7],"tags":[48290,12575,12576,12577,12578,12579,38935,1011,27,43,40,41,39,42,44],"class_list":{"0":"post-346799","1":"post","2":"type-post","3":"status-publish","4":"format-standard","5":"has-post-thumbnail","7":"category-sciences-et-technologies","8":"tag-apple-airpods-pro-3","9":"tag-apple-iphone-17","10":"tag-apple-iphone-17-air","11":"tag-apple-iphone-17-plus","12":"tag-apple-iphone-17-pro","13":"tag-apple-iphone-17-pro-max","14":"tag-apple-watch-ultra-3","15":"tag-fr","16":"tag-france","17":"tag-science","18":"tag-science-and-technology","19":"tag-sciences","20":"tag-sciences-et-technologies","21":"tag-technologies","22":"tag-technology"},"share_on_mastodon":{"url":"https:\/\/pubeurope.com\/@fr\/115098979206068838","error":""},"_links":{"self":[{"href":"https:\/\/www.europesays.com\/fr\/wp-json\/wp\/v2\/posts\/346799","targetHints":{"allow":["GET"]}}],"collection":[{"href":"https:\/\/www.europesays.com\/fr\/wp-json\/wp\/v2\/posts"}],"about":[{"href":"https:\/\/www.europesays.com\/fr\/wp-json\/wp\/v2\/types\/post"}],"author":[{"embeddable":true,"href":"https:\/\/www.europesays.com\/fr\/wp-json\/wp\/v2\/users\/2"}],"replies":[{"embeddable":true,"href":"https:\/\/www.europesays.com\/fr\/wp-json\/wp\/v2\/comments?post=346799"}],"version-history":[{"count":0,"href":"https:\/\/www.europesays.com\/fr\/wp-json\/wp\/v2\/posts\/346799\/revisions"}],"wp:featuredmedia":[{"embeddable":true,"href":"https:\/\/www.europesays.com\/fr\/wp-json\/wp\/v2\/media\/346800"}],"wp:attachment":[{"href":"https:\/\/www.europesays.com\/fr\/wp-json\/wp\/v2\/media?parent=346799"}],"wp:term":[{"taxonomy":"category","embeddable":true,"href":"https:\/\/www.europesays.com\/fr\/wp-json\/wp\/v2\/categories?post=346799"},{"taxonomy":"post_tag","embeddable":true,"href":"https:\/\/www.europesays.com\/fr\/wp-json\/wp\/v2\/tags?post=346799"}],"curies":[{"name":"wp","href":"https:\/\/api.w.org\/{rel}","templated":true}]}}