{"id":346806,"date":"2025-08-27T05:06:20","date_gmt":"2025-08-27T05:06:20","guid":{"rendered":"https:\/\/www.europesays.com\/fr\/346806\/"},"modified":"2025-08-27T05:06:20","modified_gmt":"2025-08-27T05:06:20","slug":"francois-bayrou-veut-retourner-les-oppositions-mais-sa-chute-est-deja-dans-toutes-les-tetes","status":"publish","type":"post","link":"https:\/\/www.europesays.com\/fr\/346806\/","title":{"rendered":"Fran\u00e7ois Bayrou veut retourner les oppositions, mais sa chute est d\u00e9j\u00e0 dans toutes les t\u00eates"},"content":{"rendered":"<p><strong>R\u00c9CIT<\/strong> &#8211; Le premier ministre demande aux partis d\u2019opposition, \u00e0 commencer par le PS, de choisir la \u00ab\u00a0responsabilit\u00e9\u00a0\u00bb plut\u00f4t que le \u00ab\u00a0chaos\u00a0\u00bb. Mais, en coulisses, ses soutiens s\u2019interrogent sur son plan et r\u00e9fl\u00e9chissent d\u00e9j\u00e0 \u00e0 l\u2019apr\u00e8s.<\/p>\n<p class=\"fig-paragraph\">Comment mener une bataille que l\u2019on pense perdue d\u2019avance\u00a0? Toute la journ\u00e9e, mardi,\u00a0<a href=\"http:\/\/www.lefigaro.fr\/vox\/politique\/paul-cebille-le-sacrifice-de-francois-bayrou-sur-l-autel-des-finances-publiques-risque-de-manquer-sa-cible-20250826\" data-fig-type=\"Article\" data-gtm-custom-categorie=\"navigation\" data-gtm-custom-action=\"crossclick\" data-gtm-custom-label=\"Contextuel\" data-gtm-event=\"customEventSPE\" data-fig-domain=\"LEFIGARO\" rel=\"nofollow noopener\" target=\"_blank\">Fran\u00e7ois Bayrou<\/a>\u00a0a tent\u00e9 d\u2019embarquer le pays dans sa recherche d\u2019une majorit\u00e9 \u00e0 l\u2019Assembl\u00e9e nationale. Apr\u00e8s son annonce surprise d\u2019engager, le 8\u00a0septembre, la responsabilit\u00e9 de son gouvernement sur le redressement des comptes de la France, le premier ministre a demand\u00e9 aux partis d\u2019opposition de choisir la \u00ab\u00a0responsabilit\u00e9\u00a0\u00bb plut\u00f4t que le \u00ab\u00a0chaos\u00a0\u00bb. Question de \u00ab\u00a0clarification\u00a0\u00bb, maintient-il, malgr\u00e9 le choc provoqu\u00e9 dans la classe politique et \u00e0 la\u00a0<a href=\"http:\/\/www.lefigaro.fr\/politique\/vote-de-confiance-de-francois-bayrou-la-bourse-de-paris-recule-les-taux-d-emprunt-de-la-france-frolent-ceux-de-l-italie-20250825\" data-fig-type=\"Article\" data-gtm-custom-categorie=\"navigation\" data-gtm-custom-action=\"crossclick\" data-gtm-custom-label=\"Contextuel\" data-gtm-event=\"customEventSPE\" data-fig-domain=\"LEFIGARO\" rel=\"nofollow noopener\" target=\"_blank\">Bourse de Paris<\/a>, qui a perdu 1,70\u00a0% mardi.<\/p>\n<p class=\"fig-paragraph\">Son appel s\u2019adresse d\u2019abord aux dirigeants des formations d\u2019opposition, \u00e0 commencer par le\u00a0<a href=\"http:\/\/www.lefigaro.fr\/flash-actu\/c-est-clairement-une-erreur-le-modem-retire-en-urgence-une-affiche-comparant-le-parti-socialiste-au-rn-20250809\" data-fig-type=\"NewsFlash\" data-gtm-custom-categorie=\"navigation\" data-gtm-custom-action=\"crossclick\" data-gtm-custom-label=\"Contextuel\" data-gtm-event=\"customEventSPE\" data-fig-domain=\"LEFIGARO\" rel=\"nofollow noopener\" target=\"_blank\">Parti socialiste\u00a0<\/a>(PS). Tous ont annonc\u00e9 voter contre son gouvernement, ce qui rend tr\u00e8s probable sa chute. \u00ab\u00a0Je ne demande \u00e0 personne de se renier, mais on peut r\u00e9fl\u00e9chir. On a le droit de remettre en question les r\u00e9flexes spontan\u00e9s qu\u2019on peut avoir\u00a0\u00bb, a lanc\u00e9 Fran\u00e7ois Bayrou mardi apr\u00e8s-midi, lors de la<a href=\"http:\/\/www.lefigaro.fr\/social\/la-cfdt-ne-participera-pas-aux-negociations-sur-la-suppression-de-deux-jours-feries-annonce-marylise-leon-20250826\" data-fig-type=\"NewsFlash\" data-gtm-custom-categorie=\"navigation\" data-gtm-custom-action=\"crossclick\" data-gtm-custom-label=\"Contextuel\" data-gtm-event=\"customEventSPE\" data-fig-domain=\"LEFIGARO\" rel=\"nofollow noopener\" target=\"_blank\">\u00a0rentr\u00e9e\u2026<\/a><\/p>\n<p class=\"fig-premium-paywall__infos\">\n        Cet article est r\u00e9serv\u00e9 aux abonn\u00e9s.        Il vous reste 86% \u00e0 d\u00e9couvrir.\n    <\/p>\n<p>                <img  data- alt=\"Le Figaro\" class=\"fig-img--complete fig-img\"\/><\/p>\n<p class=\"fig-premium-paywall__title\">Vente Flash<\/p>\n<p class=\"fig-premium-paywall__subtitle\">4,99\u20ac par mois pendant 12 mois. Sans engagement<\/p>\n<p class=\"fig-premium-paywall__connect\">\n                D\u00e9j\u00e0 abonn\u00e9\u00a0?                <a class=\"fig-premium-paywall__connect-link\" href=\"https:\/\/connect.lefigaro.fr\/login?client=horizon_web&amp;type=main&amp;redirect_uri=https%3A%2F%2Fwww.lefigaro.fr%2Fpolitique%2Fvote-de-confiance-francois-bayrou-veut-retourner-les-oppositions-mais-sa-chute-est-deja-dans-toutes-les-tetes-20250826\" data-js-gtm=\"{&quot;customCategorie&quot;: &quot;conversion&quot;, &quot;customAction&quot;: &quot;before_Landing_Connexion_paywall_auto&quot;, &quot;customLabel&quot;: &quot;bGVmaWdhcm8uZnJfXzFmMDgyOGRlLTNlMjAtNmM5NC04MTI1LWRmN2U5OTcxMDUwM19fQXJ0aWNsZQ==_Vote de confiance\u00a0: Fran\u00e7ois Bayrou veut retourner les oppositions, mais sa chute est d\u00e9j\u00e0 dans toutes les t\u00eates_399&quot;, &quot;customIDSPE&quot;: &quot;bGVmaWdhcm8uZnJfXzFmMDgyOGRlLTNlMjAtNmM5NC04MTI1LWRmN2U5OTcxMDUwM19fQXJ0aWNsZQ==&quot;, &quot;event&quot;: &quot;customEventSPE&quot;}\" rel=\"nofollow noopener\" target=\"_blank\"><br \/>\n                    Connectez-vous<br \/>\n                <\/a>\n            <\/p>\n","protected":false},"excerpt":{"rendered":"R\u00c9CIT &#8211; Le premier ministre demande aux partis d\u2019opposition, \u00e0 commencer par le PS, de choisir la \u00ab\u00a0responsabilit\u00e9\u00a0\u00bb&hellip;\n","protected":false},"author":2,"featured_media":346807,"comment_status":"","ping_status":"","sticky":false,"template":"","format":"standard","meta":{"footnotes":""},"categories":[2],"tags":[11,9006,13874,1011,27,431,418,12],"class_list":{"0":"post-346806","1":"post","2":"type-post","3":"status-publish","4":"format-standard","5":"has-post-thumbnail","7":"category-actualites","8":"tag-actualites","9":"tag-censure","10":"tag-confiance","11":"tag-fr","12":"tag-france","13":"tag-francois-bayrou","14":"tag-gouvernement","15":"tag-news"},"share_on_mastodon":{"url":"https:\/\/pubeurope.com\/@fr\/115098994785954272","error":""},"_links":{"self":[{"href":"https:\/\/www.europesays.com\/fr\/wp-json\/wp\/v2\/posts\/346806","targetHints":{"allow":["GET"]}}],"collection":[{"href":"https:\/\/www.europesays.com\/fr\/wp-json\/wp\/v2\/posts"}],"about":[{"href":"https:\/\/www.europesays.com\/fr\/wp-json\/wp\/v2\/types\/post"}],"author":[{"embeddable":true,"href":"https:\/\/www.europesays.com\/fr\/wp-json\/wp\/v2\/users\/2"}],"replies":[{"embeddable":true,"href":"https:\/\/www.europesays.com\/fr\/wp-json\/wp\/v2\/comments?post=346806"}],"version-history":[{"count":0,"href":"https:\/\/www.europesays.com\/fr\/wp-json\/wp\/v2\/posts\/346806\/revisions"}],"wp:featuredmedia":[{"embeddable":true,"href":"https:\/\/www.europesays.com\/fr\/wp-json\/wp\/v2\/media\/346807"}],"wp:attachment":[{"href":"https:\/\/www.europesays.com\/fr\/wp-json\/wp\/v2\/media?parent=346806"}],"wp:term":[{"taxonomy":"category","embeddable":true,"href":"https:\/\/www.europesays.com\/fr\/wp-json\/wp\/v2\/categories?post=346806"},{"taxonomy":"post_tag","embeddable":true,"href":"https:\/\/www.europesays.com\/fr\/wp-json\/wp\/v2\/tags?post=346806"}],"curies":[{"name":"wp","href":"https:\/\/api.w.org\/{rel}","templated":true}]}}