{"id":346808,"date":"2025-08-27T05:08:39","date_gmt":"2025-08-27T05:08:39","guid":{"rendered":"https:\/\/www.europesays.com\/fr\/346808\/"},"modified":"2025-08-27T05:08:39","modified_gmt":"2025-08-27T05:08:39","slug":"ina-kristoffersen-est-stephanoise-3","status":"publish","type":"post","link":"https:\/\/www.europesays.com\/fr\/346808\/","title":{"rendered":"Ina Kristoffersen est St\u00e9phanoise !"},"content":{"rendered":"<p>Originaire de Stavanger, sur la c\u00f4te sud-ouest de la Norv\u00e8ge, Ina Kristoffersen d\u00e9bute le football \u00e0 l\u2019\u00e2ge de sept ans avec les gar\u00e7ons du Stavanger IF Fotball. \u00c0 15 ans, elle rejoint le Viking FK, club embl\u00e9matique de sa ville natale, o\u00f9 elle poursuit sa formation, avant de rejoindre le Hinna FK, autre club local r\u00e9put\u00e9 pour son travail aupr\u00e8s des jeunes joueuses.<\/p>\n<p>En 2017, elle rejoint Klepp IL, o\u00f9 elle d\u00e9couvre la Toppserien, l\u2019\u00e9lite du football f\u00e9minin norv\u00e9gien, participant notamment \u00e0 la conqu\u00eate d\u2019un titre de vice-championne de Norv\u00e8ge en 2018 et d\u2019une victoire en Coupe NM J19 la m\u00eame ann\u00e9e. Apr\u00e8s des exp\u00e9riences avec le Stab\u00e6k Fotball Kvinner, Amazon Grimstad, et Grand Bod\u00f8, elle effectue un retour au Viking FK, o\u00f9 elle retrouve les terrains de sa ville natale.<\/p>\n<p>\u00c0 l\u2019hiver 2024, Ina Kristoffersen franchit un cap en rejoignant Istanbul et le Galatasaray, d\u00e9couvrant ainsi le championnat turc. Ce transfert marque son premier d\u00e9fi hors de Scandinavie. Elle s\u2019y impose rapidement comme une pi\u00e8ce ma\u00eetresse de l\u2019arri\u00e8re-garde stambouliote.<\/p>\n<p>\u00c0 l\u2019aube de la saison 2025-2026, Ina Kristoffersen s\u2019appr\u00eate \u00e0 d\u00e9couvrir le championnat fran\u00e7ais en Arkema Premi\u00e8re Ligue. Elle portera le num\u00e9ro 4 sous les ordres de S\u00e9bastien Joseph. Bienvenue Ina !\u00a0<\/p>\n<p><strong>Ina Kristoffersen :<\/strong> \u00ab\u00a0Je suis tr\u00e8s heureuse de rejoindre l&rsquo;AS Saint-\u00c9tienne. Apr\u00e8s la Norv\u00e8ge et la Turquie, ce transfert en France repr\u00e9sente une \u00e9tape importante dans ma carri\u00e8re. Le championnat fran\u00e7ais est r\u00e9put\u00e9 pour son niveau international \u00e9lev\u00e9 et sa forte comp\u00e9titivit\u00e9. J&rsquo;ai vraiment h\u00e2te de m&rsquo;y tester, de rencontrer mes nouvelles co\u00e9quipi\u00e8res et de m&rsquo;int\u00e9grer au club. Je suis impatiente d&rsquo;apporter ma contribution sur le terrain et en dehors, et de continuer \u00e0 progresser. C&rsquo;est une formidable opportunit\u00e9 pour moi, et j&rsquo;en suis tr\u00e8s reconnaissante.\u00a0\u00bb<\/p>\n<p><strong>S\u00e9bastien Joseph, entra\u00eeneur des Vertes :\u00a0<\/strong>\u00ab\u00a0L&rsquo;arriv\u00e9e d&rsquo;Ina r\u00e9pond \u00e0 un besoin. Il fallait que l&rsquo;on s&rsquo;\u00e9toffe en d\u00e9fense centrale. C&rsquo;est une joueuse athl\u00e9tique, rapide, bonne dans le domaine a\u00e9rien et propre dans la relance. Elle coche beaucoup de crit\u00e8res et on esp\u00e8re qu&rsquo;elle va vite s&rsquo;adapter et bien s&rsquo;int\u00e9grer dans un nouveau style de jeu et de vie. C&rsquo;est une athl\u00e8te, avec une hygi\u00e8ne de vie irr\u00e9prochable et qui a fait une bonne pr\u00e9paration. Elle est en forme physiquement. On va simplement devoir combler son petit retard tactique vis-\u00e0-vis des joueuses pr\u00e9sentent depuis le d\u00e9but de la pr\u00e9paration.\u00a0\u00bb<\/p>\n<p>L&rsquo;engagement \u00ab\u00a0Vert l&rsquo;Avenir\u00a0\u00bb d&rsquo;Ina Kristoffersen<\/p>\n<p>Dans le cadre de\u00a0sa d\u00e9marche RSE \u00ab\u00a0Vert l&rsquo;Avenir\u00a0\u00bb, l&rsquo;AS Saint-\u00c9tienne propose \u00e0 chacun de ses salari\u00e9s, dont ses joueuses, de s&rsquo;engager sur l&rsquo;un des quatre axes de son association ASSE C\u0153ur-Vert : Environnement, Citoyennet\u00e9, Sport pour tous et Sant\u00e9.<\/p>\n<p>Cette saison, Ina Kristoffersen participera \u00e0 des actions autour de la sant\u00e9.<\/p>\n<p><img decoding=\"async\" src=\"https:\/\/www.europesays.com\/fr\/wp-content\/uploads\/2025\/08\/2e6a9a4b37ba883cb58f943829dccc3d0a222999.jpg\" class=\"fr-fic fr-dib\"\/><\/p>\n","protected":false},"excerpt":{"rendered":"Originaire de Stavanger, sur la c\u00f4te sud-ouest de la Norv\u00e8ge, Ina Kristoffersen d\u00e9bute le football \u00e0 l\u2019\u00e2ge de&hellip;\n","protected":false},"author":2,"featured_media":343915,"comment_status":"","ping_status":"","sticky":false,"template":"","format":"standard","meta":{"footnotes":""},"categories":[9653],"tags":[1111,11,2430,1777,674,1011,27,12,25,4001],"class_list":{"0":"post-346808","1":"post","2":"type-post","3":"status-publish","4":"format-standard","5":"has-post-thumbnail","7":"category-saint-etienne","8":"tag-actu","9":"tag-actualites","10":"tag-auvergne-rhone-alpes","11":"tag-eu","12":"tag-europe","13":"tag-fr","14":"tag-france","15":"tag-news","16":"tag-republique-francaise","17":"tag-saint-etienne"},"share_on_mastodon":{"url":"https:\/\/pubeurope.com\/@fr\/115099003472968871","error":""},"_links":{"self":[{"href":"https:\/\/www.europesays.com\/fr\/wp-json\/wp\/v2\/posts\/346808","targetHints":{"allow":["GET"]}}],"collection":[{"href":"https:\/\/www.europesays.com\/fr\/wp-json\/wp\/v2\/posts"}],"about":[{"href":"https:\/\/www.europesays.com\/fr\/wp-json\/wp\/v2\/types\/post"}],"author":[{"embeddable":true,"href":"https:\/\/www.europesays.com\/fr\/wp-json\/wp\/v2\/users\/2"}],"replies":[{"embeddable":true,"href":"https:\/\/www.europesays.com\/fr\/wp-json\/wp\/v2\/comments?post=346808"}],"version-history":[{"count":0,"href":"https:\/\/www.europesays.com\/fr\/wp-json\/wp\/v2\/posts\/346808\/revisions"}],"wp:featuredmedia":[{"embeddable":true,"href":"https:\/\/www.europesays.com\/fr\/wp-json\/wp\/v2\/media\/343915"}],"wp:attachment":[{"href":"https:\/\/www.europesays.com\/fr\/wp-json\/wp\/v2\/media?parent=346808"}],"wp:term":[{"taxonomy":"category","embeddable":true,"href":"https:\/\/www.europesays.com\/fr\/wp-json\/wp\/v2\/categories?post=346808"},{"taxonomy":"post_tag","embeddable":true,"href":"https:\/\/www.europesays.com\/fr\/wp-json\/wp\/v2\/tags?post=346808"}],"curies":[{"name":"wp","href":"https:\/\/api.w.org\/{rel}","templated":true}]}}