{"id":34681,"date":"2025-04-18T18:42:22","date_gmt":"2025-04-18T18:42:22","guid":{"rendered":"https:\/\/www.europesays.com\/fr\/34681\/"},"modified":"2025-04-18T18:42:22","modified_gmt":"2025-04-18T18:42:22","slug":"trente-a-quarante-vehicules-vandalises-dans-deux-villages","status":"publish","type":"post","link":"https:\/\/www.europesays.com\/fr\/34681\/","title":{"rendered":"trente \u00e0 quarante v\u00e9hicules vandalis\u00e9s dans deux villages"},"content":{"rendered":"<p>            Par<br \/>\n        <strong><br \/>\n            <a href=\"https:\/\/actu.fr\/auteur\/jm-aubert\" title=\"Consulter tous les articles de Jean-Marc Aubert\" rel=\"nofollow noopener\" target=\"_blank\">Jean-Marc Aubert<\/a><br \/>\n        <\/strong><\/p>\n<p>        Publi\u00e9 le<\/p>\n<p>            17 avr. 2025 \u00e0 12h34        <\/p>\n<p>Myst\u00e8re dans l\u2019H\u00e9rault : en cette nuit de mercredi 16 \u00e0 ce jeudi 17 avril 2025, trente \u00e0 quarante v\u00e9hicules ont \u00e9t\u00e9 vandalis\u00e9s \u00e0 <strong>Saint-Martin-de-Londres<\/strong> et \u00e0 <strong>Saint-Bauzille-de-Putois<\/strong>, au nord de Montpellier. La <strong>gendarmerie<\/strong> enqu\u00eate.<\/p>\n<p class=\" wall-content\">Selon des t\u00e9moins ayant entendu des bruits suspects, les faits ont eu lieu entre 2h30 et 3h, la nuit derni\u00e8re, dans les rues de ces deux communes voisines situ\u00e9es sur l\u2019axe Montpellier-Ganges, par un ou des vandales circulant \u00e0 bord d\u2019une voiture. Le maire de Saint-Martin-de-Londres, G\u00e9rard Brunel, confirme les faits \u00e0 <strong>M\u00e9tropolitain,<\/strong> sans pouvoir en dire plus, \u00ab\u00a0pour ne pas g\u00eaner les\u00a0investigations des gendarmes qui sont en cours\u00a0\u00bb.<\/p>\n<p>    <a href=\"https:\/\/www.google.com\/maps\/embed?pb=!1m18!1m12!1m3!1d153375.34307282272!2d3.507485776905045!3d43.799672740769886!2m3!1f0!2f0!3f0!3m2!1i1024!2i768!4f13.1!3m3!1m2!1s0x12b3ff24de54babf%3A0x4078821166abdf0!2s34380%20Saint-Martin-de-Londres!5e0!3m2!1sfr!2sfr!4v1744885544514!5m2!1sfr!2sfr\" title=\"Ouvrie le lien\" rel=\"nofollow noopener\" target=\"_blank\">Cliquez ici pour visualiser le contenu<\/a><\/p>\n<p class=\" wall-content\">C\u2019est la compagnie de Lod\u00e8ve avec la communaut\u00e9 de brigades -Cob- de Ganges qui m\u00e8ne l\u2019enqu\u00eate, avec des techniciens de la gendarmerie scientifique, sur les lieux pour isoler d\u2019\u00e9ventuelles traces papillaires ou ADN. Le ou les vandales n\u2019ont pas h\u00e9sit\u00e9 \u00e0 sauter des murets ou des cl\u00f4tures pour venir volontairement briser les glaces lat\u00e9rales de v\u00e9hicules en stationnement, dans des propri\u00e9t\u00e9s.\u00a0<\/p>\n<p class=\" wall-content\">Un constat : ce sont exclusivement les vitres c\u00f4t\u00e9 conducteur qui ont \u00e9t\u00e9 d\u00e9truites, vraisemblablement avec une masse ou un objet y ressemblant. Selon nos informations, aucun vol n\u2019a \u00e9t\u00e9 commis \u00e0 l\u2019int\u00e9rieur, ce qui oriente donc l\u2019enqu\u00eate vers des actes qui ne sont pas l\u2019oeuvre de \u2018roulottiers\u00a0\u00bb en qu\u00eate d\u2019objets de valeur ou non.\u00a0<\/p>\n<p>Vid\u00e9os : en ce moment sur Actu<\/p>\n<p class=\" wall-content\">C\u2019est donc bien l\u2019hypoth\u00e8se de gestes de vandalisme gratuits qui est privil\u00e9gie. Aucun tag n\u2019ayant \u00e9t\u00e9 retrouv\u00e9 sur zone dans les deux villages proches, un lien avec les <a href=\"https:\/\/actu.fr\/faits-divers\/prisons-visees-par-des-incendies-des-tirs-et-le-tag-ddpf-que-signifie-ce-mysterieux-sigle_62514188.html\" rel=\"nofollow noopener\" target=\"_blank\">r\u00e9centes actions visant des prisons fran\u00e7aises et des agents de l\u2019administration p\u00e9nitentiaire<\/a> et sign\u00e9es par un groupuscule inconnu est exclu, au stade actuel des investigations.<\/p>\n<p class=\" wall-content\">Suivez toute l\u2019actualit\u00e9 de vos villes et m\u00e9dias favoris en vous inscrivant \u00e0 <a href=\"https:\/\/moncompte.actu.fr\" title=\"D\u00e9couvez Mon Actu\" rel=\"nofollow noopener\" data-trk=\"{&quot;cta&quot;:{&quot;action&quot;:&quot;https:\\\/\\\/moncompte.actu.fr&quot;,&quot;category&quot;:&quot;mon compte&quot;,&quot;from&quot;:&quot;article footer&quot;,&quot;name&quot;:&quot;Mon actu&quot;,&quot;type&quot;:&quot;cta&quot;}}\" target=\"_blank\">Mon Actu<\/a>.<\/p>\n","protected":false},"excerpt":{"rendered":"Par Jean-Marc Aubert Publi\u00e9 le 17 avr. 2025 \u00e0 12h34 Myst\u00e8re dans l\u2019H\u00e9rault : en cette nuit de&hellip;\n","protected":false},"author":2,"featured_media":34682,"comment_status":"","ping_status":"","sticky":false,"template":"","format":"standard","meta":{"footnotes":""},"categories":[9599],"tags":[1111,11,1777,674,118,1011,27,3381,303,2208,12,2680,25],"class_list":{"0":"post-34681","1":"post","2":"type-post","3":"status-publish","4":"format-standard","5":"has-post-thumbnail","7":"category-montpellier","8":"tag-actu","9":"tag-actualites","10":"tag-eu","11":"tag-europe","12":"tag-faits-divers","13":"tag-fr","14":"tag-france","15":"tag-gendarmerie","16":"tag-justice","17":"tag-montpellier","18":"tag-news","19":"tag-occitanie","20":"tag-republique-francaise"},"share_on_mastodon":{"url":"https:\/\/pubeurope.com\/@fr\/114360440786994035","error":""},"_links":{"self":[{"href":"https:\/\/www.europesays.com\/fr\/wp-json\/wp\/v2\/posts\/34681","targetHints":{"allow":["GET"]}}],"collection":[{"href":"https:\/\/www.europesays.com\/fr\/wp-json\/wp\/v2\/posts"}],"about":[{"href":"https:\/\/www.europesays.com\/fr\/wp-json\/wp\/v2\/types\/post"}],"author":[{"embeddable":true,"href":"https:\/\/www.europesays.com\/fr\/wp-json\/wp\/v2\/users\/2"}],"replies":[{"embeddable":true,"href":"https:\/\/www.europesays.com\/fr\/wp-json\/wp\/v2\/comments?post=34681"}],"version-history":[{"count":0,"href":"https:\/\/www.europesays.com\/fr\/wp-json\/wp\/v2\/posts\/34681\/revisions"}],"wp:featuredmedia":[{"embeddable":true,"href":"https:\/\/www.europesays.com\/fr\/wp-json\/wp\/v2\/media\/34682"}],"wp:attachment":[{"href":"https:\/\/www.europesays.com\/fr\/wp-json\/wp\/v2\/media?parent=34681"}],"wp:term":[{"taxonomy":"category","embeddable":true,"href":"https:\/\/www.europesays.com\/fr\/wp-json\/wp\/v2\/categories?post=34681"},{"taxonomy":"post_tag","embeddable":true,"href":"https:\/\/www.europesays.com\/fr\/wp-json\/wp\/v2\/tags?post=34681"}],"curies":[{"name":"wp","href":"https:\/\/api.w.org\/{rel}","templated":true}]}}