{"id":346815,"date":"2025-08-27T05:13:14","date_gmt":"2025-08-27T05:13:14","guid":{"rendered":"https:\/\/www.europesays.com\/fr\/346815\/"},"modified":"2025-08-27T05:13:14","modified_gmt":"2025-08-27T05:13:14","slug":"sept-mois-apres-sa-blessure-le-colosse-de-toulon-refait-surface","status":"publish","type":"post","link":"https:\/\/www.europesays.com\/fr\/346815\/","title":{"rendered":"sept mois apr\u00e8s sa blessure, le colosse de Toulon refait surface"},"content":{"rendered":"<p><strong>Charles Ollivon<\/strong> a refoul\u00e9 la pelouse de l\u2019entra\u00eenement du <strong>RC Toulon<\/strong> cette semaine, plus de <strong>200 jours<\/strong> apr\u00e8s sa rupture du ligament crois\u00e9 du genou droit. Un retour qui arrive \u00e0 point nomm\u00e9, \u00e0 quelques jours de la reprise du Top 14, m\u00eame si le staff joue la prudence. Les supporters, eux, n\u2019ont pas boud\u00e9 leur plaisir.<\/p>\n<p>L\u2019essentiel<\/p>\n<ul class=\"wp-block-list\">\n<li><strong>Ollivon de retour sur le pr\u00e9<\/strong> : Le troisi\u00e8me ligne international (46 s\u00e9lections) a particip\u00e9 \u00e0 l\u2019entra\u00eenement ouvert au public ce mardi avec le RCT, pour la premi\u00e8re fois depuis sa blessure survenue d\u00e9but janvier contre le Racing 92.<\/li>\n<li><strong>Une op\u00e9ration et sept mois de gal\u00e8re<\/strong> : Victime d\u2019une rupture du ligament crois\u00e9, le Basque de 32 ans avait d\u00fb passer par la case chirurgie \u00e0 Lyon avant d\u2019entamer un long processus de r\u00e9\u00e9ducation.<\/li>\n<li><strong>Reprise de la comp\u00e8t\u2019 encore floue<\/strong> : Le staff ne veut rien pr\u00e9cipiter. Ollivon ne devrait pas jouer contre Clermont en amical, ni contre Montpellier pour la premi\u00e8re journ\u00e9e du Top 14 le 6 septembre.<\/li>\n<li><strong>Un cadre du rugby fran\u00e7ais dans les starting-blocks<\/strong> : Ancien capitaine des Bleus, meilleur marqueur d\u2019essais chez les avants tricolores, Ollivon reste une pi\u00e8ce ma\u00eetresse \u00e0 Toulon comme en \u00e9quipe de France.<\/li>\n<\/ul>\n<p>Un genou qui a l\u00e2ch\u00e9, une \u00e9quipe qui a tenu<\/p>\n<p>Le 7 janvier dernier, au stade Mayol, le RCT d\u00e9roulait face au Racing 92. Mais d\u00e8s la <strong>7e minute<\/strong>, le match bascule pour <strong>Charles Ollivon<\/strong>. Sur une action anodine, il s\u2019\u00e9croule tout seul au sol, le genou droit en vrac, juste apr\u00e8s avoir offert un essai \u00e0 Serin. Fin de match, fin de saison\u2026 et d\u00e9but d\u2019une <strong>travers\u00e9e du d\u00e9sert<\/strong>.<\/p>\n<p>Malgr\u00e9 cette absence de poids, <strong>Toulon<\/strong> s\u2019est accroch\u00e9 : <strong>quart de finale de Champions Cup<\/strong>, <strong>demi-finale de Top 14<\/strong>. Mais avec son capitaine de retour, c\u2019est une toute autre dynamique qui s\u2019annonce.<\/p>\n<blockquote class=\"twitter-tweet\" data-width=\"550\" data-dnt=\"true\">\n<p lang=\"fr\" dir=\"ltr\">Sept mois apr\u00e8s sa rupture d\u2019un ligament crois\u00e9 du genou droit face au Racing 92, Charles Ollivon a \u00abretrouv\u00e9 le rectangle vert en ce d\u00e9but de semaine\u00bb, annonce le RCT. <\/p>\n<p>Peut-il d\u00e9sormais revenir \u00e0 son meilleur niveau ? <\/p>\n<p>\ud83d\udcf8 : rctofficiel (IG) <a href=\"https:\/\/t.co\/EZgtgJGQ3P\" rel=\"nofollow\">pic.twitter.com\/EZgtgJGQ3P<\/a><\/p>\n<p>\u2014 Pablo Guillen (@pablo_guillen_) <a href=\"https:\/\/twitter.com\/pablo_guillen_\/status\/1960341872045330783?ref_src=twsrc%5Etfw\" rel=\"nofollow noopener\" target=\"_blank\">August 26, 2025<\/a><\/p><\/blockquote>\n<p>Une premi\u00e8re s\u00e9ance qui rassure<\/p>\n<p>Pas encore pr\u00eat pour la comp\u00e9tition, Ollivon a tout de m\u00eame retrouv\u00e9 le groupe pour une s\u00e9ance <strong>publique<\/strong> \u00e0 Berg. En tenue, ballon en main, le sourire en coin : un <strong>premier galop encourageant<\/strong>. Rien d\u2019annonc\u00e9 sur son retour officiel, mais les sensations sont bonnes. Et vu le pedigree du bonhomme, on peut s\u2019attendre \u00e0 ce qu\u2019il revienne avec la dalle.<\/p>\n<p>Le staff du <strong>RCT<\/strong> n\u2019a pas fix\u00e9 de date. La prudence est de mise pour \u00e9viter tout contretemps. Mais une chose est s\u00fbre : <strong>Charles Ollivon est de nouveau dans la boucle<\/strong>.<\/p>\n<p>Toulon compte sur son cadre<\/p>\n<p><strong>Ollivon<\/strong>, c\u2019est plus qu\u2019un joueur. C\u2019est un moteur, un point d\u2019ancrage. \u00c0 <strong>32 ans<\/strong>, le natif de Saint-P\u00e9e-sur-Nivelle reste l\u2019un des leaders du vestiaire, un mec \u00e9cout\u00e9 et respect\u00e9. Sa pr\u00e9sence suffit \u00e0 hausser le niveau d\u2019exigence. Et avec une saison qui s\u2019annonce dense, son retour pourrait bien faire la diff\u00e9rence.<\/p>\n<p>\u00c0 Toulon, o\u00f9 l\u2019on vise haut, retrouver un joueur comme lui juste avant la rentr\u00e9e, c\u2019est presque un <strong>cadeau tomb\u00e9 du ciel<\/strong>.<\/p>\n<p>Le XV de France n\u2019oublie pas<\/p>\n<p>M\u00eame si <strong>Antoine Dupont<\/strong> a pris le brassard, <strong>Charles Ollivon<\/strong> garde une place \u00e0 part chez les Bleus. 46 capes, <strong>16 essais inscrits<\/strong> (record absolu pour un avant tricolore), et une aura de patron. Si la saison d\u00e9marre bien et que le genou suit, <strong>il pourrait bien redevenir une option s\u00e9rieuse pour Galthi\u00e9<\/strong> en vue de la tourn\u00e9e de novembre.<\/p>\n<p>Encore quelques semaines pour se remettre dans le rythme\u2026 et le grand Charles pourrait bien frapper \u00e0 la porte des Bleus plus vite que pr\u00e9vu.<\/p>\n<p><strong>Sources<\/strong> : Rugbyrama<\/p>\n<p><img loading=\"lazy\" src=\"data:image\/svg+xml,%3Csvg%20xmlns=\" http:=\"\" height=\"100\" width=\"100\" class=\" sp-no-webp\" alt=\"whatsapp image 2024 07 31 at 09.08.32\" decoding=\"async\" data-lazy-src=\"https:\/\/www.europesays.com\/fr\/wp-content\/uploads\/2025\/04\/whatsapp-image-2024-07-31-at-09.08.32-e1727245864215.jpeg\"\/> <\/p>\n<p>J\u2019ai grandi dans une famille o\u00f9 le rugby \u00e9tait de tous les moments. J\u2019\u00e9tais au bord du terrain quand Castres a battu Pau et a rejoint l\u2019\u00e9lite, j\u2019\u00e9tais dans le Stade Pierre Antoine face \u00e0 Gary Whetton quand il a fait son Haka pour c\u00e9l\u00e9brer le Brennus de 1993 et j\u2019ai toujours \u00e9t\u00e9 berc\u00e9 des l\u00e9gendes de ce sport. Maintenant, c\u2019est avec XV Ovalie que j\u2019entends prolonger l\u2019aventure. #TeamCO<\/p>\n<p>\t\t<script async src=\"https:\/\/platform.twitter.com\/widgets.js\" charset=\"utf-8\"><\/script><\/p>\n","protected":false},"excerpt":{"rendered":"Charles Ollivon a refoul\u00e9 la pelouse de l\u2019entra\u00eenement du RC Toulon cette semaine, plus de 200 jours apr\u00e8s&hellip;\n","protected":false},"author":2,"featured_media":346816,"comment_status":"","ping_status":"","sticky":false,"template":"","format":"standard","meta":{"footnotes":""},"categories":[9619],"tags":[1111,11,1431,41986,1777,674,1011,27,12,882,8177,25,478,2310],"class_list":{"0":"post-346815","1":"post","2":"type-post","3":"status-publish","4":"format-standard","5":"has-post-thumbnail","7":"category-toulon","8":"tag-actu","9":"tag-actualites","10":"tag-blessure","11":"tag-charles-ollivon","12":"tag-eu","13":"tag-europe","14":"tag-fr","15":"tag-france","16":"tag-news","17":"tag-provence-alpes-cote-dazur","18":"tag-rc-toulon","19":"tag-republique-francaise","20":"tag-top-14","21":"tag-toulon"},"share_on_mastodon":{"url":"https:\/\/pubeurope.com\/@fr\/115099022339986330","error":""},"_links":{"self":[{"href":"https:\/\/www.europesays.com\/fr\/wp-json\/wp\/v2\/posts\/346815","targetHints":{"allow":["GET"]}}],"collection":[{"href":"https:\/\/www.europesays.com\/fr\/wp-json\/wp\/v2\/posts"}],"about":[{"href":"https:\/\/www.europesays.com\/fr\/wp-json\/wp\/v2\/types\/post"}],"author":[{"embeddable":true,"href":"https:\/\/www.europesays.com\/fr\/wp-json\/wp\/v2\/users\/2"}],"replies":[{"embeddable":true,"href":"https:\/\/www.europesays.com\/fr\/wp-json\/wp\/v2\/comments?post=346815"}],"version-history":[{"count":0,"href":"https:\/\/www.europesays.com\/fr\/wp-json\/wp\/v2\/posts\/346815\/revisions"}],"wp:featuredmedia":[{"embeddable":true,"href":"https:\/\/www.europesays.com\/fr\/wp-json\/wp\/v2\/media\/346816"}],"wp:attachment":[{"href":"https:\/\/www.europesays.com\/fr\/wp-json\/wp\/v2\/media?parent=346815"}],"wp:term":[{"taxonomy":"category","embeddable":true,"href":"https:\/\/www.europesays.com\/fr\/wp-json\/wp\/v2\/categories?post=346815"},{"taxonomy":"post_tag","embeddable":true,"href":"https:\/\/www.europesays.com\/fr\/wp-json\/wp\/v2\/tags?post=346815"}],"curies":[{"name":"wp","href":"https:\/\/api.w.org\/{rel}","templated":true}]}}