{"id":346817,"date":"2025-08-27T05:14:12","date_gmt":"2025-08-27T05:14:12","guid":{"rendered":"https:\/\/www.europesays.com\/fr\/346817\/"},"modified":"2025-08-27T05:14:12","modified_gmt":"2025-08-27T05:14:12","slug":"vol-de-trottinette-electrique-a-montpellier-lauteur-sous-oqtf-condamne-a-six-mois-de-prison-ferme-pour-recel","status":"publish","type":"post","link":"https:\/\/www.europesays.com\/fr\/346817\/","title":{"rendered":"Vol de trottinette \u00e9lectrique \u00e0 Montpellier\u00a0: l\u2019auteur, sous OQTF, condamn\u00e9 \u00e0 six mois de prison ferme pour recel"},"content":{"rendered":"<p>\n                                                                L\u2019homme de 22 ans, de nationalit\u00e9 alg\u00e9rienne et en situation irr\u00e9guli\u00e8re, comparaissait devant le tribunal correctionnel pour recel d\u2019une trottinette \u00e9lectrique. Il avait \u00e9t\u00e9 interpell\u00e9 devant la gare Saint-Roch.\n                            <\/p>\n<p>Un petit tour et puis s\u2019en va\u2026 Apr\u00e8s une vir\u00e9e\u00a0en trottinette \u00e9lectrique achev\u00e9e devant la gare Saint-Roch \u00e0 Montpellier, ce jeune homme avait \u00e9t\u00e9 arr\u00eat\u00e9 le 22\u00a0ao\u00fbt dernier, le deux-roues ayant \u00e9t\u00e9 signal\u00e9 vol\u00e9. Un vol survenu quelques heures plus t\u00f4t dans le sous-sol d\u2019immeuble du propri\u00e9taire. La trottinette a \u00e9t\u00e9 rep\u00e9r\u00e9e gr\u00e2ce \u00e0 son syst\u00e8me de g\u00e9olocalisation.<\/p>\n<p>L\u2019auteur des faits, jug\u00e9 lundi 25\u00a0ao\u00fbt devant le tribunal correctionnel, est un Alg\u00e9rien en situation irr\u00e9guli\u00e8re. Il explique qu\u2019il n\u2019\u00e9tait\u00a0pas au courant que la trottinette \u00e9lectrique \u00e9tait vol\u00e9e. \u00ab\u00a0Un de mes amis me l\u2019a pr\u00eat\u00e9e sans rien dire de plus\u00a0\u00bb, d\u00e9clare-t-il.<\/p>\n<p>Sous OQTF depuis 2022<\/p>\n<p>Le tribunal dresse le profil d\u2019un jeune homme de 22 ans, sans emploi ni domicile. Il fait l\u2019objet d\u2019une obligation de quitter le territoire fran\u00e7ais (OQTF) depuis septembre\u00a02022. Son casier judiciaire mentionne en 2024 une condamnation \u00e0 six\u00a0mois de prison pour outrage et r\u00e9bellion.<\/p>\n<p>\u00ab\u00a0Le vol de trottinette \u00e9lectrique est un fl\u00e9au \u00e0 Montpellier\u00a0\u00bb<\/p>\n<p>L\u2019avocate de la partie civile d\u00e9nonce une situation r\u00e9currente\u00a0: \u00ab\u00a0Le vol de trottinette \u00e9lectrique est un fl\u00e9au \u00e0 Montpellier\u00a0\u00bb. Elle demande pr\u00e8s de 2\u00a0000\u00a0\u20ac de dommages et int\u00e9r\u00eats correspondant au montant du deux-roues\u00a0et pr\u00e9cise qu\u2019il\u00a0n\u2019a pas \u00e9t\u00e9 remis\u00a0\u00e0 son propri\u00e9taire. L\u2019avocate de la d\u00e9fense, quant \u00e0 elle, \u00e9met des doutes sur les \u00e9l\u00e9ments constitutifs de l\u2019infraction lors du contr\u00f4le de police, notamment le fait de savoir que la trottinette\u00a0\u00e9tait vol\u00e9e.<\/p>\n<p>Le pr\u00e9venu a \u00e9t\u00e9 condamn\u00e9 \u00e0 six\u00a0mois de prison ferme et une interdiction de territoire fran\u00e7ais pendant trois\u00a0ans, une fois sa peine purg\u00e9e. Il devra \u00e9galement rembourser le montant de la trottinette.<\/p>\n","protected":false},"excerpt":{"rendered":"L\u2019homme de 22 ans, de nationalit\u00e9 alg\u00e9rienne et en situation irr\u00e9guli\u00e8re, comparaissait devant le tribunal correctionnel pour recel&hellip;\n","protected":false},"author":2,"featured_media":346818,"comment_status":"","ping_status":"","sticky":false,"template":"","format":"standard","meta":{"footnotes":""},"categories":[9599],"tags":[1111,11,1777,674,1011,27,2208,12,2680,25],"class_list":{"0":"post-346817","1":"post","2":"type-post","3":"status-publish","4":"format-standard","5":"has-post-thumbnail","7":"category-montpellier","8":"tag-actu","9":"tag-actualites","10":"tag-eu","11":"tag-europe","12":"tag-fr","13":"tag-france","14":"tag-montpellier","15":"tag-news","16":"tag-occitanie","17":"tag-republique-francaise"},"share_on_mastodon":{"url":"https:\/\/pubeurope.com\/@fr\/115099026313032409","error":""},"_links":{"self":[{"href":"https:\/\/www.europesays.com\/fr\/wp-json\/wp\/v2\/posts\/346817","targetHints":{"allow":["GET"]}}],"collection":[{"href":"https:\/\/www.europesays.com\/fr\/wp-json\/wp\/v2\/posts"}],"about":[{"href":"https:\/\/www.europesays.com\/fr\/wp-json\/wp\/v2\/types\/post"}],"author":[{"embeddable":true,"href":"https:\/\/www.europesays.com\/fr\/wp-json\/wp\/v2\/users\/2"}],"replies":[{"embeddable":true,"href":"https:\/\/www.europesays.com\/fr\/wp-json\/wp\/v2\/comments?post=346817"}],"version-history":[{"count":0,"href":"https:\/\/www.europesays.com\/fr\/wp-json\/wp\/v2\/posts\/346817\/revisions"}],"wp:featuredmedia":[{"embeddable":true,"href":"https:\/\/www.europesays.com\/fr\/wp-json\/wp\/v2\/media\/346818"}],"wp:attachment":[{"href":"https:\/\/www.europesays.com\/fr\/wp-json\/wp\/v2\/media?parent=346817"}],"wp:term":[{"taxonomy":"category","embeddable":true,"href":"https:\/\/www.europesays.com\/fr\/wp-json\/wp\/v2\/categories?post=346817"},{"taxonomy":"post_tag","embeddable":true,"href":"https:\/\/www.europesays.com\/fr\/wp-json\/wp\/v2\/tags?post=346817"}],"curies":[{"name":"wp","href":"https:\/\/api.w.org\/{rel}","templated":true}]}}