{"id":346821,"date":"2025-08-27T05:16:40","date_gmt":"2025-08-27T05:16:40","guid":{"rendered":"https:\/\/www.europesays.com\/fr\/346821\/"},"modified":"2025-08-27T05:16:40","modified_gmt":"2025-08-27T05:16:40","slug":"lartiste-romain-froquet-annonce-sa-toute-nouvelle-exposition-connections-au-hangar-107-a-rouen","status":"publish","type":"post","link":"https:\/\/www.europesays.com\/fr\/346821\/","title":{"rendered":"L&rsquo;artiste Romain Froquet annonce sa toute nouvelle exposition \u00ab\u00a0Connections\u00a0\u00bb au Hangar 107 \u00e0 Rouen"},"content":{"rendered":"<p><strong>\u201cConnections\u201d est un projet artistique ambitieux con\u00e7u par l\u2019artiste fran\u00e7ais Romain Froquet, qui prend vie au c\u0153ur du d\u00e9sert de l\u2019ouest du Texas, pr\u00e8s de la ville embl\u00e9matique de Marfa. Ce projet de land art se pr\u00e9sente comme une s\u00e9rie d\u2019installations monumentales et \u00e9ph\u00e9m\u00e8res.<\/strong><\/p>\n<p>Artiste plasticien fran\u00e7ais, Romain Froquet d\u00e9veloppe ses travaux artistiques autour des flux, des liens et des mouvements en tra\u00e7ant des lignes courbes. Pour l\u2019artiste, le West Texas est un formidable terrain de recherches et d\u2019exp\u00e9rimentations.<\/p>\n<p>Au cours des dix derni\u00e8res ann\u00e9es, Romain Froquet a effectu\u00e9 plusieurs s\u00e9jours au Texas, o\u00f9 son travail est r\u00e9guli\u00e8rement pr\u00e9sent\u00e9 \u00e0 Houston par Yvonamor Palix, commissaire d\u2019exposition et galeriste. Cette ville, anim\u00e9e par une forte communaut\u00e9 artistique, a permis \u00e0 l\u2019artiste de s\u2019ouvrir \u00e0 d\u2019autres cultures, enrichissant ainsi sa cr\u00e9ativit\u00e9. Houston a \u00e9galement \u00e9t\u00e9 le berceau de son \u00e9volution artistique vers des \u0153uvres en volume, l\u2019incitant \u00e0 explorer de nouveaux m\u00e9diums et \u00e0 s\u2019affirmer en tant que plasticien apr\u00e8s 20 ans de carri\u00e8re.<\/p>\n<p><img loading=\"lazy\" decoding=\"async\" aria-describedby=\"caption-attachment-367228\" class=\"wp-image-367228 \" src=\"https:\/\/www.europesays.com\/fr\/wp-content\/uploads\/2025\/08\/Capture-decran-2025-08-25-a-11.25.30.png\" alt=\"Romain Froquet - Connections\" width=\"397\" height=\"403\"  \/><\/p>\n<p id=\"caption-attachment-367228\" class=\"wp-caption-text\">\u00a9 Romain Froquet \u2013 \u201cConnections\u201d<\/p>\n<p>En 2012, aux c\u00f4t\u00e9s de Karine Parker Lemoyne, il co-curate le projet Open The Door, qui r\u00e9unissait artistes fran\u00e7ais et texans dans un dialogue culturel unique. Lors de ses s\u00e9jours, il d\u00e9couvre \u00e9galement cette m\u00eame ann\u00e9e, l\u2019Ouest texan et la ville de Marfa, v\u00e9ritable curiosit\u00e9 en plein d\u00e9sert, qui \u00e9veille en lui l\u2019envie d\u2019y retourner.<\/p>\n<p>\u201cMes lignes cr\u00e9ent du lien et questionnent. Marfa est situ\u00e9 dans un territoire inhospitalier en plein milieu du d\u00e9sert et proche de la fronti\u00e8re avec le Mexique. Pourtant, c\u2019est une zone connect\u00e9e et visible du reste du monde. Des peuples am\u00e9rindiens ont v\u00e9cu sur ce territoire et non loin de cette zone frontali\u00e8re l\u2019art M\u00e9soam\u00e9rique \u00e9tait pr\u00e9sent. L\u2019\u00e9ph\u00e9m\u00e8re et l\u2019itin\u00e9rance, le respect de la nature \u00e9taient au c\u0153ur de ces cultures. Laisser une trace, marquer son passage, dessiner un territoire, l\u2019\u00e9tendre, le r\u00e9duire, c\u2019est une histoire propre \u00e0 l\u2019esp\u00e8ce humaine. Tracer des lignes et des chemins l\u00e0 o\u00f9 d\u2019autres sont d\u00e9j\u00e0 pass\u00e9s, c\u2019est un moyen de prendre part \u00e0 l\u2019histoire et d\u2019honorer leur m\u00e9moire.\u201d<\/p>\n<p><img loading=\"lazy\" decoding=\"async\" aria-describedby=\"caption-attachment-367229\" class=\"wp-image-367229 \" src=\"https:\/\/www.europesays.com\/fr\/wp-content\/uploads\/2025\/08\/Capture-decran-2025-08-25-a-11.26.36.png\" alt=\"Installation Connections, Terlingua Creek, novembre 2024\" width=\"450\" height=\"338\"  \/><\/p>\n<p id=\"caption-attachment-367229\" class=\"wp-caption-text\">Installation \u201cConnections\u201d, Terlingua Creek, novembre 2024 \u2013 \u00a9 Romain Froquet<\/p>\n<p><img loading=\"lazy\" decoding=\"async\" aria-describedby=\"caption-attachment-367231\" class=\"wp-image-367231 \" src=\"https:\/\/www.europesays.com\/fr\/wp-content\/uploads\/2025\/08\/Capture-decran-2025-08-25-a-11.25.52.png\" alt=\"Recherches graphiques Connection - Romain Froquet\" width=\"450\" height=\"289\"  \/><\/p>\n<p id=\"caption-attachment-367231\" class=\"wp-caption-text\">Recherches graphiques \u201cConnections\u201d \u2013 \u00a9 Romain Froquet<\/p>\n<p>La ville de Marfa, situ\u00e9e dans cette r\u00e9gion, est particuli\u00e8rement renomm\u00e9e pour sa sc\u00e8ne artistique florissante et son atmosph\u00e8re mystique. Fond\u00e9e \u00e0 la fin du XIXe si\u00e8cle comme une ville de garnison et de chemin de fer, Marfa a progressivement \u00e9volu\u00e9 pour devenir un centre culturel de renomm\u00e9e internationale. L\u2019artiste Donald Judd s\u2019y est install\u00e9 dans les ann\u00e9es 1970 et a transform\u00e9 d\u2019anciens b\u00e2timents militaires en espaces d\u2019exposition pour l\u2019art minimaliste, ce qui a contribu\u00e9 \u00e0 faire de Marfa une destination pour les amateurs d\u2019art contemporain.<\/p>\n<p>Aujourd\u2019hui, Marfa attire des artistes, des cin\u00e9astes, et des touristes du monde entier. Malgr\u00e9 sa petite taille et son isolement, la ville est devenue un symbole de la rencontre entre l\u2019art et la nature, offrant un cadre unique pour des projets artistiques comme \u00abConnections\u00bb de Romain Froquet.<\/p>\n<p><img loading=\"lazy\" decoding=\"async\" aria-describedby=\"caption-attachment-367232\" class=\"wp-image-367232 \" src=\"https:\/\/www.europesays.com\/fr\/wp-content\/uploads\/2025\/08\/Capture-decran-2025-08-25-a-11.27.16.png\" alt=\"Oeuvre \u00abGesture\u00bb, r\u00e9alis\u00e9e en atelierInspir\u00e9e des couleurs du West Texas\" width=\"340\" height=\"482\"  \/><\/p>\n<p id=\"caption-attachment-367232\" class=\"wp-caption-text\">\u201cGesture\u201d, r\u00e9alis\u00e9e en atelier, inspir\u00e9e des couleurs du West Texas \u2013 \u00a9 Romain Froquet<\/p>\n<p><strong>Le documentaire Connections, un film de Thomas Granovsky.<\/strong><\/p>\n<p>Dans le d\u00e9sert aride et majestueux de l\u2019ouest du Texas, au c\u0153ur du d\u00e9sert de Chihuahuan, Romain Froquet, artiste plasticien, se confronte \u00e0 la puissance brute de la nature pour donner vie \u00e0 Connections.<\/p>\n<p>Ce documentaire immersif, r\u00e9alis\u00e9 par Thomas Granovsky, capture les sept jours d\u2019effort intense et de m\u00e9ditation silencieuse n\u00e9cessaires \u00e0 la cr\u00e9ation de cette installation \u00e9ph\u00e9m\u00e8re dans le lit ass\u00e9ch\u00e9 de Terlingua Creek, une rivi\u00e8re intermittente qui serpente jusqu\u2019au Rio Grande, formant la fronti\u00e8re entre les \u00c9tats-Unis et le Mexique.<\/p>\n<p>Sous un soleil implacable, Romain manipule les \u00e9l\u00e9ments naturels : bois mort, pierres et poussi\u00e8re. Arm\u00e9 d\u2019outils rudimentaires, il trace, creuse et ratisse dans une terre parfois s\u00e8che et r\u00e9sistante. \u00c0 travers la marche infinie et la danse subtile des pieds qui tra\u00eenent pour dessiner des lignes invisibles, l\u2019artiste tisse un r\u00e9seau symbolique de connexions entre l\u2019homme et la nature, le pass\u00e9 et le pr\u00e9sent, l\u2019art et le paysage.<\/p>\n<p>Le film souligne l\u2019importance du lien, du trac\u00e9 et de la marche comme acte fondateur. Une ode visuelle au dialogue entre l\u2019\u00e9ph\u00e9m\u00e8re et l\u2019\u00e9ternel, un hymne \u00e0 l\u2019effort humain pour se reconnecter \u00e0 l\u2019essentiel.<\/p>\n<p>Le projet Connections met en lumi\u00e8re les traces invisibles laiss\u00e9es par la nature et l\u2019homme, tout en invitant \u00e0 une r\u00e9flexion sur la mani\u00e8re dont nous interagissons avec notre environnement. Il questionne la notion d\u2019impermanence et le rapport entre art et paysage. Ce projet s\u2019inscrit dans une d\u00e9marche artistique contemporaine qui allie recherche plastique, engagement \u00e9cologique et exp\u00e9rimentation immersive, proposant une \u0153uvre \u00e0 la fois visuelle, sensorielle et philosophique, destin\u00e9e \u00e0 interroger la m\u00e9moire des lieux et notre propre perception du monde.<\/p>\n<p>[Source : communiqu\u00e9 de presse]<\/p>\n","protected":false},"excerpt":{"rendered":"\u201cConnections\u201d est un projet artistique ambitieux con\u00e7u par l\u2019artiste fran\u00e7ais Romain Froquet, qui prend vie au c\u0153ur du&hellip;\n","protected":false},"author":2,"featured_media":346822,"comment_status":"","ping_status":"","sticky":false,"template":"","format":"standard","meta":{"footnotes":""},"categories":[9587],"tags":[1111,11,3734,48291,1777,674,3293,1011,27,8093,12,5161,25,9590],"class_list":{"0":"post-346821","1":"post","2":"type-post","3":"status-publish","4":"format-standard","5":"has-post-thumbnail","7":"category-rouen","8":"tag-actu","9":"tag-actualites","10":"tag-art","11":"tag-art-urbain","12":"tag-eu","13":"tag-europe","14":"tag-exposition","15":"tag-fr","16":"tag-france","17":"tag-installation","18":"tag-news","19":"tag-normandie","20":"tag-republique-francaise","21":"tag-rouen"},"share_on_mastodon":{"url":"https:\/\/pubeurope.com\/@fr\/115099034647729773","error":""},"_links":{"self":[{"href":"https:\/\/www.europesays.com\/fr\/wp-json\/wp\/v2\/posts\/346821","targetHints":{"allow":["GET"]}}],"collection":[{"href":"https:\/\/www.europesays.com\/fr\/wp-json\/wp\/v2\/posts"}],"about":[{"href":"https:\/\/www.europesays.com\/fr\/wp-json\/wp\/v2\/types\/post"}],"author":[{"embeddable":true,"href":"https:\/\/www.europesays.com\/fr\/wp-json\/wp\/v2\/users\/2"}],"replies":[{"embeddable":true,"href":"https:\/\/www.europesays.com\/fr\/wp-json\/wp\/v2\/comments?post=346821"}],"version-history":[{"count":0,"href":"https:\/\/www.europesays.com\/fr\/wp-json\/wp\/v2\/posts\/346821\/revisions"}],"wp:featuredmedia":[{"embeddable":true,"href":"https:\/\/www.europesays.com\/fr\/wp-json\/wp\/v2\/media\/346822"}],"wp:attachment":[{"href":"https:\/\/www.europesays.com\/fr\/wp-json\/wp\/v2\/media?parent=346821"}],"wp:term":[{"taxonomy":"category","embeddable":true,"href":"https:\/\/www.europesays.com\/fr\/wp-json\/wp\/v2\/categories?post=346821"},{"taxonomy":"post_tag","embeddable":true,"href":"https:\/\/www.europesays.com\/fr\/wp-json\/wp\/v2\/tags?post=346821"}],"curies":[{"name":"wp","href":"https:\/\/api.w.org\/{rel}","templated":true}]}}