{"id":346823,"date":"2025-08-27T05:17:43","date_gmt":"2025-08-27T05:17:43","guid":{"rendered":"https:\/\/www.europesays.com\/fr\/346823\/"},"modified":"2025-08-27T05:17:43","modified_gmt":"2025-08-27T05:17:43","slug":"deux-femmes-transportees-au-chu-de-rouen","status":"publish","type":"post","link":"https:\/\/www.europesays.com\/fr\/346823\/","title":{"rendered":"deux femmes transport\u00e9es au CHU de Rouen"},"content":{"rendered":"<p>\t\t\t\t <img decoding=\"async\" class=\"responsive\" style=\"display:none\" src=\"https:\/\/www.europesays.com\/fr\/wp-content\/uploads\/2025\/08\/90712500-63918088.jpg\" alt=\"Les femmes, bless\u00e9es, ont \u00e9t\u00e9 \u00e9vacu\u00e9es vers les urgences du CHU de Rouen - Illustration Adobe Stock\" title=\"Les femmes, bless\u00e9es, ont \u00e9t\u00e9 \u00e9vacu\u00e9es vers les urgences du CHU de Rouen - Illustration Adobe Stock\" \/><br \/>\n<img decoding=\"async\" class=\"not-responsive\" src=\"https:\/\/www.europesays.com\/fr\/wp-content\/uploads\/2025\/08\/1756271863_133_90712500-63918088.jpg\" alt=\"Les femmes, bless\u00e9es, ont \u00e9t\u00e9 \u00e9vacu\u00e9es vers les urgences du CHU de Rouen - Illustration Adobe Stock\" title=\"Les femmes, bless\u00e9es, ont \u00e9t\u00e9 \u00e9vacu\u00e9es vers les urgences du CHU de Rouen - Illustration Adobe Stock\" width=\"778\" \/><\/p>\n<p>\n\t\t\t\t\t Les femmes, bless\u00e9es, ont \u00e9t\u00e9 \u00e9vacu\u00e9es vers les urgences du CHU de Rouen &#8211; Illustration Adobe Stock\n\t\t\t\t <\/p>\n<p>\n\t\t\t\t\t Un accident de la circulation s\u2019est produit ce mardi 26 ao\u00fbt, peu avant 12h30, sur la route de Barentin \u00e0 Saint-Pierre-de-Varengeville (Seine-Maritime). Deux v\u00e9hicules l\u00e9gers sont entr\u00e9s en collision, impliquant trois personnes.\n\t\t\t\t <\/p>\n","protected":false},"excerpt":{"rendered":"Les femmes, bless\u00e9es, ont \u00e9t\u00e9 \u00e9vacu\u00e9es vers les urgences du CHU de Rouen &#8211; Illustration Adobe Stock Un&hellip;\n","protected":false},"author":2,"featured_media":346824,"comment_status":"","ping_status":"","sticky":false,"template":"","format":"standard","meta":{"footnotes":""},"categories":[9587],"tags":[1111,11,1777,674,1011,27,1934,12,5161,25,9590,5163],"class_list":{"0":"post-346823","1":"post","2":"type-post","3":"status-publish","4":"format-standard","5":"has-post-thumbnail","7":"category-rouen","8":"tag-actu","9":"tag-actualites","10":"tag-eu","11":"tag-europe","12":"tag-fr","13":"tag-france","14":"tag-infos-locales","15":"tag-news","16":"tag-normandie","17":"tag-republique-francaise","18":"tag-rouen","19":"tag-seine-maritime"},"share_on_mastodon":{"url":"https:\/\/pubeurope.com\/@fr\/115099038218640165","error":""},"_links":{"self":[{"href":"https:\/\/www.europesays.com\/fr\/wp-json\/wp\/v2\/posts\/346823","targetHints":{"allow":["GET"]}}],"collection":[{"href":"https:\/\/www.europesays.com\/fr\/wp-json\/wp\/v2\/posts"}],"about":[{"href":"https:\/\/www.europesays.com\/fr\/wp-json\/wp\/v2\/types\/post"}],"author":[{"embeddable":true,"href":"https:\/\/www.europesays.com\/fr\/wp-json\/wp\/v2\/users\/2"}],"replies":[{"embeddable":true,"href":"https:\/\/www.europesays.com\/fr\/wp-json\/wp\/v2\/comments?post=346823"}],"version-history":[{"count":0,"href":"https:\/\/www.europesays.com\/fr\/wp-json\/wp\/v2\/posts\/346823\/revisions"}],"wp:featuredmedia":[{"embeddable":true,"href":"https:\/\/www.europesays.com\/fr\/wp-json\/wp\/v2\/media\/346824"}],"wp:attachment":[{"href":"https:\/\/www.europesays.com\/fr\/wp-json\/wp\/v2\/media?parent=346823"}],"wp:term":[{"taxonomy":"category","embeddable":true,"href":"https:\/\/www.europesays.com\/fr\/wp-json\/wp\/v2\/categories?post=346823"},{"taxonomy":"post_tag","embeddable":true,"href":"https:\/\/www.europesays.com\/fr\/wp-json\/wp\/v2\/tags?post=346823"}],"curies":[{"name":"wp","href":"https:\/\/api.w.org\/{rel}","templated":true}]}}