{"id":346825,"date":"2025-08-27T05:18:44","date_gmt":"2025-08-27T05:18:44","guid":{"rendered":"https:\/\/www.europesays.com\/fr\/346825\/"},"modified":"2025-08-27T05:18:44","modified_gmt":"2025-08-27T05:18:44","slug":"metropole-de-grenoble-atteinte-de-troubles-psychiatriques-elle-aurait-tente-de-mettre-le-feu-a-son-appartement","status":"publish","type":"post","link":"https:\/\/www.europesays.com\/fr\/346825\/","title":{"rendered":"M\u00e9tropole de Grenoble. Atteinte de troubles psychiatriques, elle aurait tent\u00e9 de mettre le feu \u00e0 son appartement"},"content":{"rendered":"<p>Un incendie s\u2019est d\u00e9clar\u00e9 dans un appartement, dimanche 24\u00a0ao\u00fbt, vers 18h, au 30 bis\u00a0rue de la Lib\u00e9ration, \u00e0 Gi\u00e8res.<\/p>\n<p>Ce contenu est bloqu\u00e9 car vous n&rsquo;avez pas accept\u00e9 les cookies et autres traceurs.<\/p>\n<p>En cliquant sur \u00ab J\u2019accepte \u00bb, les cookies et autres traceurs seront d\u00e9pos\u00e9s et vous pourrez visualiser les contenus  (<a href=\"\" class=\"consentModule_policy\" target=\"_blank\" title=\"Consulter la politique de protection des donn\u00e9es du fournisseur\">plus d&rsquo;informations<\/a>).<\/p>\n<p>En cliquant sur \u00ab J\u2019accepte tous les cookies \u00bb, vous autorisez des d\u00e9p\u00f4ts de cookies et autres traceurs pour le stockage de vos donn\u00e9es sur nos sites et applications \u00e0 des fins de personnalisation et de ciblage publicitaire.<\/p>\n<p class=\"consentModule_secondaryText\">Vous gardez la possibilit\u00e9 de retirer votre consentement \u00e0 tout moment en consultant notre <a href=\"https:\/\/www.ledauphine.com\/protection-des-donnees\" target=\"_blank\" title=\"Consulter notre politique de protection des donn\u00e9es\" rel=\"noopener\">politique de protection des donn\u00e9es<\/a>. <br \/>&#13;<br \/>\n            <a href=\"https:\/\/www.ledauphine.com\/faits-divers-justice\/2025\/08\/25\/javascript:Didomi.notice.show()\" class=\"consentModule_cmp\" target=\"_blank\" rel=\"noopener\">G\u00e9rer mes choix<\/a>&#13;\n        <\/p>\n<p>&#13;<br \/>\n                        J&rsquo;accepte&#13;<br \/>\n            J&rsquo;accepte tous les cookies&#13;\n        <\/p>\n<p>D\u2019apr\u00e8s les premiers \u00e9l\u00e9ments, le feu aurait d\u00e9marr\u00e9 dans l\u2019\u00e9vier de l\u2019appartement et c\u2019est la locataire, atteinte de troubles psychiatriques, qui serait \u00e0 l\u2019origine de ce d\u00e9part.<\/p>\n<p>Les sapeurs-pompiers ont \u00e9t\u00e9 requis sur place pour \u00e9teindre le feu qui a noirci l\u2019appartement, sans causer de d\u00e9g\u00e2ts aux autres habitations.<\/p>\n<p>La femme a \u00e9t\u00e9 transport\u00e9e aux urgences psychiatriques du CHU.<\/p>\n","protected":false},"excerpt":{"rendered":"Un incendie s\u2019est d\u00e9clar\u00e9 dans un appartement, dimanche 24\u00a0ao\u00fbt, vers 18h, au 30 bis\u00a0rue de la Lib\u00e9ration, \u00e0&hellip;\n","protected":false},"author":2,"featured_media":346826,"comment_status":"","ping_status":"","sticky":false,"template":"","format":"standard","meta":{"footnotes":""},"categories":[9566],"tags":[1111,11,2430,112,1777,674,274,107,1011,27,12505,2731,1310,108,7000,12,25],"class_list":{"0":"post-346825","1":"post","2":"type-post","3":"status-publish","4":"format-standard","5":"has-post-thumbnail","7":"category-grenoble","8":"tag-actu","9":"tag-actualites","10":"tag-auvergne-rhone-alpes","11":"tag-edition-grenoble-agglomeration","12":"tag-eu","13":"tag-europe","14":"tag-faits-divers-justice","15":"tag-fil-info","16":"tag-fr","17":"tag-france","18":"tag-gieres","19":"tag-grenoble","20":"tag-incendie","21":"tag-isere","22":"tag-lagglomeration","23":"tag-news","24":"tag-republique-francaise"},"share_on_mastodon":{"url":"https:\/\/pubeurope.com\/@fr\/115099042107953317","error":""},"_links":{"self":[{"href":"https:\/\/www.europesays.com\/fr\/wp-json\/wp\/v2\/posts\/346825","targetHints":{"allow":["GET"]}}],"collection":[{"href":"https:\/\/www.europesays.com\/fr\/wp-json\/wp\/v2\/posts"}],"about":[{"href":"https:\/\/www.europesays.com\/fr\/wp-json\/wp\/v2\/types\/post"}],"author":[{"embeddable":true,"href":"https:\/\/www.europesays.com\/fr\/wp-json\/wp\/v2\/users\/2"}],"replies":[{"embeddable":true,"href":"https:\/\/www.europesays.com\/fr\/wp-json\/wp\/v2\/comments?post=346825"}],"version-history":[{"count":0,"href":"https:\/\/www.europesays.com\/fr\/wp-json\/wp\/v2\/posts\/346825\/revisions"}],"wp:featuredmedia":[{"embeddable":true,"href":"https:\/\/www.europesays.com\/fr\/wp-json\/wp\/v2\/media\/346826"}],"wp:attachment":[{"href":"https:\/\/www.europesays.com\/fr\/wp-json\/wp\/v2\/media?parent=346825"}],"wp:term":[{"taxonomy":"category","embeddable":true,"href":"https:\/\/www.europesays.com\/fr\/wp-json\/wp\/v2\/categories?post=346825"},{"taxonomy":"post_tag","embeddable":true,"href":"https:\/\/www.europesays.com\/fr\/wp-json\/wp\/v2\/tags?post=346825"}],"curies":[{"name":"wp","href":"https:\/\/api.w.org\/{rel}","templated":true}]}}