{"id":346827,"date":"2025-08-27T05:19:13","date_gmt":"2025-08-27T05:19:13","guid":{"rendered":"https:\/\/www.europesays.com\/fr\/346827\/"},"modified":"2025-08-27T05:19:13","modified_gmt":"2025-08-27T05:19:13","slug":"loick-roche-se-rallie-a-herve-gerbi","status":"publish","type":"post","link":"https:\/\/www.europesays.com\/fr\/346827\/","title":{"rendered":"Lo\u00efck Roche se rallie \u00e0 Herv\u00e9 Gerbi"},"content":{"rendered":"<p>\t\t\t\t\tEN BREF \u2013 L\u2019ancien direc\u00adteur de Grenoble \u00c9cole de mana\u00adge\u00adment Lo\u00efck Roche annonce son enga\u00adge\u00adment aux c\u00f4t\u00e9s du can\u00addi\u00addat Herv\u00e9 Gerbi dans la pers\u00adpec\u00adtive des \u00e9lec\u00adtions muni\u00adci\u00adpales de Grenoble en 2026. Une annonce qui ne fait visi\u00adble\u00adment pas les affaires des sou\u00adtiens d\u2019Alain Carignon, les\u00adquels affirment que Lo\u00efck Roche s\u2019\u00e9\u00adtait d\u2019a\u00adbord rap\u00adpro\u00adch\u00e9 de leur can\u00addi\u00addat pour deman\u00adder \u00e0 figu\u00adrer en bonne place sur sa\u00a0liste.<\/p>\n<p>Un ral\u00adlie\u00adment de poids\u00a0? Lo\u00efck Roche, ex-direc\u00adteur de Grenoble \u00c9cole de mana\u00adge\u00adment, annonce s\u2019en\u00adga\u00adger aux c\u00f4t\u00e9s du can\u00addi\u00addat Herv\u00e9 Gerbi dans la pers\u00adpec\u00adtive des \u00e9lec\u00adtions muni\u00adci\u00adpales de Grenoble 2026. Celui qui avait quitt\u00e9 ses fonc\u00adtions de direc\u00adteur de Gem \u00ab\u00a0d\u2019un com\u00admun accord\u00a0\u00bb en 2022 vante ainsi, dans une d\u00e9cla\u00adra\u00adtion <a href=\"https:\/\/www.facebook.com\/story.php?story_fbid=10235889405628064&amp;id=1008827948&amp;mibextid=wwXIfr&amp;rdid=f36HqM7NvB0KG6BO\" target=\"_blank\" rel=\"noopener nofollow\">en date du mardi 26 ao\u00fbt 2025<\/a>, les qua\u00adli\u00adt\u00e9s d\u2019un can\u00addi\u00addat \u00ab\u00a0qui per\u00admet\u00adtra enfin l\u2019alternance poli\u00adtique dont Grenoble a besoin\u00a0\u00bb.<\/p>\n<p><a href=\"https:\/\/www.europesays.com\/fr\/wp-content\/uploads\/2025\/08\/Herve-Gerbi-mai-2025-FM-1-scaled.jpg\" target=\"_blank\" rel=\"noopener\"><img fetchpriority=\"high\" decoding=\"async\" aria-describedby=\"caption-attachment-652443\" class=\"wp-image-652443 size-full\" src=\"data:image\/svg+xml,%3Csvg%20xmlns=\" http:=\"\" alt=\"Herv\u00e9 Gerbi, candidat aux municipales de Grenoble 2026. \u00a9 Florent Mathieu - Place Gre'net\" width=\"2048\" height=\"1532\" data-lazy- data-lazy- data-lazy-src=\"https:\/\/www.europesays.com\/fr\/wp-content\/uploads\/2025\/08\/Herve-Gerbi-mai-2025-FM-1-scaled.jpg\"\/><\/a><\/p>\n<p id=\"caption-attachment-652443\" class=\"wp-caption-text\">Herv\u00e9 Gerbi, can\u00addi\u00addat aux muni\u00adci\u00adpales de Grenoble 2026. \u00a9 Florent Mathieu \u2013 Place Gre\u2019net<\/p>\n<p>\u00ab\u00a0Humaniste, reconnu pour son par\u00adcours d\u2019avocat et res\u00adpect\u00e9 pour sa d\u00e9ter\u00admi\u00adna\u00adtion, Herv\u00e9 Gerbi incarne la volont\u00e9 de b\u00e2tir, dans un esprit d\u2019ouverture, un pro\u00adjet col\u00adlec\u00adtif fond\u00e9 sur la jus\u00adtice, la soli\u00adda\u00adrit\u00e9 et la res\u00adpon\u00adsa\u00adbi\u00adlit\u00e9\u00a0\u00bb, d\u00e9clare Lo\u00efck Roche. Et ce der\u00adnier de d\u00e9crire une \u00ab\u00a0ambi\u00adtion par\u00adta\u00adg\u00e9e\u00a0\u00bb\u00a0: celle de \u00ab\u00a0b\u00e2tir une ville qui anti\u00adcipe l\u2019avenir, une ville de soli\u00adda\u00adrit\u00e9, d\u2019\u00e9cologie et de savoir\u00a0\u00bb, autant qu\u2019une \u00ab\u00a0ville qui pro\u00adt\u00e8ge, qui cr\u00e9e et qui ne d\u00e9tourne jamais le regard face \u00e0 la d\u00e9tresse des autres\u00a0\u00bb.<\/p>\n<p>Herv\u00e9 Gerbi salue l\u2019en\u00adga\u00adge\u00adment de Lo\u00efck Roche \u00e0 ses\u00a0c\u00f4t\u00e9s<\/p>\n<p>\u00ab\u00a0Je remer\u00adcie Lo\u00efck Roche pour la confiance qu\u2019il m\u2019accorde en choi\u00adsis\u00adsant de s\u2019engager \u00e0 mes c\u00f4t\u00e9s. Cette confiance ren\u00adforce ma d\u00e9ter\u00admi\u00adna\u00adtion \u00e0 ras\u00adsem\u00adbler lar\u00adge\u00adment pour offrir \u00e0 Grenoble l\u2019alternance poli\u00adtique qu\u2019elle attend\u00a0\u00bb, a r\u00e9agi Herv\u00e9 Gerbi \u00e0 la suite de cette annonce. Pour le can\u00addi\u00addat, la \u00ab\u00a0trans\u00adfor\u00adma\u00adtion poli\u00adtique \u00e0 Grenoble est enga\u00adg\u00e9e\u00a0\u00bb et \u00ab\u00a0se construira par l\u2019union, par l\u2019exigence et par la clart\u00e9 d\u2019un pro\u00adjet qui repla\u00adcera l\u2019int\u00e9r\u00eat g\u00e9n\u00e9\u00adral et le bien com\u00admun au centre de l\u2019action publique\u00a0\u00bb.<\/p>\n<p><a href=\"https:\/\/www.europesays.com\/fr\/wp-content\/uploads\/2025\/08\/Chaire-Gem-Energy-For-Society-FM-4.jpg\" target=\"_blank\" rel=\"noopener\"><img loading=\"lazy\" decoding=\"async\" aria-describedby=\"caption-attachment-270679\" class=\"wp-image-270679 size-full\" src=\"data:image\/svg+xml,%3Csvg%20xmlns=\" http:=\"\" alt=\"Lo\u00efck Roche, alors pr\u00e9sident de Grenoble \u00c9cole de management, lors de la pr\u00e9sentation de la Chaire Energy For Society. \u00a9 Florent Mathieu - Place Gre'net\" width=\"1000\" height=\"690\" data-lazy- data-lazy- data-lazy-src=\"https:\/\/www.europesays.com\/fr\/wp-content\/uploads\/2025\/08\/Chaire-Gem-Energy-For-Society-FM-4.jpg\"\/><\/a><\/p>\n<p id=\"caption-attachment-270679\" class=\"wp-caption-text\">Lo\u00efck Roche, alors pr\u00e9\u00adsident de Grenoble \u00c9cole de mana\u00adge\u00adment, lors de la pr\u00e9\u00adsen\u00adta\u00adtion de la Chaire Energy For Society. \u00a9 Florent Mathieu \u2013 Place Gre\u2019net<\/p>\n<p>Candidat aux <a href=\"https:\/\/www.placegrenet.fr\/2024\/11\/06\/legislative-partielle-en-isere-lavocat-grenoblois-herve-gerbi-presente-sa-candidature-en-sinscrivant-dans-le-bloc-central\/639782\" target=\"_blank\" rel=\"noopener nofollow\">\u00e9lec\u00adtions l\u00e9gis\u00adla\u00adtives par\u00adtielles<\/a> sur la pre\u00admi\u00e8re cir\u00adcons\u00adcrip\u00adtion de l\u2019Is\u00e8re, l\u2019a\u00advo\u00adcat gre\u00adno\u00adblois Herv\u00e9 Gerbi a \u00e9t\u00e9 le pre\u00admier \u00e0 <a href=\"https:\/\/www.placegrenet.fr\/2025\/05\/20\/convaincre-plutot-que-vaincre-herve-gerbi-candidat-aux-municipales-de-grenoble-contre-le-chaos-urbain\/652761\" target=\"_blank\" rel=\"noopener nofollow\">offi\u00adcia\u00adli\u00adser sa can\u00addi\u00adda\u00adture<\/a> aux \u00e9lec\u00adtions muni\u00adci\u00adpales de Grenoble. Une can\u00addi\u00adda\u00adture mar\u00adqu\u00e9e au centre et qui lui a valu d\u2019\u00eatre d\u00e9si\u00adgn\u00e9 chef de file du mou\u00adve\u00adment Horizons dans la pers\u00adpec\u00adtive des municipales.<\/p>\n<p>Herb\u00e9 Gerbi avait d\u2019ailleurs tou\u00adjours reven\u00addi\u00adqu\u00e9 sa proxi\u00admit\u00e9 poli\u00adtique avec le mou\u00adve\u00adment fond\u00e9 par \u00c9douard Philippe, quand bien m\u00eame celui-ci avait sou\u00adtenu Camille Galliard-Minier lors des l\u00e9gislatives.<\/p>\n<p>Le tacle du camp Carignon contre l\u2019an\u00adcien direc\u00adteur de\u00a0Gem<\/p>\n<p>L\u2019annonce de l\u2019en\u00adga\u00adge\u00adment de Lo\u00efck Roche aux c\u00f4t\u00e9s d\u2019Herv\u00e9 Gerbi agace clai\u00adre\u00adment du c\u00f4t\u00e9 d\u2019Alain Carignon, autre can\u00addi\u00addat d\u00e9clar\u00e9 aux muni\u00adci\u00adpales. Thierry Aldeguer, au nom du col\u00adlec\u00adtif pro-Carignon R\u00e9concilier Grenoble, a ainsi r\u00e9agi par voie de com\u00admu\u00adni\u00adqu\u00e9 en d\u00e9non\u00ad\u00e7ant \u00ab\u00a0les ambi\u00adtions et les aven\u00adtures indi\u00advi\u00adduelles\u00a0\u00bb. Il y affirme notam\u00adment que l\u2019an\u00adcien direc\u00adteur de Gem s\u2019\u00e9\u00adtait rap\u00adpro\u00adch\u00e9 d\u2019Alain Carignon pour \u00ab\u00a0deman\u00adder la sep\u00adti\u00e8me place sur sa liste\u00a0\u00bb, avant d\u2019es\u00adsuyer un\u00a0refus.<\/p>\n<p><a href=\"https:\/\/www.europesays.com\/fr\/wp-content\/uploads\/2025\/08\/RecoursDeliberationBurkiniPiscinesCreditJoelKermabon-2.jpg\" target=\"_blank\" rel=\"noopener\"><img loading=\"lazy\" decoding=\"async\" aria-describedby=\"caption-attachment-568941\" class=\"wp-image-568941 size-full\" src=\"data:image\/svg+xml,%3Csvg%20xmlns=\" http:=\"\" alt=\"L'avocat Thierry Aldeguer tacle l'ancien directeur de Grenoble \u00c9cole de management au nom du collectif pro-Carignon R\u00e9concilier Grenoble. \u00a9 Jo\u00ebl Kermabon - Place Gre'net\" width=\"1000\" height=\"750\" data-lazy- data-lazy- data-lazy-src=\"https:\/\/www.europesays.com\/fr\/wp-content\/uploads\/2025\/08\/RecoursDeliberationBurkiniPiscinesCreditJoelKermabon-2.jpg\"\/><\/a><\/p>\n<p id=\"caption-attachment-568941\" class=\"wp-caption-text\">L\u2019avocat Thierry Aldeguer tacle l\u2019an\u00adcien direc\u00adteur de Grenoble \u00c9cole de mana\u00adge\u00adment au nom du col\u00adlec\u00adtif pro-Carignon R\u00e9concilier Grenoble. \u00a9 Jo\u00ebl Kermabon \u2013 Place Gre\u2019net<\/p>\n<p>Une affir\u00adma\u00adtion \u00e0 laquelle a r\u00e9pondu Lo\u00efck Roche. \u00ab\u00a0J\u2019ai sou\u00adhait\u00e9, avant de m\u2019engager, ren\u00adcon\u00adtrer, \u00e9chan\u00adger, par\u00adta\u00adger avec l\u2019ensemble des can\u00addi\u00addates et can\u00addi\u00addats \u2013 d\u00e9cla\u00adr\u00e9s ou sus\u00adcep\u00adtibles de se d\u00e9cla\u00adrer \u2013 avant de d\u00e9ci\u00adder de fa\u00e7on \u00e9clai\u00adr\u00e9e\u00a0\u00bb, d\u00e9clare-t-il ainsi.<\/p>\n<p>Ce avant de faire valoir son \u00ab\u00a0enga\u00adge\u00adment sans faille pour un pro\u00adjet, et non pour une place\u00a0\u00bb, aux c\u00f4t\u00e9s d\u2019Herb\u00e9 Gerbi. Et de conclure\u00a0: \u00ab\u00a0Que per\u00adsonne ne compte sur moi pour pol\u00e9\u00admi\u00adquer. Les Grenobloises et les Grenoblois m\u00e9ritent une cam\u00adpagne \u00e0 la hau\u00adteur des mon\u00adtagnes qui nous entourent\u00a0\u00bb.<\/p>\n","protected":false},"excerpt":{"rendered":"EN BREF \u2013 L\u2019ancien direc\u00adteur de Grenoble \u00c9cole de mana\u00adge\u00adment Lo\u00efck Roche annonce son enga\u00adge\u00adment aux c\u00f4t\u00e9s du&hellip;\n","protected":false},"author":2,"featured_media":346828,"comment_status":"","ping_status":"","sticky":false,"template":"","format":"standard","meta":{"footnotes":""},"categories":[9566],"tags":[1111,11,2430,1777,674,1011,27,2731,12,25],"class_list":{"0":"post-346827","1":"post","2":"type-post","3":"status-publish","4":"format-standard","5":"has-post-thumbnail","7":"category-grenoble","8":"tag-actu","9":"tag-actualites","10":"tag-auvergne-rhone-alpes","11":"tag-eu","12":"tag-europe","13":"tag-fr","14":"tag-france","15":"tag-grenoble","16":"tag-news","17":"tag-republique-francaise"},"share_on_mastodon":{"url":"https:\/\/pubeurope.com\/@fr\/115099045986827857","error":""},"_links":{"self":[{"href":"https:\/\/www.europesays.com\/fr\/wp-json\/wp\/v2\/posts\/346827","targetHints":{"allow":["GET"]}}],"collection":[{"href":"https:\/\/www.europesays.com\/fr\/wp-json\/wp\/v2\/posts"}],"about":[{"href":"https:\/\/www.europesays.com\/fr\/wp-json\/wp\/v2\/types\/post"}],"author":[{"embeddable":true,"href":"https:\/\/www.europesays.com\/fr\/wp-json\/wp\/v2\/users\/2"}],"replies":[{"embeddable":true,"href":"https:\/\/www.europesays.com\/fr\/wp-json\/wp\/v2\/comments?post=346827"}],"version-history":[{"count":0,"href":"https:\/\/www.europesays.com\/fr\/wp-json\/wp\/v2\/posts\/346827\/revisions"}],"wp:featuredmedia":[{"embeddable":true,"href":"https:\/\/www.europesays.com\/fr\/wp-json\/wp\/v2\/media\/346828"}],"wp:attachment":[{"href":"https:\/\/www.europesays.com\/fr\/wp-json\/wp\/v2\/media?parent=346827"}],"wp:term":[{"taxonomy":"category","embeddable":true,"href":"https:\/\/www.europesays.com\/fr\/wp-json\/wp\/v2\/categories?post=346827"},{"taxonomy":"post_tag","embeddable":true,"href":"https:\/\/www.europesays.com\/fr\/wp-json\/wp\/v2\/tags?post=346827"}],"curies":[{"name":"wp","href":"https:\/\/api.w.org\/{rel}","templated":true}]}}