{"id":346829,"date":"2025-08-27T05:20:15","date_gmt":"2025-08-27T05:20:15","guid":{"rendered":"https:\/\/www.europesays.com\/fr\/346829\/"},"modified":"2025-08-27T05:20:15","modified_gmt":"2025-08-27T05:20:15","slug":"jai-deja-des-centaines-de-pages-pretes-cedric-villani-nouveau-professeur-de-prestige-a-luniversite-de-rennes","status":"publish","type":"post","link":"https:\/\/www.europesays.com\/fr\/346829\/","title":{"rendered":"\u00ab\u00a0J\u2019ai d\u00e9j\u00e0 des centaines de pages pr\u00eates\u00a0\u00bb\u00a0: C\u00e9dric Villani, nouveau professeur de prestige \u00e0 l\u2019Universit\u00e9 de Rennes"},"content":{"rendered":"<p>\u00c0 partir de septembre, vous enseignerez \u00e0 l\u2019universit\u00e9 de Rennes. Comment s\u2019est pass\u00e9 votre recrutement ?<\/p>\n<p>Tr\u00e8s simplement. D\u2019une part, je suis rattach\u00e9 principalement, depuis le d\u00e9but de ma carri\u00e8re, \u00e0 l\u2019universit\u00e9 de Lyon. Et encore aujourd\u2019hui, c\u2019est mon universit\u00e9 de rattachement. Mais, comme \u00e0 titre personnel, pour des raisons familiales et culturelles, je me suis install\u00e9 dans la campagne morbihannaise, il \u00e9tait naturel de r\u00e9aliser une partie de mes enseignements dans une universit\u00e9 de la r\u00e9gion. Et la qualit\u00e9 de Rennes est au sommet en mati\u00e8re de math\u00e9matiques. J\u2019y ai des coll\u00e8gues nombreux et excellents. Je pourrai m\u2019y \u00e9panouir. Je ferai la moiti\u00e9 de mes heures \u00e0 Rennes et l\u2019autre \u00e0 Lyon.<\/p>\n<p>L\u2019universit\u00e9 de Rennes est au sommet, dites-vous\u2026 Pourquoi ?<\/p>\n<p>Elle est extr\u00eamement solide et a su attirer des enseignements de haut niveau, des cours et des chercheurs qui ont fait une carri\u00e8re internationale. Mon profil est plus visible avec la m\u00e9daille Fields mais je retrouverai \u00e0 Rennes des coll\u00e8gues avec qui on aura des \u00e9changes riches.<\/p>\n<p>Ferez-vous \u00e9galement faire de la recherche ici ?<\/p>\n<p>Je n\u2019ai jamais fait distinction entre cours et recherche. C\u2019est naturellement que les projets de recherche naissent lorsque l\u2019on donne cours. \u00c0 Rennes, je vais avoir l\u2019occasion de reprendre un cours au niveau master qui me tient \u00e0 c\u0153ur sur les th\u00e9ories de la mesure. J\u2019avais d\u00e9j\u00e0 commenc\u00e9 \u00e0 l\u2019enseigner \u00e0 Lyon il y a vingt ans. J\u2019ai d\u00e9j\u00e0 des centaines de pages pr\u00eates. Depuis longtemps, je me demandais quand je pourrai les retravailler et les transformer en ouvrage.<\/p>\n<p>Th\u00e9ories de la mesure\u2026 C\u2019est-\u00e0-dire ?<\/p>\n<p>Elles permettent de mesurer les quantit\u00e9s. Surface, longueur, volume\u2026 Cette th\u00e9orie, universellement enseign\u00e9e, a \u00e9t\u00e9 r\u00e9volutionn\u00e9e au d\u00e9but du XXe si\u00e8cle par Henri Lebesgue, l\u2019un des grands h\u00e9ros de la science fran\u00e7aise. Elle est un langage qui sert \u00e0 toutes les sciences. C\u2019est un des outils auxquels on se familiarise quand on est \u00e9tudiant, c\u2019est un cours obligatoire. Et au second semestre, j\u2019enseignerai la th\u00e9orie cin\u00e9tique des gaz, qui a \u00e9t\u00e9 l\u2019un des sujets les plus importants de ma carri\u00e8re et qui a fait objet de la m\u00e9daille Fields.<\/p>\n<p>Vous vivez aujourd\u2019hui en Bretagne. Qu\u2019est-ce qui vous a men\u00e9 chez nous ?<\/p>\n<p>Le fait est que je n\u2019avais pas d\u2019attaches au d\u00e9part ! Apr\u00e8s avoir v\u00e9cu en Corr\u00e8ze, \u00e0 Lyon, dans le Var ou encore \u00e0 Paris, j\u2019avais dans l\u2019id\u00e9e de changer et d\u2019explorer une nouvelle r\u00e9gion. La forte identit\u00e9 culturelle de la Bretagne et son tropisme sur les sujets agricoles, qui me passionnent depuis mon passage au Parlement, m\u2019ont convaincu. Et puis je serai au Forum \u00e9conomique breton, mais aussi \u00e0 la F\u00eate de l\u2019Humanit\u00e9 Bretagne \u00e0 Lanester, au forum de la bande dessin\u00e9e dans le Morbihan\u2026<\/p>\n<p>Vous comptez donc vous impliquer en Bretagne ? Voire revenir en politique ?<\/p>\n<p>Ce n\u2019est pas dans mes plans de m\u2019impliquer dans la vie politique. Aujourd\u2019hui, je pr\u00e9side la Fondation de l\u2019\u00e9cologie politique. Mieux vaut pour elle ne pas avoir de position partisane trop marqu\u00e9e. M\u00eame si tout le monde sait que je suis aujourd\u2019hui proche des \u00c9cologistes, puisque j\u2019\u00e9tais sur leur liste aux europ\u00e9ennes. Mais je ne recherche pas aujourd\u2019hui de fonction \u00e9lective.<\/p>\n","protected":false},"excerpt":{"rendered":"\u00c0 partir de septembre, vous enseignerez \u00e0 l\u2019universit\u00e9 de Rennes. Comment s\u2019est pass\u00e9 votre recrutement ? Tr\u00e8s simplement.&hellip;\n","protected":false},"author":2,"featured_media":346830,"comment_status":"","ping_status":"","sticky":false,"template":"","format":"standard","meta":{"footnotes":""},"categories":[2821],"tags":[1111,11,829,1777,674,1011,27,848,4555,12,584,25],"class_list":{"0":"post-346829","1":"post","2":"type-post","3":"status-publish","4":"format-standard","5":"has-post-thumbnail","7":"category-rennes","8":"tag-actu","9":"tag-actualites","10":"tag-bretagne","11":"tag-eu","12":"tag-europe","13":"tag-fr","14":"tag-france","15":"tag-ille-et-vilaine","16":"tag-local","17":"tag-news","18":"tag-rennes","19":"tag-republique-francaise"},"share_on_mastodon":{"url":"https:\/\/pubeurope.com\/@fr\/115099050033890132","error":""},"_links":{"self":[{"href":"https:\/\/www.europesays.com\/fr\/wp-json\/wp\/v2\/posts\/346829","targetHints":{"allow":["GET"]}}],"collection":[{"href":"https:\/\/www.europesays.com\/fr\/wp-json\/wp\/v2\/posts"}],"about":[{"href":"https:\/\/www.europesays.com\/fr\/wp-json\/wp\/v2\/types\/post"}],"author":[{"embeddable":true,"href":"https:\/\/www.europesays.com\/fr\/wp-json\/wp\/v2\/users\/2"}],"replies":[{"embeddable":true,"href":"https:\/\/www.europesays.com\/fr\/wp-json\/wp\/v2\/comments?post=346829"}],"version-history":[{"count":0,"href":"https:\/\/www.europesays.com\/fr\/wp-json\/wp\/v2\/posts\/346829\/revisions"}],"wp:featuredmedia":[{"embeddable":true,"href":"https:\/\/www.europesays.com\/fr\/wp-json\/wp\/v2\/media\/346830"}],"wp:attachment":[{"href":"https:\/\/www.europesays.com\/fr\/wp-json\/wp\/v2\/media?parent=346829"}],"wp:term":[{"taxonomy":"category","embeddable":true,"href":"https:\/\/www.europesays.com\/fr\/wp-json\/wp\/v2\/categories?post=346829"},{"taxonomy":"post_tag","embeddable":true,"href":"https:\/\/www.europesays.com\/fr\/wp-json\/wp\/v2\/tags?post=346829"}],"curies":[{"name":"wp","href":"https:\/\/api.w.org\/{rel}","templated":true}]}}