{"id":346833,"date":"2025-08-27T05:22:13","date_gmt":"2025-08-27T05:22:13","guid":{"rendered":"https:\/\/www.europesays.com\/fr\/346833\/"},"modified":"2025-08-27T05:22:13","modified_gmt":"2025-08-27T05:22:13","slug":"les-travaux-de-renovation-fissurent-une-fresque-un-appel-aux-dons-lance","status":"publish","type":"post","link":"https:\/\/www.europesays.com\/fr\/346833\/","title":{"rendered":"les travaux de r\u00e9novation fissurent une fresque, un appel aux dons lanc\u00e9"},"content":{"rendered":"<p>            Par<br \/>\n        <strong><br \/>\n            <a href=\"https:\/\/actu.fr\/auteur\/olivia-kouassi\" title=\"Consulter tous les articles de Olivia Kouassi\" target=\"_blank\" rel=\"noopener\">Olivia Kouassi<\/a><br \/>\n        <\/strong><\/p>\n<p>        Publi\u00e9 le<\/p>\n<p>            27 ao\u00fbt 2025 \u00e0 7h06        <\/p>\n<p>Apr\u00e8s plusieurs ann\u00e9es de travaux, le<strong> mus\u00e9e zoologique<\/strong> de <a href=\"https:\/\/actu.fr\/strasbourg\/\" target=\"_blank\" rel=\"noopener\">Strasbourg<\/a> rouvre ses portes <strong>le 19\u00a0septembre.<\/strong> Cette longue r\u00e9habilitation a engendr\u00e9<strong> une r\u00e9novation impr\u00e9vue<\/strong>\u2009: celle <strong>de la fresque murale situ\u00e9e dans l\u2019entr\u00e9e.<\/strong> Des<strong> frais avanc\u00e9s<\/strong> par la fondation de l\u2019Universit\u00e9 de Strasbourg (Unistra) et des H\u00f4pitaux universitaires (HUS) qui a lanc\u00e9 <a href=\"https:\/\/fondation.unistra.fr\/projet\/fresques-musee-zoologique\/\" target=\"_blank\" rel=\"noopener\">un appel aux dons<\/a>.<\/p>\n<p>Des fissures engendr\u00e9es par les travaux de r\u00e9novation<\/p>\n<p class=\" wall-content\">La r\u00e9fection de cette peinture murale compos\u00e9e de huit grands panneaux r\u00e9alis\u00e9s \u00e0 l\u2019huile sur pl\u00e2tre et \u00e9voquant les fonds marins et la jungle, situ\u00e9e \u00e0 l\u2019entr\u00e9e du mus\u00e9e, n\u2019\u00e9tait pas pr\u00e9vue dans le <strong>budget travaux qui s\u2019est \u00e9lev\u00e9 \u00e0\u00a0plus de 17\u00a0millions d\u2019euros.<\/strong><\/p>\n<p>    <img   decoding=\"async\" loading=\"lazy\" src=\"https:\/\/www.europesays.com\/fr\/wp-content\/uploads\/2025\/08\/mzoo-fresques-2016-12-960x640.jpg\" alt=\"Une partie de la fresque murale du mus\u00e9e zoologique de Strasbourg.\" width=\"960\" height=\"640\"\/><br \/>\n    Une partie de la fresque murale du mus\u00e9e zoologique de Strasbourg. (\u00a9Mus\u00e9e zoologique de la ville de Strasbourg)<\/p>\n<p class=\" wall-content\"><strong>Les six ann\u00e9es de r\u00e9novation ont entra\u00een\u00e9 des microfissures sur la fresque<\/strong> r\u00e9alis\u00e9e il y a plus de 130\u00a0ans par Georg Hacker. Elle n\u2019avait jamais \u00e9t\u00e9 restaur\u00e9e. \u00ab\u2009Il aurait \u00e9t\u00e9 impossible de la r\u00e9nover apr\u00e8s l\u2019ouverture du mus\u00e9e sans devoir \u00e0 nouveau fermer\u2009\u00bb, d\u00e9taille le directeur de la fondation Thomas Heckel.<\/p>\n<p>Plus de 50\u00a0millions d\u2019euros de dons<\/p>\n<p class=\" wall-content\"><strong>Le choix d\u2019avancer les frais<\/strong> a donc \u00e9t\u00e9 fait et<strong> la fresque a \u00e9t\u00e9 r\u00e9nov\u00e9e au courant du mois de juillet\u00a02025.<\/strong><\/p>\n<p class=\" wall-content\">La fondation, qui existe depuis 2009, a pour vocation de financer les projets d\u2019int\u00e9r\u00eat g\u00e9n\u00e9ral li\u00e9s \u00e0 l\u2019Unistra et aux HUS. <strong>Plus de 50\u00a0millions d\u2019euros de dons<\/strong> ont d\u00e9j\u00e0 \u00e9t\u00e9 collect\u00e9s depuis sa cr\u00e9ation.<\/p>\n<p class=\" wall-content\">Personnalisez votre actualit\u00e9 en ajoutant vos villes et m\u00e9dias en favori avec <a href=\"https:\/\/moncompte.actu.fr\" title=\"D\u00e9couvez Mon Actu\" rel=\"nofollow noopener\" data-trk=\"{&quot;cta&quot;:{&quot;action&quot;:&quot;https:\\\/\\\/moncompte.actu.fr&quot;,&quot;category&quot;:&quot;mon compte&quot;,&quot;from&quot;:&quot;article footer&quot;,&quot;name&quot;:&quot;Mon actu&quot;,&quot;type&quot;:&quot;cta&quot;}}\" target=\"_blank\">Mon Actu<\/a>.<\/p>\n","protected":false},"excerpt":{"rendered":"Par Olivia Kouassi Publi\u00e9 le 27 ao\u00fbt 2025 \u00e0 7h06 Apr\u00e8s plusieurs ann\u00e9es de travaux, le mus\u00e9e zoologique&hellip;\n","protected":false},"author":2,"featured_media":346834,"comment_status":"","ping_status":"","sticky":false,"template":"","format":"standard","meta":{"footnotes":""},"categories":[2820],"tags":[1111,11,1777,674,1011,27,775,12,25,104,640,30161],"class_list":{"0":"post-346833","1":"post","2":"type-post","3":"status-publish","4":"format-standard","5":"has-post-thumbnail","7":"category-strasbourg","8":"tag-actu","9":"tag-actualites","10":"tag-eu","11":"tag-europe","12":"tag-fr","13":"tag-france","14":"tag-grand-est","15":"tag-news","16":"tag-republique-francaise","17":"tag-societe","18":"tag-strasbourg","19":"tag-universite-de-strasbourg"},"share_on_mastodon":{"url":"https:\/\/pubeurope.com\/@fr\/115099057921236638","error":""},"_links":{"self":[{"href":"https:\/\/www.europesays.com\/fr\/wp-json\/wp\/v2\/posts\/346833","targetHints":{"allow":["GET"]}}],"collection":[{"href":"https:\/\/www.europesays.com\/fr\/wp-json\/wp\/v2\/posts"}],"about":[{"href":"https:\/\/www.europesays.com\/fr\/wp-json\/wp\/v2\/types\/post"}],"author":[{"embeddable":true,"href":"https:\/\/www.europesays.com\/fr\/wp-json\/wp\/v2\/users\/2"}],"replies":[{"embeddable":true,"href":"https:\/\/www.europesays.com\/fr\/wp-json\/wp\/v2\/comments?post=346833"}],"version-history":[{"count":0,"href":"https:\/\/www.europesays.com\/fr\/wp-json\/wp\/v2\/posts\/346833\/revisions"}],"wp:featuredmedia":[{"embeddable":true,"href":"https:\/\/www.europesays.com\/fr\/wp-json\/wp\/v2\/media\/346834"}],"wp:attachment":[{"href":"https:\/\/www.europesays.com\/fr\/wp-json\/wp\/v2\/media?parent=346833"}],"wp:term":[{"taxonomy":"category","embeddable":true,"href":"https:\/\/www.europesays.com\/fr\/wp-json\/wp\/v2\/categories?post=346833"},{"taxonomy":"post_tag","embeddable":true,"href":"https:\/\/www.europesays.com\/fr\/wp-json\/wp\/v2\/tags?post=346833"}],"curies":[{"name":"wp","href":"https:\/\/api.w.org\/{rel}","templated":true}]}}