{"id":346835,"date":"2025-08-27T05:23:12","date_gmt":"2025-08-27T05:23:12","guid":{"rendered":"https:\/\/www.europesays.com\/fr\/346835\/"},"modified":"2025-08-27T05:23:12","modified_gmt":"2025-08-27T05:23:12","slug":"le-conge-gynecologique-de-lautre-cote-du-rhin","status":"publish","type":"post","link":"https:\/\/www.europesays.com\/fr\/346835\/","title":{"rendered":"Le cong\u00e9 gyn\u00e9cologique de l&rsquo;autre c\u00f4t\u00e9 du Rhin"},"content":{"rendered":"<p>Alors que la ville de Strasbourg a d\u00e9cid\u00e9 de faire appel de la d\u00e9cision du Tribunal administratif de Strasbourg d&rsquo;annuler le cong\u00e9 gyn\u00e9cologique, o\u00f9 en est-on en Allemagne et en Suisse sur le sujet\u00a0? <\/p>\n<p>\u00ab\u00a0Nos voisins du Rhin\u00a0\u00bb c&rsquo;est la nouvelle chronique ICI Alsace pour ne rien manquer de l&rsquo;actu en Allemagne et en Suisse et ce matin direction Stuttgart en Allemagne puisque comme \u00e0 Strasbourg en Alsace, la question d&rsquo;un <strong>cong\u00e9 gyn\u00e9cologique<\/strong> ou cong\u00e9 menstruel est sur la table pour les employ\u00e9es de la ville.<\/p>\n<p>Le groupe parlementaire \u00ab\u00a0Die Linke S\u00d6S Plus\u00a0\u00bb souhaite que les femmes qui travaillent \u00e0 la ville puissent b\u00e9n\u00e9ficier d&rsquo;un cong\u00e9 sp\u00e9cial r\u00e9mun\u00e9r\u00e9 pouvant aller jusqu&rsquo;\u00e0 trois 3 jours ouvrables par mois en cas de douleurs menstruelles intenses.\u00a0La motion propose de <strong>lancer le projet en janvier 2026<\/strong> pour une dur\u00e9e de deux ans comme l&rsquo;exp\u00e9rimentation lanc\u00e9e \u00e0 Strasbourg en septembre 2024.<\/p>\n<p>La ville et l&rsquo;Eurom\u00e9tropole ont mis en place ce cong\u00e9 gyn\u00e9cologique pour les agentes, finalement\u00a0<a class=\"IciLink ici-link IciArticleLink g-ici-body-regular-1 underline brand svelte-lu7k6w\" href=\"https:\/\/www.francebleu.fr\/infos\/societe\/le-conge-gynecologique-mis-en-place-par-l-eurometropole-de-strasbourg-annule-par-le-tribunal-administratif-8647796\" rel=\"nofollow noopener\" target=\"_blank\">retoqu\u00e9 par la justice<\/a>\u00a0administrative en juin 2025.<\/p>\n<p>\u00c0 lire aussi   <img decoding=\"async\" src=\"https:\/\/www.europesays.com\/fr\/wp-content\/uploads\/2025\/08\/1756272192_140_200x200\" alt=\"L'\u00e9quipe municipale autour de la maire Jeanne Barseghian et la d\u00e9put\u00e9 Sandra Regol ont pr\u00e9sent\u00e9 l'appel port\u00e9 contre la d\u00e9cision du tribunal administratif.\" style=\"--_image-preview:url('data:image\/jpeg;base64,\/9j\/2wBDACgcHiMeGSgjISMtKygwPGRBPDc3PHtYXUlkkYCZlo+AjIqgtObDoKrarYqMyP\/L2u71\/\/\/\/m8H\/\/\/\/6\/+b9\/\/j\/2wBDASstLTw1PHZBQXb4pYyl+Pj4+Pj4+Pj4+Pj4+Pj4+Pj4+Pj4+Pj4+Pj4+Pj4+Pj4+Pj4+Pj4+Pj4+Pj4+Pj4+Pj\/wAARCAAqACoDASIAAhEBAxEB\/8QAGAAAAwEBAAAAAAAAAAAAAAAAAQIDAAT\/xAAYEAEBAQEBAAAAAAAAAAAAAAAAARIRAv\/EABcBAQEBAQAAAAAAAAAAAAAAAAEAAgP\/xAAWEQEBAQAAAAAAAAAAAAAAAAAAEQH\/2gAMAwEAAhEDEQA\/AKWh0t9F0GlOjKjo09JLz0fTmnsdpIX0Gk9B1qM1TQ6S63VCrptpdboMJKYsNGmBAQBwGagHbMf\/2Q==');\" loading=\"lazy\" fetchpriority=\"low\" aria-hidden=\"true\" class=\"svelte-1pnmlwx rounded\" onload=\"this.__e=event\" onerror=\"this.__e=event\"\/><\/p>\n<p><strong>A Stuttgart en Allemagne<\/strong>, si ce fameux cong\u00e9 est mis en place, les employ\u00e9es de la ville devraient en b\u00e9n\u00e9ficier <strong>sans certificat m\u00e9dical<\/strong>, sur simple d\u00e9claration de leur part, en cas de douleurs intenses, d&rsquo;\u00e9puisement pendant leurs r\u00e8gles et en cas d&rsquo;endom\u00e9triose, cette maladie chronique qui provoque des douleurs extr\u00eamement fortes et qui concerne 1 femme sur 10.<\/p>\n<p>Fribourg en Suisse d\u00e9j\u00e0 pionni\u00e8re dans le domaine<\/p>\n<p>Si la ville de Stuttgart approuve cette proposition, elle serait la premi\u00e8re ville d&rsquo;Allemagne \u00e0 adopter une telle r\u00e9glementation.\u00a0Ce cong\u00e9 existe d\u00e9j\u00e0 \u00e0 Fribourg en Suisse, devenue la premi\u00e8re ville suisse en janvier 2024 la premi\u00e8re ville suisse \u00e0 le voter et le mettre en place. Lausanne et Z\u00fcrich ont depuis lanc\u00e9 des exp\u00e9rimentations.<\/p>\n","protected":false},"excerpt":{"rendered":"Alors que la ville de Strasbourg a d\u00e9cid\u00e9 de faire appel de la d\u00e9cision du Tribunal administratif de&hellip;\n","protected":false},"author":2,"featured_media":346836,"comment_status":"","ping_status":"","sticky":false,"template":"","format":"standard","meta":{"footnotes":""},"categories":[2820],"tags":[1111,11,1777,674,1011,27,775,12,25,640],"class_list":{"0":"post-346835","1":"post","2":"type-post","3":"status-publish","4":"format-standard","5":"has-post-thumbnail","7":"category-strasbourg","8":"tag-actu","9":"tag-actualites","10":"tag-eu","11":"tag-europe","12":"tag-fr","13":"tag-france","14":"tag-grand-est","15":"tag-news","16":"tag-republique-francaise","17":"tag-strasbourg"},"share_on_mastodon":{"url":"https:\/\/pubeurope.com\/@fr\/115099061715713236","error":""},"_links":{"self":[{"href":"https:\/\/www.europesays.com\/fr\/wp-json\/wp\/v2\/posts\/346835","targetHints":{"allow":["GET"]}}],"collection":[{"href":"https:\/\/www.europesays.com\/fr\/wp-json\/wp\/v2\/posts"}],"about":[{"href":"https:\/\/www.europesays.com\/fr\/wp-json\/wp\/v2\/types\/post"}],"author":[{"embeddable":true,"href":"https:\/\/www.europesays.com\/fr\/wp-json\/wp\/v2\/users\/2"}],"replies":[{"embeddable":true,"href":"https:\/\/www.europesays.com\/fr\/wp-json\/wp\/v2\/comments?post=346835"}],"version-history":[{"count":0,"href":"https:\/\/www.europesays.com\/fr\/wp-json\/wp\/v2\/posts\/346835\/revisions"}],"wp:featuredmedia":[{"embeddable":true,"href":"https:\/\/www.europesays.com\/fr\/wp-json\/wp\/v2\/media\/346836"}],"wp:attachment":[{"href":"https:\/\/www.europesays.com\/fr\/wp-json\/wp\/v2\/media?parent=346835"}],"wp:term":[{"taxonomy":"category","embeddable":true,"href":"https:\/\/www.europesays.com\/fr\/wp-json\/wp\/v2\/categories?post=346835"},{"taxonomy":"post_tag","embeddable":true,"href":"https:\/\/www.europesays.com\/fr\/wp-json\/wp\/v2\/tags?post=346835"}],"curies":[{"name":"wp","href":"https:\/\/api.w.org\/{rel}","templated":true}]}}