{"id":346837,"date":"2025-08-27T05:24:16","date_gmt":"2025-08-27T05:24:16","guid":{"rendered":"https:\/\/www.europesays.com\/fr\/346837\/"},"modified":"2025-08-27T05:24:16","modified_gmt":"2025-08-27T05:24:16","slug":"on-suit-toute-la-vie-de-la-communaute-dabeilles-a-antibes-un-rucher-ecole-forme-les-apiculteurs-amateurs-et-sensibilise-a-la-biodiversite","status":"publish","type":"post","link":"https:\/\/www.europesays.com\/fr\/346837\/","title":{"rendered":"\u00ab\u00a0On suit toute la vie de la communaut\u00e9 d\u2019abeilles\u00a0\u00bb: \u00e0 Antibes, un rucher \u00e9cole forme les apiculteurs amateurs et sensibilise \u00e0 la biodiversit\u00e9"},"content":{"rendered":"<p>Les combinaisons enfil\u00e9es et les chapeaux pr\u00e9cautionneusement zipp\u00e9s, les membres de l\u2019association Arist\u00e9e [nom tir\u00e9 d\u2019un dieu grec associ\u00e9 \u00e0 l\u2019apiculture, ndlr] observent avec attention l\u2019\u00e9tat de sant\u00e9 de leurs colonies d\u2019abeilles, en plein travail.<\/p>\n<p>Au 74 de l\u2019avenue Philippe-Rochat, depuis la route, rien ne laisse pr\u00e9sager que, derri\u00e8re le grillage et les haies, sont install\u00e9es une dizaine de ruches. Une activit\u00e9 qui se profile sur ce terrain, depuis trois ans d\u00e9j\u00e0, dans le cadre d\u2019une convention pass\u00e9e entre la mairie et l\u2019organisme apicole. Ce dernier r\u00e9unit trente personnes dans la cit\u00e9 des remparts et plus de 130, \u00e9parpill\u00e9s entre le Var et les Alpes-Maritimes. L\u2019une de ses sp\u00e9cialit\u00e9s: le d\u00e9veloppement de ruchers \u00e9coles. Une activit\u00e9 renouvel\u00e9e pour trois ans et d\u00e9j\u00e0 propos\u00e9e \u00e0 P\u00e9gomas par cette m\u00eame association antiboise.<\/p>\n<p>Entour\u00e9s par les acacias, les abris de nos petites productrices de miel contiennent entre 30.000 et 60.000 habitants. Qui peuvent, \u00e0 leur tour, produire jusqu\u2019\u00e0 100kg du doux nectar, selon les nombreux facteurs qui entrent en jeu. Le lieu id\u00e9al pour se r\u00e9unir autour de l\u2019apiculture, mais aussi mieux se sensibiliser \u00e0 l\u2019environnement, la biodiversit\u00e9 et les pollinisateurs.<\/p>\n<p>Des professionnels et des amateurs r\u00e9unis<\/p>\n<p>Chaque mois, les passionn\u00e9s \u2013 en majorit\u00e9, des apiculteurs amateurs \u2013 se rejoignent pour apprendre \u00e0 prendre soin des ruches, de l\u2019initiation pure au perfectionnement. \u00ab\u00a0En saison, quand les abeilles volent, l\u2019activit\u00e9 est sur site et, en hiver, pendant qu\u2019elles sont en hibernation, \u00e7a se passe en int\u00e9rieur, avec de la th\u00e9orie. On a aussi des pratiques comme les r\u00e9coltes, l\u2019extraction du miel, la mise en pot. On suit toute la vie de la communaut\u00e9 \u00ab\u00a0, d\u00e9veloppe le pr\u00e9sident, Cyrille Gaudin.<\/p>\n<p>En parall\u00e8le, elle propose des formations, apporte des conseils \u00e0 ses adh\u00e9rents, incluant \u00ab\u00a0la recherche et le traitement des maladies apicoles \u00ab\u00a0. Une n\u00e9cessit\u00e9 pour Cyrille Gaudin, car \u00ab\u00a0le manque de formation tue les abeilles. Dans l\u2019apiculture loisir, il n\u2019y a pas d\u2019explications en amont. On est l\u00e0 pour transmettre et \u00e9viter les erreurs \u00ab\u00a0. Deux animateurs, Alexandre et \u00c9lisabeth, aiguillent les motiv\u00e9s.<\/p>\n<p>Adopter les bons gestes<\/p>\n<p>Un atelier plus que jamais essentiel, \u00e0 l\u2019heure o\u00f9 la s\u00e9cheresse et le climat sec impactent les populations d\u2019insectes. \u00ab\u00a0On a des d\u00e9r\u00e8glements climatiques tr\u00e8s importants. Et nous, apiculteurs, on est tout de suite inform\u00e9s. Les abeilles sont les sentinelles, mais c\u2019est l\u2019apiculteur qui retranscrit leurs messages. Quand nos ruches sont s\u00e8ches, c\u2019est-\u00e0-dire qu\u2019il n\u2019y a pas de nectar, c\u2019est signe qu\u2019il n\u2019y a pas de ressources.\u00a0\u00bb<\/p>\n<p>Des petites b\u00eates pas si b\u00eates, puisque leur cycle s\u2019accorde aux floraisons et \u00e0 la nature. \u00ab\u00a0Ce n\u2019est pas la m\u00eame fa\u00e7on d\u2019exercer \u00e0 Antibes par exemple, que moi qui anime un rucher \u00e9cole dans le Var. L\u00e0-bas, on a de vrais hivers, les temp\u00e9ratures peuvent \u00eatre basses. C\u2019est une apiculture diff\u00e9rente. \u00ab\u00a0<\/p>\n<p>Les membres ne manquent jamais de p\u00e9dagogie pour essayer de faire adopter les petits gestes pour mieux prot\u00e9ger son environnement. Comme installer des h\u00f4tels \u00e0 insectes ou planter des v\u00e9g\u00e9taux mellif\u00e8res [plantes produisant des bonnes quantit\u00e9s de nectar et de pollen, ndlr]. Ou encore, \u00e9viter de tondre sa pelouse trop t\u00f4t, ou ne pas couper les ronces. Ces derni\u00e8res sont une ressource \u00ab\u00a0ph\u00e9nom\u00e9nale\u00a0\u00bb, en plus de faire office de m\u00e9dicament pour les maux des abeilles.<\/p>\n<p>D\u2019o\u00f9 l\u2019importance de pr\u00eater attention aux vari\u00e9t\u00e9s de plantes dans un jardin. \u00ab\u00a0Plus on a de plantes diff\u00e9rentes, plus l\u2019\u00e9cosyst\u00e8me se porte bien \u00ab\u00a0, d\u00e9veloppe Antoine Abrieux, entomologiste et membre de l\u2019association. Grand danger, ces derni\u00e8res ann\u00e9es: le frelon asiatique, pr\u00e9dateur volant discr\u00e8tement pr\u00e8s des pi\u00e8ges install\u00e9s, ici et l\u00e0, pour les neutraliser.<\/p>\n<p>Et pourquoi pas des ruchers partag\u00e9s?<\/p>\n<p>Pour la suite, l\u2019association ne manque pas d\u2019id\u00e9es. En plus de quelques manifestations, comme la F\u00eate du miel et du terroir \u00e0 St-Julien-le-Montagnier (Var), la sensibilisation en entreprise, ou leur participation au forum des associations de P\u00e9gomas, Arist\u00e9e aimerait d\u00e9velopper les ruchers partag\u00e9s. \u00ab\u00a0S\u2019il y a de la demande \u00ab\u00a0, pr\u00e9cise le directeur de l\u2019association. Certaines communes ont d\u00e9j\u00e0 opt\u00e9 pour cette id\u00e9e. \u00ab\u00a0C\u2019est un endroit o\u00f9 les gens peuvent mettre leurs ruches, s\u2019ils habitent en immeuble ou en appartement par exemple.\u00a0\u00bb<\/p>\n<p>Les yeux riv\u00e9s vers l\u2019avenir, l\u2019association esp\u00e8re continuer de partager son savoir, pour permettre \u00e0 d\u2019autres g\u00e9n\u00e9rations d\u2019observer, au gr\u00e9 d\u2019une balade ou d\u2019une session jardinage, les abeilles butiner.<\/p>\n<p>Association Arist\u00e9e. 50 euros par an pour le rucher \u00e9cole. Plus d\u2019informations sur www.aristee.xyz<\/p>\n","protected":false},"excerpt":{"rendered":"Les combinaisons enfil\u00e9es et les chapeaux pr\u00e9cautionneusement zipp\u00e9s, les membres de l\u2019association Arist\u00e9e [nom tir\u00e9 d\u2019un dieu grec&hellip;\n","protected":false},"author":2,"featured_media":346838,"comment_status":"","ping_status":"","sticky":false,"template":"","format":"standard","meta":{"footnotes":""},"categories":[2819],"tags":[1111,11,1867,1777,674,1011,27,12,2401,882,25],"class_list":{"0":"post-346837","1":"post","2":"type-post","3":"status-publish","4":"format-standard","5":"has-post-thumbnail","7":"category-nice","8":"tag-actu","9":"tag-actualites","10":"tag-animaux","11":"tag-eu","12":"tag-europe","13":"tag-fr","14":"tag-france","15":"tag-news","16":"tag-nice","17":"tag-provence-alpes-cote-dazur","18":"tag-republique-francaise"},"share_on_mastodon":{"url":"https:\/\/pubeurope.com\/@fr\/115099065643805963","error":""},"_links":{"self":[{"href":"https:\/\/www.europesays.com\/fr\/wp-json\/wp\/v2\/posts\/346837","targetHints":{"allow":["GET"]}}],"collection":[{"href":"https:\/\/www.europesays.com\/fr\/wp-json\/wp\/v2\/posts"}],"about":[{"href":"https:\/\/www.europesays.com\/fr\/wp-json\/wp\/v2\/types\/post"}],"author":[{"embeddable":true,"href":"https:\/\/www.europesays.com\/fr\/wp-json\/wp\/v2\/users\/2"}],"replies":[{"embeddable":true,"href":"https:\/\/www.europesays.com\/fr\/wp-json\/wp\/v2\/comments?post=346837"}],"version-history":[{"count":0,"href":"https:\/\/www.europesays.com\/fr\/wp-json\/wp\/v2\/posts\/346837\/revisions"}],"wp:featuredmedia":[{"embeddable":true,"href":"https:\/\/www.europesays.com\/fr\/wp-json\/wp\/v2\/media\/346838"}],"wp:attachment":[{"href":"https:\/\/www.europesays.com\/fr\/wp-json\/wp\/v2\/media?parent=346837"}],"wp:term":[{"taxonomy":"category","embeddable":true,"href":"https:\/\/www.europesays.com\/fr\/wp-json\/wp\/v2\/categories?post=346837"},{"taxonomy":"post_tag","embeddable":true,"href":"https:\/\/www.europesays.com\/fr\/wp-json\/wp\/v2\/tags?post=346837"}],"curies":[{"name":"wp","href":"https:\/\/api.w.org\/{rel}","templated":true}]}}