{"id":346839,"date":"2025-08-27T05:25:34","date_gmt":"2025-08-27T05:25:34","guid":{"rendered":"https:\/\/www.europesays.com\/fr\/346839\/"},"modified":"2025-08-27T05:25:34","modified_gmt":"2025-08-27T05:25:34","slug":"diallo-de-retour-a-metz-nice-veut-un-attaquant-de-benfica","status":"publish","type":"post","link":"https:\/\/www.europesays.com\/fr\/346839\/","title":{"rendered":"Diallo de retour \u00e0 Metz, Nice veut un attaquant de Benfica"},"content":{"rendered":"<p>Zapping Foot National Laure Boulleau : \u00ab J\u2019imagine une s\u00e9quence o\u00f9 Mbapp\u00e9 parle d\u2019un match des Bleues \u2026 \u00bb <\/p>\n<p>Le mercato estival s&rsquo;ach\u00e8ve ce lundi 1er septembre \u00e0 20h00, et l&rsquo;effervescence est palpable dans les clubs. \u00c0 quelques jours de cette date butoir, les derni\u00e8res n\u00e9gociations s&rsquo;intensifient pour finaliser les effectifs.<\/p>\n<p><strong>Un attaquant de Benfica dans le viseur de Nice<\/strong><\/p>\n<p>Pour renforcer son secteur offensif, l&rsquo;OGC Nice a jet\u00e9 son d\u00e9volu sur Tiago Gouveia. Selon les informations de <a href=\"https:\/\/www.lequipe.fr\/Football\/Actualites\/Mercato-nice-negocie-pour-tiago-gouveia\/1587475\" rel=\"nofollow noopener\" target=\"_blank\">L&rsquo;\u00c9quipe<\/a>, la direction ni\u00e7oise est en discussion avec le Benfica pour un pr\u00eat assorti d&rsquo;une option d&rsquo;achat, non obligatoire, dont le montant serait de 8 millions d&rsquo;euros. Pour rappel, le jeune attaquant est li\u00e9 au club portugais jusqu&rsquo;en 2028.<\/p>\n<p><strong>Habib Diallo proche d&rsquo;un retour \u00e0 Metz<\/strong><\/p>\n<p>C&rsquo;est un retour qui ne devrait pas passer inaper\u00e7u en Moselle. Le FC Metz a trouv\u00e9 un accord avec le club saoudien d&rsquo;Al-Shabab pour le transfert d&rsquo;Habib Diallo ajoute <a href=\"https:\/\/www.lequipe.fr\/Football\/Actualites\/Le-fc-metz-et-al-shabab-ont-trouve-un-accord-pour-le-transfert-d-habib-diallo\/1587615\" rel=\"nofollow noopener\" target=\"_blank\">le quotidien sportif fran\u00e7ais<\/a>. Pour rapatrier l&rsquo;international s\u00e9n\u00e9galais en France, qui a d\u00e9j\u00e0 port\u00e9 les couleurs messines entre 2013 et 2020, les Grenats vont d\u00e9bourser 1,5 millions d&rsquo;euros.<\/p>\n<p>Partagez cette info avec vos amis et vos proches en cliquant ici<br \/>Pour r\u00e9sumer<\/p>\n<p>La fin du mercato approche et les clubs s&rsquo;activent. D&rsquo;un c\u00f4t\u00e9, l&rsquo;OGC Nice discute d&rsquo;un pr\u00eat avec option d&rsquo;achat pour l&rsquo;attaquant de Benfica Tiago Gouveia. De l&rsquo;autre, le FC Metz a trouv\u00e9 un accord pour le retour d&rsquo;Habib Diallo.<\/p>\n<p> <img decoding=\"async\" width=\"76\" height=\"76\" loading=\"lazy\" src=\"https:\/\/static.wui.fr\/images_v3\/avatar-footnational.png\" alt=\"Aris Djennadi\"\/><\/p>\n","protected":false},"excerpt":{"rendered":"Zapping Foot National Laure Boulleau : \u00ab J\u2019imagine une s\u00e9quence o\u00f9 Mbapp\u00e9 parle d\u2019un match des Bleues \u2026&hellip;\n","protected":false},"author":2,"featured_media":346840,"comment_status":"","ping_status":"","sticky":false,"template":"","format":"standard","meta":{"footnotes":""},"categories":[2819],"tags":[1111,11,1777,674,1011,27,12,2401,882,25],"class_list":{"0":"post-346839","1":"post","2":"type-post","3":"status-publish","4":"format-standard","5":"has-post-thumbnail","7":"category-nice","8":"tag-actu","9":"tag-actualites","10":"tag-eu","11":"tag-europe","12":"tag-fr","13":"tag-france","14":"tag-news","15":"tag-nice","16":"tag-provence-alpes-cote-dazur","17":"tag-republique-francaise"},"share_on_mastodon":{"url":"https:\/\/pubeurope.com\/@fr\/115099069622777582","error":""},"_links":{"self":[{"href":"https:\/\/www.europesays.com\/fr\/wp-json\/wp\/v2\/posts\/346839","targetHints":{"allow":["GET"]}}],"collection":[{"href":"https:\/\/www.europesays.com\/fr\/wp-json\/wp\/v2\/posts"}],"about":[{"href":"https:\/\/www.europesays.com\/fr\/wp-json\/wp\/v2\/types\/post"}],"author":[{"embeddable":true,"href":"https:\/\/www.europesays.com\/fr\/wp-json\/wp\/v2\/users\/2"}],"replies":[{"embeddable":true,"href":"https:\/\/www.europesays.com\/fr\/wp-json\/wp\/v2\/comments?post=346839"}],"version-history":[{"count":0,"href":"https:\/\/www.europesays.com\/fr\/wp-json\/wp\/v2\/posts\/346839\/revisions"}],"wp:featuredmedia":[{"embeddable":true,"href":"https:\/\/www.europesays.com\/fr\/wp-json\/wp\/v2\/media\/346840"}],"wp:attachment":[{"href":"https:\/\/www.europesays.com\/fr\/wp-json\/wp\/v2\/media?parent=346839"}],"wp:term":[{"taxonomy":"category","embeddable":true,"href":"https:\/\/www.europesays.com\/fr\/wp-json\/wp\/v2\/categories?post=346839"},{"taxonomy":"post_tag","embeddable":true,"href":"https:\/\/www.europesays.com\/fr\/wp-json\/wp\/v2\/tags?post=346839"}],"curies":[{"name":"wp","href":"https:\/\/api.w.org\/{rel}","templated":true}]}}