{"id":346841,"date":"2025-08-27T05:26:17","date_gmt":"2025-08-27T05:26:17","guid":{"rendered":"https:\/\/www.europesays.com\/fr\/346841\/"},"modified":"2025-08-27T05:26:17","modified_gmt":"2025-08-27T05:26:17","slug":"pres-de-nantes-lancien-domaine-du-chateau-de-louis-de-funes-bientot-rachete","status":"publish","type":"post","link":"https:\/\/www.europesays.com\/fr\/346841\/","title":{"rendered":"pr\u00e8s de Nantes, l\u2019ancien domaine du ch\u00e2teau de Louis de\u00a0Fun\u00e8s bient\u00f4t rachet\u00e9"},"content":{"rendered":"<p>En vente depuis 2022, le parc de la propri\u00e9t\u00e9 o\u00f9 le com\u00e9dien de La Grande vadrouille a pass\u00e9 les derni\u00e8res ann\u00e9es de sa vie va \u00eatre acquis dans quelques semaines par le conservatoire d\u2019espaces naturels des Pays de la Loire et la fondation WWF France.<\/p>\n<p class=\"fig-paragraph\">Garde partag\u00e9e sur l\u2019ancien domaine de\u00a0<a href=\"https:\/\/www.lefigaro.fr\/culture\/droits-a-qui-profite-le-triomphe-de-louis-de-funes-20200715\" target=\"_blank\" data-fig-type=\"Article\" rel=\"noopener\" data-gtm-custom-categorie=\"navigation\" data-gtm-custom-action=\"crossclick\" data-gtm-custom-label=\"Contextuel\" data-gtm-event=\"customEventSPE\" data-fig-domain=\"LEFIGARO\">Louis de\u00a0Fun\u00e8s<\/a>. Au Cellier, \u00e0 15 kilom\u00e8tres\u00a0<a href=\"https:\/\/www.lefigaro.fr\/nantes\" target=\"_blank\" data-fig-type=\"Section\" rel=\"noopener\" data-gtm-custom-categorie=\"navigation\" data-gtm-custom-action=\"crossclick\" data-gtm-custom-label=\"Contextuel\" data-gtm-event=\"customEventSPE\" data-fig-domain=\"LEFIGARO\">de Nantes<\/a>\u00a0(Loire-Atlantique), le parc du ch\u00e2teau de Clermont a enfin trouv\u00e9 preneur. La fondation WWF France et le conservatoire d\u2019espaces naturels des Pays de la Loire ont \u00e9t\u00e9 d\u00e9sign\u00e9s, le 10 juillet, pour acqu\u00e9rir le site de 40 hectares, au terme de l\u2019appel \u00e0 projet r\u00e9alis\u00e9 par la\u00a0<a href=\"https:\/\/www.lefigaro.fr\/finances-perso\/heriter-de-terres-en-zone-rurale-quand-la-safer-entre-en-jeu-20241025\" target=\"_blank\" data-fig-type=\"Article\" rel=\"noopener\" data-gtm-custom-categorie=\"navigation\" data-gtm-custom-action=\"crossclick\" data-gtm-custom-label=\"Contextuel\" data-gtm-event=\"customEventSPE\" data-fig-domain=\"LEFIGARO\">soci\u00e9t\u00e9 d\u2019am\u00e9nagement foncier et d\u2019\u00e9tablissement (Safer)<\/a>\u00a0de la r\u00e9gion. Sous tutelle des minist\u00e8res de l\u2019Agriculture et des Finance, le parc en bord de Loire passera formellement aux mains de ses nouveaux propri\u00e9taires \u00e0 la signature des actes de ventes. L\u2019op\u00e9ration devrait \u00eatre finalis\u00e9e dans le courant des prochaines semaines, selon une source proche du dossier.<\/p>\n<p class=\"fig-paragraph\">Des\u00a0<a href=\"http:\/\/www.lefigaro.fr\/nantes\/l-avenir-incertain-de-l-ancien-domaine-du-chateau-de-louis-de-funes-suscite-l-inquietude-20240203\" target=\"_blank\" data-fig-type=\"NewsFlash\" rel=\"noopener\" data-gtm-custom-categorie=\"navigation\" data-gtm-custom-action=\"crossclick\" data-gtm-custom-label=\"Contextuel\" data-gtm-event=\"customEventSPE\" data-fig-domain=\"LEFIGARO\">craintes sur l\u2019avenir du domaine<\/a>\u00a0situ\u00e9 autour du ch\u00e2teau s\u2019\u00e9taient manifest\u00e9es apr\u00e8s la mise en vente en 2022 de ce site en partie sauvage et escarp\u00e9, class\u00e9\u00a0<a href=\"http:\/\/www.lefigaro.fr\/flash-eco\/sites-natura-2000-le-conseil-d-etat-ordonne-une-reduction-des-pesticides-20211115\" target=\"_blank\" data-fig-type=\"NewsFlash\" rel=\"noopener\" data-gtm-custom-categorie=\"navigation\" data-gtm-custom-action=\"crossclick\" data-gtm-custom-label=\"Contextuel\" data-gtm-event=\"customEventSPE\" data-fig-domain=\"LEFIGARO\">Natura 2000<\/a>. \u00c0 rebours d\u2019un projet de haras et \u00e0 la menace de la transformation de ce secteur naturel en lotissement, et prenant acte du laisser-faire de la mairie,\u00a0<a href=\"http:\/\/www.lefigaro.fr\/nantes\/l-ancien-domaine-du-chateau-de-louis-de-funes-preempte-par-la-safer-20240227\" target=\"_blank\" data-fig-type=\"NewsFlash\" rel=\"noopener\" data-gtm-custom-categorie=\"navigation\" data-gtm-custom-action=\"crossclick\" data-gtm-custom-label=\"Contextuel\" data-gtm-event=\"customEventSPE\" data-fig-domain=\"LEFIGARO\">le site a \u00e9t\u00e9 pr\u00e9empt\u00e9 en 2024<\/a>\u00a0par la Safer, pour 240.000 euros. Charg\u00e9 d\u2019une mission d\u2019int\u00e9r\u00eat g\u00e9n\u00e9ral, l\u2019organisme a justifi\u00e9 son intervention par la n\u00e9cessit\u00e9 de pr\u00e9server l\u2019environnement du site.<\/p>\n<p>                                    <a class=\"fig-a11y-skip a11y-hidden\" href=\"#fig-a11y-skip-main-inarticle\"><br \/>\n        Passer la publicit\u00e9<br \/>\n    <\/a><\/p>\n<p>Garder le site ouvert au public<\/p>\n<p class=\"fig-paragraph\">\u00abLa propri\u00e9t\u00e9 rev\u00eat une grande valeur \u00e9cologique et abrite de nombreux habitats et esp\u00e8ces \u00e0 fort int\u00e9r\u00eat (grand rhinolophe, murin de Natterer, crevette souterraine, pic noir\u2026) qu\u2019il est important de pr\u00e9server\u00bb, se sont r\u00e9jouis dans un communiqu\u00e9 commun le conservatoire d\u2019espaces naturels des Pays de la Loire et la WWF France. Mobilis\u00e9s depuis deux ans sur ce dossier, les deux futurs propri\u00e9taires ont b\u00e9n\u00e9fici\u00e9 du soutien financier du\u00a0<a href=\"http:\/\/www.lefigaro.fr\/flash-eco\/fonds-vert-100-millions-d-euros-supplementaires-pour-les-intercommunalites-20250319\" target=\"_blank\" data-fig-type=\"NewsFlash\" rel=\"noopener\" data-gtm-custom-categorie=\"navigation\" data-gtm-custom-action=\"crossclick\" data-gtm-custom-label=\"Contextuel\" data-gtm-event=\"customEventSPE\" data-fig-domain=\"LEFIGARO\">Fonds vert<\/a>\u00a0et de l\u2019Agence de l\u2019eau Loire-Bretagne.<\/p>\n<p class=\"fig-body-link\">\n            \u00c0 lire aussi<br \/>\n        <a class=\"fig-body-link__link\" href=\"http:\/\/www.lefigaro.fr\/nantes\/a-nantes-pourquoi-la-baignade-dans-la-loire-n-est-pas-a-l-ordre-du-jour-20250826\" target=\"_blank\" data-fig-type=\"NewsFlash\" rel=\"noopener\" data-gtm-custom-categorie=\"navigation\" data-gtm-custom-action=\"crossclick\" data-gtm-custom-label=\"Contextuel\" data-gtm-event=\"customEventSPE\" data-fig-domain=\"LEFIGARO\">\u00c0 Nantes, pourquoi la baignade dans la Loire n\u2019est pas \u00e0 l\u2019ordre du jour<br \/>\n    <\/a>\n<\/p>\n<p class=\"fig-paragraph\">La WWF comme le conservatoire d\u2019espaces naturels se sont par ailleurs engag\u00e9s \u00e0 garder ouvert ce site int\u00e9gr\u00e9 au circuit de grande randonn\u00e9e de la Loire, \u00abdans les conditions de s\u00e9curit\u00e9 et de respect de l\u2019environnement, et en concertation avec les acteurs locaux\u00bb. L\u2019\u00e9pilogue de l\u2019affaire du parc du ch\u00e2teau de Clermont a satisfait le milieu associatif du Cellier. \u00abLe site et sa for\u00eat sont sauv\u00e9s et ne seront donc pas d\u00e9figur\u00e9s\u00bb, savoure Jean-Fran\u00e7ois Tr\u00e9horel, pr\u00e9sident l\u2019association Regards Natures, qui ajoute \u00eatre d\u2019ores et d\u00e9j\u00e0 en dialogue r\u00e9gulier avec les nouveaux gestionnaires.<\/p>\n<p class=\"fig-paragraph\">Belle demeure du XVIe si\u00e8cle construite par Ren\u00e9 Chenu, vassal du futur\u00a0<a href=\"https:\/\/www.lefigaro.fr\/livres\/le-grand-conde-de-xavier-le-person-l-honneur-du-vainqueur-de-rocroi-20230915\" target=\"_blank\" data-fig-type=\"Article\" rel=\"noopener\" data-gtm-custom-categorie=\"navigation\" data-gtm-custom-action=\"crossclick\" data-gtm-custom-label=\"Contextuel\" data-gtm-event=\"customEventSPE\" data-fig-domain=\"LEFIGARO\">Grand Cond\u00e9<\/a>, le ch\u00e2teau de Clermont et son domaine ont \u00e9t\u00e9, \u00e0 partir des ann\u00e9es 1960, la propri\u00e9t\u00e9 de la famille de Louis de\u00a0Fun\u00e8s. Le\u00a0<a href=\"http:\/\/www.lefigaro.fr\/jardin\/aucun-produit-chimique-dans-mon-jardin-quand-louis-de-funes-livrait-ses-astuces-pour-le-potager-20250118\" target=\"_blank\" data-fig-type=\"Article\" rel=\"noopener\" data-gtm-custom-categorie=\"navigation\" data-gtm-custom-action=\"crossclick\" data-gtm-custom-label=\"Contextuel\" data-gtm-event=\"customEventSPE\" data-fig-domain=\"LEFIGARO\">com\u00e9dien \u00e0 la main verte<\/a>\u00a0s\u2019\u00e9tait d\u00e9finitivement install\u00e9 au Cellier en 1975. Il y est rest\u00e9 jusqu\u2019\u00e0 sa mort, en 1983. Inscrit en 1941 au titre des monuments historiques, le ch\u00e2teau constitue aujourd\u2019hui un ensemble de 45 logements.<\/p>\n","protected":false},"excerpt":{"rendered":"En vente depuis 2022, le parc de la propri\u00e9t\u00e9 o\u00f9 le com\u00e9dien de La Grande vadrouille a pass\u00e9&hellip;\n","protected":false},"author":2,"featured_media":346842,"comment_status":"","ping_status":"","sticky":false,"template":"","format":"standard","meta":{"footnotes":""},"categories":[2818],"tags":[1111,11,4811,1777,674,1011,27,22175,766,12,153,2636,25],"class_list":{"0":"post-346841","1":"post","2":"type-post","3":"status-publish","4":"format-standard","5":"has-post-thumbnail","7":"category-nantes","8":"tag-actu","9":"tag-actualites","10":"tag-chateau","11":"tag-eu","12":"tag-europe","13":"tag-fr","14":"tag-france","15":"tag-louis-de-funes","16":"tag-nantes","17":"tag-news","18":"tag-parc","19":"tag-pays-de-la-loire","20":"tag-republique-francaise"},"share_on_mastodon":{"url":"https:\/\/pubeurope.com\/@fr\/115099073503156035","error":""},"_links":{"self":[{"href":"https:\/\/www.europesays.com\/fr\/wp-json\/wp\/v2\/posts\/346841","targetHints":{"allow":["GET"]}}],"collection":[{"href":"https:\/\/www.europesays.com\/fr\/wp-json\/wp\/v2\/posts"}],"about":[{"href":"https:\/\/www.europesays.com\/fr\/wp-json\/wp\/v2\/types\/post"}],"author":[{"embeddable":true,"href":"https:\/\/www.europesays.com\/fr\/wp-json\/wp\/v2\/users\/2"}],"replies":[{"embeddable":true,"href":"https:\/\/www.europesays.com\/fr\/wp-json\/wp\/v2\/comments?post=346841"}],"version-history":[{"count":0,"href":"https:\/\/www.europesays.com\/fr\/wp-json\/wp\/v2\/posts\/346841\/revisions"}],"wp:featuredmedia":[{"embeddable":true,"href":"https:\/\/www.europesays.com\/fr\/wp-json\/wp\/v2\/media\/346842"}],"wp:attachment":[{"href":"https:\/\/www.europesays.com\/fr\/wp-json\/wp\/v2\/media?parent=346841"}],"wp:term":[{"taxonomy":"category","embeddable":true,"href":"https:\/\/www.europesays.com\/fr\/wp-json\/wp\/v2\/categories?post=346841"},{"taxonomy":"post_tag","embeddable":true,"href":"https:\/\/www.europesays.com\/fr\/wp-json\/wp\/v2\/tags?post=346841"}],"curies":[{"name":"wp","href":"https:\/\/api.w.org\/{rel}","templated":true}]}}