{"id":346843,"date":"2025-08-27T05:27:19","date_gmt":"2025-08-27T05:27:19","guid":{"rendered":"https:\/\/www.europesays.com\/fr\/346843\/"},"modified":"2025-08-27T05:27:19","modified_gmt":"2025-08-27T05:27:19","slug":"quelles-regles-pour-la-vente-dalcool-aux-buvettes-pres-de-la-beaujoire","status":"publish","type":"post","link":"https:\/\/www.europesays.com\/fr\/346843\/","title":{"rendered":"quelles r\u00e8gles pour la vente d&rsquo;alcool aux buvettes pr\u00e8s de la Beaujoire\u00a0?"},"content":{"rendered":"<p>            Par<br \/>\n        <strong><br \/>\n            <a href=\"https:\/\/actu.fr\/auteur\/thomas-bernard\" title=\"Consulter tous les articles de Thomas Bernard\" target=\"_blank\" rel=\"noopener\">Thomas Bernard<\/a><br \/>\n        <\/strong><\/p>\n<p>        Publi\u00e9 le<\/p>\n<p>            27 ao\u00fbt 2025 \u00e0 6h32        <\/p>\n<p>C\u2019est une petite victoire. Le 17\u00a0ao\u00fbt dernier lors de la rencontre opposant <a href=\"https:\/\/actu.fr\/pays-de-la-loire\/nantes_44109\/fc-nantes-psg-que-retenir-du-premier-match-de-la-saison-des-canaris-en-ligue-1_63044754.html\" target=\"_blank\" rel=\"noopener\">le FC Nantes au Paris Saint-Germain<\/a> <strong>les commer\u00e7ants ambulants du stade de la Beaujoire avaient fait part de leur col\u00e8re<\/strong>. Pour cette premi\u00e8re affiche \u00e0 domicile, <a href=\"https:\/\/actu.fr\/pays-de-la-loire\/nantes_44109\/c-est-une-injustice-la-colere-des-commerces-ambulants-lors-des-matchs-du-fc-nantes_63045341.html\" target=\"_blank\" rel=\"noopener\">les marchands avaient l\u2019obligation de vendre de l\u2019alcool si un repas chaud complet \u00e9tait \u00e9galement achet\u00e9 par le client<\/a>.<\/p>\n<p>Un rappel des r\u00e8gles<\/p>\n<p class=\" wall-content\">Pour rappel, les commer\u00e7ants de la Beaujoire sont dot\u00e9s d\u2019une petite licence restauration leur permettant de vendre de l\u2019alcool du troisi\u00e8me groupe (dont la bi\u00e8re) car ils proposent de la restauration sur leur stand.<\/p>\n<p class=\" wall-content\">Contact\u00e9 par <a href=\"https:\/\/actu.fr\/nantes\/\" target=\"_blank\" rel=\"noopener\">actu Nantes<\/a>, Youssef Jnah, pr\u00e9sident de l\u2019association des commer\u00e7ants de la Beaujoire nous indique <strong>avoir trouv\u00e9 un accord avec les autorit\u00e9s locales<\/strong> (Ville et police municipale).<\/p>\n<p class=\" wall-content\">\u00ab\u2009Les commerces qui font restauration et buvette pourront vendre de l\u2019alcool (sans achat de repas complet, N.D.L.R). Les coll\u00e8gues vont pouvoir reprendre comme avant\u2009\u00bb, confie, soulag\u00e9, Youssef Jnah.<\/p>\n<p class=\" wall-content\">\u00ab\u00a0Il leur a \u00e9t\u00e9 rappel\u00e9 qu\u2019un commer\u00e7ant ne pouvait pas vendre exclusivement de l\u2019alcool avec ce type de licence (licence III obligatoire). Par cons\u00e9quent un commer\u00e7ant qui ne proposerait pas sur son stand une offre de restauration ne pourrait pas vendre de l\u2019alcool exclusivement\u00a0\u00bb, temp\u00e8re la Ville de Nantes, contact\u00e9e par la r\u00e9daction.\u00a0<\/p>\n<p class=\" wall-content\">Le 17 ao\u00fbt dernier, les commer\u00e7ants avaient d\u00e9nonc\u00e9 \u00ab\u00a0la stricte application des mesures\u00a0\u00bb compar\u00e9 \u00e0 la \u00ab\u00a0tol\u00e9rance accord\u00e9e lors des pr\u00e9c\u00e9dentes saisons\u00a0\u00bb. De son c\u00f4t\u00e9 la Ville de Nantes indique avoir \u00ab\u00a0rappel\u00e9 les r\u00e8gles\u00a0\u00bb aux commer\u00e7ants, une r\u00e9glementation qui existe depuis de nombreuses ann\u00e9es.\u00a0<\/p>\n<p class=\" wall-content\">L\u2019arr\u00eat\u00e9 pr\u00e9fectoral interdisant la vente de nourriture 30 minutes avant le coup d\u2019envoi du match et la reprise de ce service 15 minutes apr\u00e8s le coup de sifflet final, est maintenu notamment pour fluidifier les entr\u00e9es dans l\u2019enceinte du stade.\u00a0<\/p>\n<p>Votre r\u00e9gion, votre actu !<\/p>\n<p>Recevez chaque jour les infos qui comptent pour vous.<\/p>\n<p>\t<a href=\"https:\/\/actu.fr\/newsletter\" class=\"ac-btn ac-btn--corner ac-btn--medium ac-btn--blue800\" target=\"_blank\" rel=\"noopener\">S&rsquo;incrire<\/a><\/p>\n<p class=\" wall-content\">Les supporters nantais retrouveront l\u2019antre des Jaune et Vert ce samedi 30\u00a0ao\u00fbt (19\u2009h) lors du duel opposant les Canaris \u00e0 l\u2019AJ Auxerre lors de la <strong>3e journ\u00e9e de Ligue\u00a01<\/strong>.<\/p>\n<p class=\" wall-content\">Personnalisez votre actualit\u00e9 en ajoutant vos villes et m\u00e9dias en favori avec <a href=\"https:\/\/moncompte.actu.fr\" title=\"D\u00e9couvez Mon Actu\" rel=\"nofollow noopener\" data-trk=\"{&quot;cta&quot;:{&quot;action&quot;:&quot;https:\\\/\\\/moncompte.actu.fr&quot;,&quot;category&quot;:&quot;mon compte&quot;,&quot;from&quot;:&quot;article footer&quot;,&quot;name&quot;:&quot;Mon actu&quot;,&quot;type&quot;:&quot;cta&quot;}}\" target=\"_blank\">Mon Actu<\/a>.<\/p>\n","protected":false},"excerpt":{"rendered":"Par Thomas Bernard Publi\u00e9 le 27 ao\u00fbt 2025 \u00e0 6h32 C\u2019est une petite victoire. Le 17\u00a0ao\u00fbt dernier lors&hellip;\n","protected":false},"author":2,"featured_media":346844,"comment_status":"","ping_status":"","sticky":false,"template":"","format":"standard","meta":{"footnotes":""},"categories":[2818],"tags":[1111,11,5702,215,1777,674,462,63,1011,27,766,12,2636,25,60],"class_list":{"0":"post-346843","1":"post","2":"type-post","3":"status-publish","4":"format-standard","5":"has-post-thumbnail","7":"category-nantes","8":"tag-actu","9":"tag-actualites","10":"tag-alcool","11":"tag-commerce","12":"tag-eu","13":"tag-europe","14":"tag-fc-nantes","15":"tag-football","16":"tag-fr","17":"tag-france","18":"tag-nantes","19":"tag-news","20":"tag-pays-de-la-loire","21":"tag-republique-francaise","22":"tag-sports"},"share_on_mastodon":{"url":"https:\/\/pubeurope.com\/@fr\/115099077467969251","error":""},"_links":{"self":[{"href":"https:\/\/www.europesays.com\/fr\/wp-json\/wp\/v2\/posts\/346843","targetHints":{"allow":["GET"]}}],"collection":[{"href":"https:\/\/www.europesays.com\/fr\/wp-json\/wp\/v2\/posts"}],"about":[{"href":"https:\/\/www.europesays.com\/fr\/wp-json\/wp\/v2\/types\/post"}],"author":[{"embeddable":true,"href":"https:\/\/www.europesays.com\/fr\/wp-json\/wp\/v2\/users\/2"}],"replies":[{"embeddable":true,"href":"https:\/\/www.europesays.com\/fr\/wp-json\/wp\/v2\/comments?post=346843"}],"version-history":[{"count":0,"href":"https:\/\/www.europesays.com\/fr\/wp-json\/wp\/v2\/posts\/346843\/revisions"}],"wp:featuredmedia":[{"embeddable":true,"href":"https:\/\/www.europesays.com\/fr\/wp-json\/wp\/v2\/media\/346844"}],"wp:attachment":[{"href":"https:\/\/www.europesays.com\/fr\/wp-json\/wp\/v2\/media?parent=346843"}],"wp:term":[{"taxonomy":"category","embeddable":true,"href":"https:\/\/www.europesays.com\/fr\/wp-json\/wp\/v2\/categories?post=346843"},{"taxonomy":"post_tag","embeddable":true,"href":"https:\/\/www.europesays.com\/fr\/wp-json\/wp\/v2\/tags?post=346843"}],"curies":[{"name":"wp","href":"https:\/\/api.w.org\/{rel}","templated":true}]}}