{"id":346846,"date":"2025-08-27T05:29:19","date_gmt":"2025-08-27T05:29:19","guid":{"rendered":"https:\/\/www.europesays.com\/fr\/346846\/"},"modified":"2025-08-27T05:29:19","modified_gmt":"2025-08-27T05:29:19","slug":"quels-budget-contenu-et-enfants-concernes","status":"publish","type":"post","link":"https:\/\/www.europesays.com\/fr\/346846\/","title":{"rendered":"quels budget, contenu et enfants concern\u00e9s\u00a0?"},"content":{"rendered":"<p>            Par<br \/>\n        <strong><br \/>\n            <a href=\"https:\/\/actu.fr\/auteur\/juliette-cardinale\" title=\"Consulter tous les articles de Juliette Cardinale\" target=\"_blank\" rel=\"noopener\">Juliette Cardinale<\/a><br \/>\n        <\/strong><\/p>\n<p>        Publi\u00e9 le<\/p>\n<p>            27 ao\u00fbt 2025 \u00e0 6h32        <\/p>\n<p>\u00ab\u2009Le dispositif a fait ses preuves, 76\u2009% des parents interrog\u00e9s se sont d\u00e9clar\u00e9s satisfaits\u2009\u00bb, s\u2019est f\u00e9licit\u00e9 Pierre Hurmic, maire de Bordeaux, ce mardi 26 ao\u00fbt 2025. Pour cette rentr\u00e9e, la Ville <a href=\"https:\/\/actu.fr\/nouvelle-aquitaine\/bordeaux_33063\/a-bordeaux-tous-les-eleves-de-cp-vont-recevoir-des-fournitures-scolaires-gratuites_61486102.html\" target=\"_blank\" rel=\"noopener\">renouvelle donc l\u2019op\u00e9ration de distribution<\/a> de kits de fournitures <strong>gratuits pour tous les \u00e9l\u00e8ves de CP.<\/strong><\/p>\n<p class=\" wall-content\">Le dispositif permet de<strong> \u00ab\u2009garantir la gratuit\u00e9 d\u2019une rentr\u00e9e scolaire<\/strong> dans un souci \u00e9galitaire, de sobri\u00e9t\u00e9 et de sant\u00e9 publique\u2009\u00bb, a ajout\u00e9 Sylvie Schmitt, ajointe au maire charg\u00e9e de l\u2019\u00e9ducation, de l\u2019enfance et de la jeunesse.<\/p>\n<p>Des kits r\u00e9adapt\u00e9s aux retours du terrain<\/p>\n<p class=\" wall-content\">Ces kits sont con\u00e7us en lien avec <a href=\"https:\/\/actu.fr\/tag\/education\" target=\"_blank\" rel=\"noopener\">l\u2019\u00c9ducation nationale,<\/a> et \u00ab\u2009dans le respect de la libert\u00e9 p\u00e9dagogique de chaque enseignant\u2009\u00bb. On y trouve des \u00ab\u2009fournitures \u00e9coresponsables et <strong>sans perturbateurs endocriniens\u2009\u00bb,<\/strong> essentiellement fabriqu\u00e9es en France, ainsi qu\u2019une gourde en inox.<\/p>\n<p>Cantines z\u00e9ro plastique<\/p>\n<p>Dans un souci \u00e9coresponsable, des bacs en inox sont d\u00e9ploy\u00e9s dans les 119 \u00e9coles de Bordeaux entre les mois de septembre et d&rsquo;octobre 2025. Un pas de plus vers \u00ab\u00a0une cantine z\u00e9ro plastique pour la sant\u00e9 des \u00e9coliers et avec toujours plus de bio (70,7%) et de local (57%)\u00a0\u00bb, pr\u00e9cise la mairie.<\/p>\n<p class=\" wall-content\">Si l\u2019an dernier correspondait \u00e0 une phase d\u2019exp\u00e9rimentation, le retour des parents et enseignants a permis de retravailler le dispositif. \u00ab\u2009Les probl\u00e8mes soulev\u00e9s portaient sur la <strong>qualit\u00e9 de certaines fournitures<\/strong> et la quantit\u00e9 d\u2019autres\u2009\u00bb, explique Sylvie Schmitt.<\/p>\n<p class=\" wall-content\">Les enseignants ont d\u00e9sormais la possibilit\u00e9 de <strong>choisir entre deux kits\u2009:<\/strong> un classique ou \u00ab\u2009raisonn\u00e9\u2009\u00bb, et un durable. Tous deux comportent notamment des stylos, des crayons de couleur, une ardoise\u2026 Mais dans le kit durable, <strong>\u00ab\u2009des \u00e9l\u00e9ments sont mutualis\u00e9s<\/strong> pour l\u2019ensemble de la classe\u2009\u00bb, d\u00e9taille l\u2019adjointe \u00e0 l\u2019\u00e9ducation.<\/p>\n<p><a class=\"jo-module-caroussel__img-container\" href=\"https:\/\/static.actu.fr\/uploads\/2025\/08\/kits-de-fournitures-raisonne-gratuit-bordeaux.jpg\" title=\"Agrandir la photo Le kit de fournitures \u00ab\u00a0raisonn\u00e9\u00a0\u00bb distribu\u00e9 aux \u00e9l\u00e8ves de CP \u00e0 Bordeaux. (\u00a9 actu Bordeaux)\" data-idx=\"1\" target=\"_blank\" rel=\"noopener\"><br \/>\n    <img decoding=\"async\" class=\"jo-module-caroussel__img\" loading=\"lazy\" src=\"https:\/\/www.europesays.com\/fr\/wp-content\/uploads\/2025\/08\/kits-de-fournitures-raisonne-gratuit-bordeaux-640x427.jpg\" alt=\"Le kit de fournitures \u00ab\u00a0raisonn\u00e9\u00a0\u00bb distribu\u00e9 aux \u00e9l\u00e8ves de CP \u00e0 Bordeaux. (\u00a9 actu Bordeaux)\" width=\"640\" height=\"427\"\/><\/a><a class=\"jo-module-caroussel__img-container\" href=\"https:\/\/static.actu.fr\/uploads\/2025\/08\/kits-de-fournitures-durable-gratuit-bordeaux.jpg\" title=\"Agrandir la photo Le kit de fournitures \u00ab\u00a0durable\u00a0\u00bb distribu\u00e9 aux \u00e9l\u00e8ves de CP \u00e0 Bordeaux. (\u00a9 actu Bordeaux)\" data-idx=\"2\" target=\"_blank\" rel=\"noopener\"><br \/>\n    <img decoding=\"async\" class=\"jo-module-caroussel__img\" loading=\"lazy\" src=\"https:\/\/www.europesays.com\/fr\/wp-content\/uploads\/2025\/08\/kits-de-fournitures-durable-gratuit-bordeaux-640x427.jpg\" alt=\"Le kit de fournitures \u00ab\u00a0durable\u00a0\u00bb distribu\u00e9 aux \u00e9l\u00e8ves de CP \u00e0 Bordeaux. (\u00a9 actu Bordeaux)\" width=\"640\" height=\"427\"\/><\/a><\/p>\n<p>Votre r\u00e9gion, votre actu !<\/p>\n<p>Recevez chaque jour les infos qui comptent pour vous.<\/p>\n<p>\t<a href=\"https:\/\/actu.fr\/newsletter\" class=\"ac-btn ac-btn--corner ac-btn--medium ac-btn--blue800\" target=\"_blank\" rel=\"noopener\">S&rsquo;incrire<\/a><\/p>\n<p class=\" wall-content\">Au lieu de fournir quatre tubes de colle par \u00e9l\u00e8ve dans le kit raisonn\u00e9, le durable \u2013 choisi par 48% des \u00e9coles \u2013 comprend un <strong>grand bidon de colle liquide<\/strong> pour la classe et des petits pots r\u00e9utilisables pour chaque \u00e9l\u00e8ve. Finis les crayons de couleurs pour chaque \u00e9l\u00e8ve, de gros pots sont fournis aux enseignants.<\/p>\n<p class=\" wall-content\">\u00ab\u2009Plus de 80\u2009% des enseignants ont d\u00e9clar\u00e9 que les fournitures restent en classe\u2009\u00bb, ajoute Sylvie Schmitt. L\u2019id\u00e9e est donc simple\u2009: qu\u2019elles servent aux \u00e9l\u00e8ves de CP de l\u2019ann\u00e9e suivante dans la mesure du possible (ardoises, pots de colle, etc.). \u00ab\u2009\u00c7a nous permettra de travailler \u00e0 un kit pour les CE1, CE2\u00a0etc. et \u00e0 terme <strong>arriver \u00e0 la gratuit\u00e9 pour tous\u2009\u00bb,<\/strong> affirme l\u2019\u00e9lue.<\/p>\n<p>Quel co\u00fbt pour la collectivit\u00e9\u2009?<\/p>\n<p class=\" wall-content\">Le kit \u00ab\u2009correspond \u00e0 une <strong>\u00e9conomie de 50\u00a0euros par \u00e9l\u00e8ve<\/strong> pour les familles\u2009\u00bb, affirme Pierre Hurmic. En achetant les fournitures pour ses 2\u2009130\u00a0\u00e9l\u00e8ves de CP, la municipalit\u00e9 d\u00e9bourse environ 10\u00a0euros par kit.<\/p>\n<p class=\" wall-content\">\u00ab\u2009Ce dispositif <strong>ne prolonge en rien le budget allou\u00e9 aux \u00e9coles\u2009\u00bb,<\/strong> a soulign\u00e9 Pierre Hurmic. La somme est inscrite sur les 674\u2009000\u00a0euros de dotations scolaires allou\u00e9es pour cette rentr\u00e9e scolaire (46,90\u00a0euros par \u00e9l\u00e8ve d\u2019\u00e9l\u00e9mentaire et 35,40\u00a0euros par \u00e9l\u00e8ve de maternelle).<\/p>\n<p class=\" wall-content\">Dans la m\u00e9tropole girondine, la ville de Bordeaux n\u2019est <strong>pas la seule municipalit\u00e9<\/strong> \u00e0 mettre en place une telle initiative. <a href=\"https:\/\/actu.fr\/nouvelle-aquitaine\/villenave-d-ornon_33550\" target=\"_blank\" rel=\"noopener\">Villenave-d\u2019Ornon<\/a> distribue notamment des kits de rentr\u00e9e \u00e0 tous les enfants scolaris\u00e9s en \u00e9cole \u00e9l\u00e9mentaire, du CP au CM2, depuis l\u2019ann\u00e9e derni\u00e8re.<\/p>\n<p class=\" wall-content\">Personnalisez votre actualit\u00e9 en ajoutant vos villes et m\u00e9dias en favori avec <a href=\"https:\/\/moncompte.actu.fr\" title=\"D\u00e9couvez Mon Actu\" rel=\"nofollow noopener\" data-trk=\"{&quot;cta&quot;:{&quot;action&quot;:&quot;https:\\\/\\\/moncompte.actu.fr&quot;,&quot;category&quot;:&quot;mon compte&quot;,&quot;from&quot;:&quot;article footer&quot;,&quot;name&quot;:&quot;Mon actu&quot;,&quot;type&quot;:&quot;cta&quot;}}\" target=\"_blank\">Mon Actu<\/a>.<\/p>\n","protected":false},"excerpt":{"rendered":"Par Juliette Cardinale Publi\u00e9 le 27 ao\u00fbt 2025 \u00e0 6h32 \u00ab\u2009Le dispositif a fait ses preuves, 76\u2009% des&hellip;\n","protected":false},"author":2,"featured_media":346847,"comment_status":"","ping_status":"","sticky":false,"template":"","format":"standard","meta":{"footnotes":""},"categories":[2817],"tags":[1111,11,1997,4019,1719,1777,674,1011,27,12,2219,10918,25,104],"class_list":{"0":"post-346846","1":"post","2":"type-post","3":"status-publish","4":"format-standard","5":"has-post-thumbnail","7":"category-bordeaux","8":"tag-actu","9":"tag-actualites","10":"tag-bordeaux","11":"tag-ecoles","12":"tag-enfants","13":"tag-eu","14":"tag-europe","15":"tag-fr","16":"tag-france","17":"tag-news","18":"tag-nouvelle-aquitaine","19":"tag-rentree-scolaire","20":"tag-republique-francaise","21":"tag-societe"},"share_on_mastodon":{"url":"https:\/\/pubeurope.com\/@fr\/115099085440048391","error":""},"_links":{"self":[{"href":"https:\/\/www.europesays.com\/fr\/wp-json\/wp\/v2\/posts\/346846","targetHints":{"allow":["GET"]}}],"collection":[{"href":"https:\/\/www.europesays.com\/fr\/wp-json\/wp\/v2\/posts"}],"about":[{"href":"https:\/\/www.europesays.com\/fr\/wp-json\/wp\/v2\/types\/post"}],"author":[{"embeddable":true,"href":"https:\/\/www.europesays.com\/fr\/wp-json\/wp\/v2\/users\/2"}],"replies":[{"embeddable":true,"href":"https:\/\/www.europesays.com\/fr\/wp-json\/wp\/v2\/comments?post=346846"}],"version-history":[{"count":0,"href":"https:\/\/www.europesays.com\/fr\/wp-json\/wp\/v2\/posts\/346846\/revisions"}],"wp:featuredmedia":[{"embeddable":true,"href":"https:\/\/www.europesays.com\/fr\/wp-json\/wp\/v2\/media\/346847"}],"wp:attachment":[{"href":"https:\/\/www.europesays.com\/fr\/wp-json\/wp\/v2\/media?parent=346846"}],"wp:term":[{"taxonomy":"category","embeddable":true,"href":"https:\/\/www.europesays.com\/fr\/wp-json\/wp\/v2\/categories?post=346846"},{"taxonomy":"post_tag","embeddable":true,"href":"https:\/\/www.europesays.com\/fr\/wp-json\/wp\/v2\/tags?post=346846"}],"curies":[{"name":"wp","href":"https:\/\/api.w.org\/{rel}","templated":true}]}}