{"id":346848,"date":"2025-08-27T05:30:13","date_gmt":"2025-08-27T05:30:13","guid":{"rendered":"https:\/\/www.europesays.com\/fr\/346848\/"},"modified":"2025-08-27T05:30:13","modified_gmt":"2025-08-27T05:30:13","slug":"deeply-lep-intimiste-demma-ko-entre-jazz-pop-et-rock-seduit-le-public-toulousain","status":"publish","type":"post","link":"https:\/\/www.europesays.com\/fr\/346848\/","title":{"rendered":"\u00ab\u00a0Deeply\u00a0\u00bb\u00a0: l\u2019EP intimiste d\u2019Emma K\u00d8 entre jazz, pop et rock s\u00e9duit le public toulousain"},"content":{"rendered":"<p>\n                                                                    l&rsquo;essentiel<br \/>\n                                                                La sc\u00e8ne musicale toulousaine a r\u00e9v\u00e9l\u00e9 Emma K\u00d8, jeune autrice-compositrice passionn\u00e9e. Avec son premier EP Deeply, elle d\u00e9voile un univers intime en anglais, avant d\u2019int\u00e9grer la prestigieuse \u00e9cole de l\u2019INM.\n                            <\/p>\n<p>Emma Ko\u00efta, 21 ans, est une artiste compl\u00e8te.\u00a0Autrice-compositrice, elle produit aussi ses propres instrumentaux et vient de terminer des \u00e9tudes en 3D. Passionn\u00e9e de musique depuis l\u2019enfance, elle\u00a0encha\u00eene tr\u00e8s jeune les concours de chant dans le Lot-et-Garonne, mais c\u2019est sur les sc\u00e8nes toulousaines que la jeune femme forge son identit\u00e9. \u00ab\u00a0Toulouse m\u2019a permis de me lib\u00e9rer. Je suis tr\u00e8s timide, mais ici, tout est ouvert et chaleureux.\u00a0\u00bb Une timidit\u00e9 qu\u2019elle apprivoise au fil des sc\u00e8nes, port\u00e9e par une communaut\u00e9 bienveillante\u00a0: \u00ab\u00a0Au d\u00e9but, elle \u00e9tait tr\u00e8s discr\u00e8te\u00a0\u00bb, se souvient Guilhem, barman \u00e0 l\u2019O\u2019Brien Pub Esquirol. \u00ab\u00a0Et puis elle s\u2019est appropri\u00e9 le son, l\u2019espace, elle a cr\u00e9\u00e9 une vraie ambiance. C\u2019\u00e9tait beau \u00e0 voir.\u00a0\u00bb<\/p>\n<p class=\"std-elt__inline\">\n        <strong>\u00c0 lire aussi :<\/strong><br \/>\n        <a href=\"https:\/\/www.ladepeche.fr\/2024\/05\/09\/evie-stone-la-revelation-pop-rock-a-toulouse-11940081.php\" rel=\"nofollow noopener\" target=\"_blank\">Evie Stone\u00a0: la r\u00e9v\u00e9lation pop rock \u00e0 Toulouse<\/a>\n    <\/p>\n<p>C\u2019est dans ce m\u00eame bar, le 22\u00a0juillet 2025, qu\u2019Emma a d\u00e9voil\u00e9 Deeply, son premier EP de trois titres, qui plonge l\u2019auditeur dans son univers musical \u00e9clectique, m\u00ealant jazz, pop et rock.<\/p>\n<p>Un EP intime et envo\u00fbtant<\/p>\n<p>Pour cette artiste, la langue de Shakespeare s\u2019est impos\u00e9e comme le terrain d\u2019expression le plus libre, le plus instinctif. Elle lui permet de poser ses \u00e9motions sans filtre. Et \u00e7a fonctionne. Sur sc\u00e8ne, une connexion simple mais puissante s\u2019installe entre la chanteuse et le public. Le temps d\u2019un concert, la fronti\u00e8re entre l\u2019artiste et les spectateurs s\u2019efface. Ce qu\u2019elle chante devient une confidence que chacun re\u00e7oit \u00e0 sa mani\u00e8re\u00a0: \u00ab\u00a0Le titre Deeply signifie profond\u00e9ment, et c\u2019est vraiment ce que je veux transmettre\u00a0: la profondeur des \u00e9motions. Mon plus beau cadeau serait que quelqu\u2019un me dise qu\u2019il s\u2019est reconnu dans mes paroles, dans ma musique, et de voir que d\u2019autres ressentent ce que je ressens.\u00a0\u00bb<\/p>\n<p>Cap sur l\u2019Institut National de Musique<\/p>\n<p>Rep\u00e9r\u00e9e lors d\u2019un concours de chant organis\u00e9 \u00e0 Agen, Emma re\u00e7oit les recommandations d\u2019un membre du jury pour int\u00e9grer l\u2019Institut National des Arts du Music-hall (INM), une \u00e9cole prestigieuse situ\u00e9e au\u00a0Mans, qui forme les artistes de demain dans les domaines du chant, de la danse et de la com\u00e9die musicale.<\/p>\n<p>https:\/\/www.instagram.com\/p\/DLPicVsMMyF\/?img_index=1<\/p>\n<p>\u00ab\u00a0Je n\u2019ai pas gagn\u00e9 ce concours, mais j\u2019ai re\u00e7u un prix sp\u00e9cial \u2013 c\u2019\u00e9tait g\u00e9nial\u00a0\u00bb, sourit-elle, avant d\u2019ajouter\u00a0: \u00ab\u00a0Je vais dans cette \u00e9cole, pas forc\u00e9ment pour en faire mon m\u00e9tier, mais dans l\u2019optique de d\u00e9couvrir plein de choses. Je sais que je vais avoir des cours de danse, de chant et de th\u00e9\u00e2tre. Je vais suivre des cours de com\u00e9die musicale, et c\u2019est mon r\u00eave depuis des ann\u00e9es\u00a0\u00bb, dit-elle, le sourire aux l\u00e8vres, avant de conclure dans un souffle\u00a0: \u00ab\u00a0Tant que je monte sur sc\u00e8ne, ce sera super.\u00a0\u00bb<\/p>\n<p class=\"std-elt__inline\">\n        <strong>\u00c0 lire aussi :<\/strong><br \/>\n        <a href=\"https:\/\/www.ladepeche.fr\/2024\/12\/08\/salle-de-jeux-agrandie-festival-pop-rock-les-nouvelles-ambitions-du-casino-barriere-a-toulouse-12371607.php\" rel=\"nofollow noopener\" target=\"_blank\">Salle de jeux agrandie, festival pop rock\u2026 les nouvelles ambitions du casino Barri\u00e8re \u00e0 Toulouse<\/a>\n    <\/p>\n<p>Bien loin de ses bricolages d\u2019enfance, Emma se souvient de ses premi\u00e8res chansons, fabriqu\u00e9es dans sa chambre avec de la colle et du papier\u00a0: \u00ab\u00a0J\u2019avais 8 ans, j\u2019avais dessin\u00e9 une pochette d\u2019album, en papier \u00e0 carreaux, avec \u00e0 l\u2019int\u00e9rieur les paroles de mes chansons. Et \u00e0 la fin, j\u2019avais mis track 1, track 2\u00a0\u00bb, se souvient-elle en riant.<\/p>\n<p>                                                                                                                                                                                                        <script async src=\"\/\/www.instagram.com\/embed.js\"><\/script><\/p>\n","protected":false},"excerpt":{"rendered":"l&rsquo;essentiel La sc\u00e8ne musicale toulousaine a r\u00e9v\u00e9l\u00e9 Emma K\u00d8, jeune autrice-compositrice passionn\u00e9e. Avec son premier EP Deeply, elle&hellip;\n","protected":false},"author":2,"featured_media":346849,"comment_status":"","ping_status":"","sticky":false,"template":"","format":"standard","meta":{"footnotes":""},"categories":[2816],"tags":[1111,11,1777,674,1011,27,12,2680,25,2312],"class_list":{"0":"post-346848","1":"post","2":"type-post","3":"status-publish","4":"format-standard","5":"has-post-thumbnail","7":"category-toulouse","8":"tag-actu","9":"tag-actualites","10":"tag-eu","11":"tag-europe","12":"tag-fr","13":"tag-france","14":"tag-news","15":"tag-occitanie","16":"tag-republique-francaise","17":"tag-toulouse"},"share_on_mastodon":{"url":"https:\/\/pubeurope.com\/@fr\/115099089252609570","error":""},"_links":{"self":[{"href":"https:\/\/www.europesays.com\/fr\/wp-json\/wp\/v2\/posts\/346848","targetHints":{"allow":["GET"]}}],"collection":[{"href":"https:\/\/www.europesays.com\/fr\/wp-json\/wp\/v2\/posts"}],"about":[{"href":"https:\/\/www.europesays.com\/fr\/wp-json\/wp\/v2\/types\/post"}],"author":[{"embeddable":true,"href":"https:\/\/www.europesays.com\/fr\/wp-json\/wp\/v2\/users\/2"}],"replies":[{"embeddable":true,"href":"https:\/\/www.europesays.com\/fr\/wp-json\/wp\/v2\/comments?post=346848"}],"version-history":[{"count":0,"href":"https:\/\/www.europesays.com\/fr\/wp-json\/wp\/v2\/posts\/346848\/revisions"}],"wp:featuredmedia":[{"embeddable":true,"href":"https:\/\/www.europesays.com\/fr\/wp-json\/wp\/v2\/media\/346849"}],"wp:attachment":[{"href":"https:\/\/www.europesays.com\/fr\/wp-json\/wp\/v2\/media?parent=346848"}],"wp:term":[{"taxonomy":"category","embeddable":true,"href":"https:\/\/www.europesays.com\/fr\/wp-json\/wp\/v2\/categories?post=346848"},{"taxonomy":"post_tag","embeddable":true,"href":"https:\/\/www.europesays.com\/fr\/wp-json\/wp\/v2\/tags?post=346848"}],"curies":[{"name":"wp","href":"https:\/\/api.w.org\/{rel}","templated":true}]}}