{"id":34685,"date":"2025-04-18T18:46:25","date_gmt":"2025-04-18T18:46:25","guid":{"rendered":"https:\/\/www.europesays.com\/fr\/34685\/"},"modified":"2025-04-18T18:46:25","modified_gmt":"2025-04-18T18:46:25","slug":"la-deputee-insoumise-elisa-martin-defend-les-etudiants-de-sciences-po","status":"publish","type":"post","link":"https:\/\/www.europesays.com\/fr\/34685\/","title":{"rendered":"la d\u00e9put\u00e9e insoumise Elisa Martin d\u00e9fend les \u00e9tudiants de Sciences-Po"},"content":{"rendered":"<p>\u201cLa jeunesse a raison de soutenir le peuple palestinien\u00a0!\u201d c\u2019est avec ce communiqu\u00e9 la d\u00e9put\u00e9 insoumise de Grenoble, <a href=\"https:\/\/www.ledauphine.com\/p\/elisa-martin\" target=\"_blank\" rel=\"noopener\">\u00c9lisa Martin<\/a>, a pris la parole apr\u00e8s les remous et le blocage pendant deux heures de l\u2019Institut de Sciences politiques du campus de Grenoble.<\/p>\n<p>Certains \u00e9tudiants ont manifest\u00e9 contre le fait que l\u2019\u00e9quipe de foot de Sciences-Po soit \u00ab\u00a0priv\u00e9e\u00a0\u00bb d\u2019une comp\u00e9tition ce week-end \u00e0 Istres, apr\u00e8s le d\u00e9ploiement d\u2019une banderole sur Gaza lors d\u2019un derby entre Lyon et Grenoble, le 22\u00a0mars dernier. La banderole d\u00e9tournait le slogan de l\u2019IEP, sur l\u2019\u00e9cole ouverte au monde, en d\u00e9plorant qu\u2019elle ne le soit pas pour Gaza. Et elle \u00e9tait assortie de pochoirs de \u00ab\u00a0mains rouges\u00a0\u00bb, symbole plurivoque mais qui a \u00e9t\u00e9 utilis\u00e9 par le pass\u00e9 lors de profanations antis\u00e9mites.<\/p>\n<p>  \u00ab\u00a0Je condamne fermement ces actes portant atteinte aux libert\u00e9s d\u2019expression, d\u2019opinion et de manifestation\u00a0\u00bb<\/p>\n<p>La parlementaire Elisa Martin a d\u00e9clar\u00e9 dans un communiqu\u00e9\u00a0: \u00ab\u00a0Apr\u00e8s Sciences Po Paris o\u00f9 trois \u00e9tudiants se sont vus \u00e9coper d\u2019une exclusion de trente jours de l\u2019\u00e9tablissement pour s\u2019\u00eatre mobilis\u00e9s contre le g\u00e9nocide en Palestine et l\u2019 <a href=\"https:\/\/www.dna.fr\/education\/2025\/04\/10\/a-sciences-po-strasbourg-la-police-met-fin-au-blocage\" target=\"_blank\" rel=\"noopener\">IEP de Strasbourg<\/a> o\u00f9 les manifestations ont \u00e9t\u00e9 r\u00e9prim\u00e9es par l\u2019envoi de CRS, c\u2019est au tour de l\u2019IEP de Grenoble de prendre des sanctions pour faire taire les voix qui questionnent le silence complice des institutions face \u00e0 <a href=\"https:\/\/www.ledauphine.com\/defense-guerre-conflit\/2025\/04\/14\/a-gaza-probablement-la-pire-situation-humanitaire-depuis-le-debut-de-la-guerre-alerte-l-onu\" target=\"_blank\" rel=\"noopener\">l\u2019horreur<\/a> qui se d\u00e9roule en ce moment \u00e0 Gaza.<\/p>\n<p>L\u2019\u00e9quipe masculine de football a \u00e9t\u00e9 interdite de participer aux jeux inter-sciences po et un membre de celle-ci a \u00e9t\u00e9 exclu de l\u2019Association Sportive jusqu\u2019au 9\u00a0mai pour avoir post\u00e9 sur son compte Instagram personnel une photo prise apr\u00e8s un match sur laquelle apparaissaient des drapeaux palestiniens et une banderole. Cette sanction s\u2019inscrit dans un contexte pr\u00e9occupant de remise en cause totale de la libert\u00e9 d\u2019expression dans l\u2019Enseignement Sup\u00e9rieur, particuli\u00e8rement au sujet de la situation palestinienne.<\/p>\n<p>En octobre dernier, <a href=\"https:\/\/www.ledauphine.com\/p\/patrick-hetzel\" target=\"_blank\" rel=\"noopener\">Patrick Hetzel<\/a>, alors Ministre de l\u2019Enseignement Sup\u00e9rieur et de la Recherche, avait adress\u00e9 une lettre \u00e0 tous les pr\u00e9sidents d\u2019universit\u00e9 dans laquelle il les invitait \u00e0 faire en sorte d\u2019\u00e9viter toute mobilisation \u00e9tudiante autour de ce sujet, pr\u00e9textant le devoir de neutralit\u00e9 et de la\u00efcit\u00e9. Plus r\u00e9cemment, le pr\u00e9sident de l\u2019Universit\u00e9 Grenoble Alpes a d\u00e9cid\u00e9 de retirer l\u2019agr\u00e9ment de l\u2019Union \u00c9tudiante pendant deux mois. Il justifie cette sanction en s\u2019appuyant sur un communiqu\u00e9 du syndicat datant du 17\u00a0d\u00e9cembre 2024 dans lequel sont rendus publics les votes au Conseil d\u2019Administration \u00e0 l\u2019encontre d\u2019une motion en soutien au peuple palestinien et o\u00f9 sont d\u00e9nonc\u00e9s les obstacles mis en place par l\u2019universit\u00e9 contre la mobilisation \u00e9tudiante.<\/p>\n<p>De plus, aucun cadre permettant le contradictoire et la d\u00e9fense n\u2019a pr\u00e9c\u00e9d\u00e9 cette d\u00e9cision. Je condamne fermement ces actes portant atteinte aux libert\u00e9s d\u2019expression, d\u2019opinion et de manifestation. Je reste vigilante \u00e0 l\u2019\u00e9volution de la situation et aux suites donn\u00e9es.\u00a0\u00bb<\/p>\n","protected":false},"excerpt":{"rendered":"\u201cLa jeunesse a raison de soutenir le peuple palestinien\u00a0!\u201d c\u2019est avec ce communiqu\u00e9 la d\u00e9put\u00e9 insoumise de Grenoble,&hellip;\n","protected":false},"author":2,"featured_media":34686,"comment_status":"","ping_status":"","sticky":false,"template":"","format":"standard","meta":{"footnotes":""},"categories":[9566],"tags":[1111,11,2430,3206,112,1057,4854,1777,674,107,1011,27,2731,2732,108,2338,12,316,25],"class_list":{"0":"post-34685","1":"post","2":"type-post","3":"status-publish","4":"format-standard","5":"has-post-thumbnail","7":"category-grenoble","8":"tag-actu","9":"tag-actualites","10":"tag-auvergne-rhone-alpes","11":"tag-defense-guerre-conflit","12":"tag-edition-grenoble-agglomeration","13":"tag-education","14":"tag-enseignement-superieur","15":"tag-eu","16":"tag-europe","17":"tag-fil-info","18":"tag-fr","19":"tag-france","20":"tag-grenoble","21":"tag-grenoble-bassin","22":"tag-isere","23":"tag-la-france-insoumise","24":"tag-news","25":"tag-politique","26":"tag-republique-francaise"},"share_on_mastodon":{"url":"https:\/\/pubeurope.com\/@fr\/114360456570465684","error":""},"_links":{"self":[{"href":"https:\/\/www.europesays.com\/fr\/wp-json\/wp\/v2\/posts\/34685","targetHints":{"allow":["GET"]}}],"collection":[{"href":"https:\/\/www.europesays.com\/fr\/wp-json\/wp\/v2\/posts"}],"about":[{"href":"https:\/\/www.europesays.com\/fr\/wp-json\/wp\/v2\/types\/post"}],"author":[{"embeddable":true,"href":"https:\/\/www.europesays.com\/fr\/wp-json\/wp\/v2\/users\/2"}],"replies":[{"embeddable":true,"href":"https:\/\/www.europesays.com\/fr\/wp-json\/wp\/v2\/comments?post=34685"}],"version-history":[{"count":0,"href":"https:\/\/www.europesays.com\/fr\/wp-json\/wp\/v2\/posts\/34685\/revisions"}],"wp:featuredmedia":[{"embeddable":true,"href":"https:\/\/www.europesays.com\/fr\/wp-json\/wp\/v2\/media\/34686"}],"wp:attachment":[{"href":"https:\/\/www.europesays.com\/fr\/wp-json\/wp\/v2\/media?parent=34685"}],"wp:term":[{"taxonomy":"category","embeddable":true,"href":"https:\/\/www.europesays.com\/fr\/wp-json\/wp\/v2\/categories?post=34685"},{"taxonomy":"post_tag","embeddable":true,"href":"https:\/\/www.europesays.com\/fr\/wp-json\/wp\/v2\/tags?post=34685"}],"curies":[{"name":"wp","href":"https:\/\/api.w.org\/{rel}","templated":true}]}}