{"id":346850,"date":"2025-08-27T05:31:11","date_gmt":"2025-08-27T05:31:11","guid":{"rendered":"https:\/\/www.europesays.com\/fr\/346850\/"},"modified":"2025-08-27T05:31:11","modified_gmt":"2025-08-27T05:31:11","slug":"cela-a-marche-la-taxe-retard-des-parents-aux-activites-periscolaires-est-reconduite-a-toulouse","status":"publish","type":"post","link":"https:\/\/www.europesays.com\/fr\/346850\/","title":{"rendered":"\u00ab\u00a0Cela a march\u00e9\u00a0\u00bb\u00a0: la \u00ab\u00a0taxe retard\u00a0\u00bb des parents aux activit\u00e9s p\u00e9riscolaires est reconduite \u00e0 Toulouse"},"content":{"rendered":"<p class=\"paragraph text_align_left lp-f-body-02\">La mesure annonc\u00e9e avant la rentr\u00e9e scolaire 2024-2025 avait suscit\u00e9 des critiques de l\u2019opposition municipale et <a href=\"https:\/\/www.leparisien.fr\/societe\/famille\/les-taxes-retard-contre-les-parents-sement-la-discorde-25-07-2024-ZPLVCDM5IBBWVFSQAYXIIZ5XLY.php\" target=\"_blank\" rel=\"noreferrer noopener\">la lev\u00e9e de boucliers de certains parents d\u2019\u00e9l\u00e8ves \u00e0 Toulouse<\/a> (Haute-Garonne), qui la jugeaient \u00ab injuste et discriminatoire \u00bb. Un an apr\u00e8s la mise en place d\u2019une p\u00e9nalit\u00e9 financi\u00e8re de 30 euros pour les retards r\u00e9p\u00e9t\u00e9s des parents \u00e0 la sortie des Centre de loisirs associ\u00e9s \u00e0 l\u2019\u00e9cole (CLAE), la municipalit\u00e9 se f\u00e9licite de son efficacit\u00e9.<\/p>\n<p class=\"paragraph text_align_left lp-f-body-02\">\u00ab Cela a march\u00e9, notamment gr\u00e2ce \u00e0 l\u2019opposition municipale qui n\u2019a cess\u00e9 d\u2019en parler, puisque nous avons recens\u00e9 une cinquantaine de p\u00e9nalit\u00e9s sur l\u2019ann\u00e9e scolaire derni\u00e8re \u00bb, souligne Jean-Luc Moudenc, le maire de Toulouse, qui compte 211 CLAE. \u00ab Cela a rectifi\u00e9 le comportement de la minorit\u00e9 de parents qui impactaient la vie personnelle des agents. \u00bb<\/p>\n<p class=\"paragraph text_align_left lp-f-body-02\">Pour Marion Lalane de Labaud\u00e8re, adjointe charg\u00e9e de l\u2019\u00e9ducation, \u00ab l\u2019objectif n\u2019\u00e9tait \u00e9videmment pas de faire des recettes, mais de r\u00e9duire les retards. La mesure est positive et donc reconduite \u00e0 cette rentr\u00e9e \u00bb.<\/p>\n<p>De 8 000 retards \u00e0 400 courriers d\u2019avertissement<\/p>\n<p class=\"paragraph text_align_left lp-f-body-02\">Face \u00e0 l\u2019augmentation de ces retards des parents aux CLAE les ann\u00e9es pr\u00e9c\u00e9dentes \u2013 jusqu\u2019\u00e0 8 000 en 2023-2024 \u2013 la mairie avait d\u00e9cid\u00e9 de s\u00e9vir. De septembre 2024 \u00e0 janvier 2025, une phase d\u2019avertissement avait \u00e9t\u00e9 mise en place, d\u00e9j\u00e0 dissuasive, avec seulement 400 courriers envoy\u00e9s. Les amendes de p\u00e9nalit\u00e9s sont ensuite tomb\u00e9es pour les parents r\u00e9calcitrants.<\/p>\n<p class=\"paragraph text_align_left lp-f-body-02\">D\u2019autres grandes villes en France <a href=\"https:\/\/www.leparisien.fr\/societe\/famille\/les-taxes-retard-contre-les-parents-sement-la-discorde-25-07-2024-ZPLVCDM5IBBWVFSQAYXIIZ5XLY.php\" target=\"_blank\" rel=\"noreferrer noopener\">ont \u00e9galement mis en place ce genre de sanctions financi\u00e8res<\/a> pour les parents trop souvent retardataires, comme Bordeaux. Certaines municipalit\u00e9s comme Strasbourg et Marseille n\u2019accueillent plus les enfants en cas d\u2019abus.<\/p>\n","protected":false},"excerpt":{"rendered":"La mesure annonc\u00e9e avant la rentr\u00e9e scolaire 2024-2025 avait suscit\u00e9 des critiques de l\u2019opposition municipale et la lev\u00e9e&hellip;\n","protected":false},"author":2,"featured_media":346851,"comment_status":"","ping_status":"","sticky":false,"template":"","format":"standard","meta":{"footnotes":""},"categories":[2816],"tags":[1111,11,459,1777,674,1011,27,4623,12,2680,25,104,2312],"class_list":{"0":"post-346850","1":"post","2":"type-post","3":"status-publish","4":"format-standard","5":"has-post-thumbnail","7":"category-toulouse","8":"tag-actu","9":"tag-actualites","10":"tag-departements-horsidfo","11":"tag-eu","12":"tag-europe","13":"tag-fr","14":"tag-france","15":"tag-haute-garonne-31","16":"tag-news","17":"tag-occitanie","18":"tag-republique-francaise","19":"tag-societe","20":"tag-toulouse"},"share_on_mastodon":{"url":"https:\/\/pubeurope.com\/@fr\/115099093201896490","error":""},"_links":{"self":[{"href":"https:\/\/www.europesays.com\/fr\/wp-json\/wp\/v2\/posts\/346850","targetHints":{"allow":["GET"]}}],"collection":[{"href":"https:\/\/www.europesays.com\/fr\/wp-json\/wp\/v2\/posts"}],"about":[{"href":"https:\/\/www.europesays.com\/fr\/wp-json\/wp\/v2\/types\/post"}],"author":[{"embeddable":true,"href":"https:\/\/www.europesays.com\/fr\/wp-json\/wp\/v2\/users\/2"}],"replies":[{"embeddable":true,"href":"https:\/\/www.europesays.com\/fr\/wp-json\/wp\/v2\/comments?post=346850"}],"version-history":[{"count":0,"href":"https:\/\/www.europesays.com\/fr\/wp-json\/wp\/v2\/posts\/346850\/revisions"}],"wp:featuredmedia":[{"embeddable":true,"href":"https:\/\/www.europesays.com\/fr\/wp-json\/wp\/v2\/media\/346851"}],"wp:attachment":[{"href":"https:\/\/www.europesays.com\/fr\/wp-json\/wp\/v2\/media?parent=346850"}],"wp:term":[{"taxonomy":"category","embeddable":true,"href":"https:\/\/www.europesays.com\/fr\/wp-json\/wp\/v2\/categories?post=346850"},{"taxonomy":"post_tag","embeddable":true,"href":"https:\/\/www.europesays.com\/fr\/wp-json\/wp\/v2\/tags?post=346850"}],"curies":[{"name":"wp","href":"https:\/\/api.w.org\/{rel}","templated":true}]}}