{"id":346853,"date":"2025-08-27T05:32:10","date_gmt":"2025-08-27T05:32:10","guid":{"rendered":"https:\/\/www.europesays.com\/fr\/346853\/"},"modified":"2025-08-27T05:32:10","modified_gmt":"2025-08-27T05:32:10","slug":"ce-que-reserve-ilevia-pour-la-rentree-dans-le-metro-et-le-tramway","status":"publish","type":"post","link":"https:\/\/www.europesays.com\/fr\/346853\/","title":{"rendered":"ce que r\u00e9serve Il\u00e9via pour la rentr\u00e9e dans le m\u00e9tro et le tramway"},"content":{"rendered":"<p>            Par<br \/>\n        <strong><br \/>\n            <a href=\"https:\/\/actu.fr\/auteur\/nicolas-demollien\" title=\"Consulter tous les articles de Nicolas Demollien\" rel=\"nofollow noopener\" target=\"_blank\">Nicolas Demollien<\/a><br \/>\n        <\/strong><\/p>\n<p>        Publi\u00e9 le<\/p>\n<p>            27 ao\u00fbt 2025 \u00e0 6h36        <\/p>\n<p>\u00ab\u00a0Une offre de <a href=\"https:\/\/actu.fr\/tag\/transport\" rel=\"nofollow noopener\" target=\"_blank\">transport<\/a> enrichie et pens\u00e9e pour s\u2019adapter aux usages quotidiens des m\u00e9tropolitains.\u00a0\u00bb Voil\u00e0 la promesse d\u2019<a href=\"https:\/\/actu.fr\/tag\/ilevia\" rel=\"nofollow noopener\" target=\"_blank\">Il\u00e9via<\/a> dans la m\u00e9tropole de <a href=\"https:\/\/actu.fr\/hauts-de-france\/lille_59350\" rel=\"nofollow noopener\" target=\"_blank\">Lille<\/a> (Nord). Et cela d\u00e9marrera d\u00e8s lundi 1er septembre 2025 sur les <b>lignes de m\u00e9tro et de tramway<\/b> avec des \u00ab\u00a0<b>heures de passages \u00e9largies<\/b>, une <b>fr\u00e9quence renforc\u00e9e<\/b>\u00a0et des <b>trajets simplifi\u00e9s.<\/b>\u00a0\u00bb On fait le point.<\/p>\n<p>Il\u00e9via promet des m\u00e9tros plus tard et plus souvent \u00e0 Lille<\/p>\n<p data-end=\"1092\" class=\" wall-content\">\u00c0 compter de ce lundi, Il\u00e9via adapte ainsi l\u2019offre de la <b>ligne 2 en prolongeant son amplitude<\/b> jusqu\u2019\u00e0 1h30 le samedi soir, au d\u00e9part de <a href=\"https:\/\/actu.fr\/tag\/gare-lille-flandres\" rel=\"nofollow noopener\" target=\"_blank\">Gare Lille Flandres<\/a>. \u00ab\u00a0Une avanc\u00e9e tr\u00e8s attendue, destin\u00e9e \u00e0 aligner l\u2019offre de transport sur les deux lignes de m\u00e9tro et renforcer l\u2019attractivit\u00e9 du r\u00e9seau en soir\u00e9e\u00a0\u00bb, assure-t-on du c\u00f4t\u00e9 d\u2019Il\u00e9via.<\/p>\n<p data-end=\"1536\" class=\" wall-content\">Notons que l\u2019<b>amplitude du m\u00e9tro \u00e9volue \u00e9galement<\/b> : les deux lignes verront leurs premiers d\u00e9parts avanc\u00e9s \u00e0 5h du matin (au lieu de 5h12) du lundi au samedi, et \u00e0 6h le dimanche (au lieu de 6h24), tout au long de l\u2019ann\u00e9e. \u00ab\u00a0Ce changement permettra aussi d<b>\u2018assurer la correspondance avec le premier OUIGO<\/b> au d\u00e9part de la gare de <a href=\"https:\/\/actu.fr\/hauts-de-france\/tourcoing_59599\" rel=\"nofollow noopener\" target=\"_blank\">Tourcoing<\/a> (du lundi au samedi)\u00a0\u00bb, note l\u2019entreprise de transport.<\/p>\n<p data-end=\"1805\" class=\" wall-content\">Enfin, la ligne 2 b\u00e9n\u00e9ficiera d\u2019une simplification de son itin\u00e9raire, avec la <b>suppression du terminus partiel \u00e0 Fort de Mons<\/b>. \u00ab\u00a0D\u00e9sormais, toutes les rames desserviront syst\u00e9matiquement le terminus de CH Dron, am\u00e9liorant ainsi la lisibilit\u00e9 et la fluidit\u00e9 du service.\u00a0\u00bb<\/p>\n<p>Une offre de transport \u00e9galement renforc\u00e9e sur le tramway<\/p>\n<p data-end=\"2458\" class=\" wall-content\">C\u00f4t\u00e9 tramway, apr\u00e8s plusieurs semaines de travaux de mise en conformit\u00e9 et de r\u00e9novation des quais et infrastructures, en pr\u00e9paration de l\u2019arriv\u00e9e du nouveau mat\u00e9riel roulant pr\u00e9vue pour 2026, le <b>r\u00e9seau retrouve son fonctionnement normal<\/b> sur les deux lignes.<\/p>\n<p data-end=\"2458\" class=\" wall-content\">La<b> fr\u00e9quence sera renforc\u00e9e le dimanche apr\u00e8s-midi<\/b>, en dehors de la p\u00e9riode estivale\u00a0\u00bb, annonce Il\u00e9via. Le tramway circulera toutes les 10 minutes sur le tronc commun (au lieu de 15 minutes) et toutes les 20 minutes sur les branches Roubaix et Tourcoing (au lieu de 30 minutes), afin de mieux accompagner les d\u00e9placements dominicaux.<\/p>\n<p>Votre r\u00e9gion, votre actu !<\/p>\n<p>Recevez chaque jour les infos qui comptent pour vous.<\/p>\n<p>\t<a href=\"https:\/\/actu.fr\/newsletter\" class=\"ac-btn ac-btn--corner ac-btn--medium ac-btn--blue800\" rel=\"nofollow noopener\" target=\"_blank\">S&rsquo;incrire<\/a><\/p>\n<p data-end=\"2725\" class=\" wall-content\">L\u2019entreprise pr\u00e9cise enfin que les bus \u00ab\u00a0circuleront \u00e0 100 % de leurs capacit\u00e9s, selon les horaires de la grille de rentr\u00e9e\u00a0\u00bb. Bonne nouvelle \u00e9galement pour les noctambules : d\u00e8s le 11 septembre, la ligne de nuit N1 reprendra son itin\u00e9raire nominal, avec la fin des travaux dans le secteur Mass\u00e9na.<\/p>\n<p data-end=\"2725\" class=\" wall-content\">Plus d\u2019infos sur <a href=\"https:\/\/www.ilevia.fr\/\" rel=\"nofollow noopener\" target=\"_blank\">ilevia.fr<\/a><\/p>\n<p class=\" wall-content\">Personnalisez votre actualit\u00e9 en ajoutant vos villes et m\u00e9dias en favori avec <a href=\"https:\/\/moncompte.actu.fr\" title=\"D\u00e9couvez Mon Actu\" rel=\"nofollow noopener\" data-trk=\"{&quot;cta&quot;:{&quot;action&quot;:&quot;https:\\\/\\\/moncompte.actu.fr&quot;,&quot;category&quot;:&quot;mon compte&quot;,&quot;from&quot;:&quot;article footer&quot;,&quot;name&quot;:&quot;Mon actu&quot;,&quot;type&quot;:&quot;cta&quot;}}\" target=\"_blank\">Mon Actu<\/a>.<\/p>\n","protected":false},"excerpt":{"rendered":"Par Nicolas Demollien Publi\u00e9 le 27 ao\u00fbt 2025 \u00e0 6h36 \u00ab\u00a0Une offre de transport enrichie et pens\u00e9e pour&hellip;\n","protected":false},"author":2,"featured_media":346854,"comment_status":"","ping_status":"","sticky":false,"template":"","format":"standard","meta":{"footnotes":""},"categories":[2815],"tags":[1111,11,1777,674,1011,27,811,4288,1307,12,25,104,2803],"class_list":{"0":"post-346853","1":"post","2":"type-post","3":"status-publish","4":"format-standard","5":"has-post-thumbnail","7":"category-lille","8":"tag-actu","9":"tag-actualites","10":"tag-eu","11":"tag-europe","12":"tag-fr","13":"tag-france","14":"tag-hauts-de-france","15":"tag-ilevia","16":"tag-lille","17":"tag-news","18":"tag-republique-francaise","19":"tag-societe","20":"tag-transport"},"share_on_mastodon":{"url":"https:\/\/pubeurope.com\/@fr\/115099097123241477","error":""},"_links":{"self":[{"href":"https:\/\/www.europesays.com\/fr\/wp-json\/wp\/v2\/posts\/346853","targetHints":{"allow":["GET"]}}],"collection":[{"href":"https:\/\/www.europesays.com\/fr\/wp-json\/wp\/v2\/posts"}],"about":[{"href":"https:\/\/www.europesays.com\/fr\/wp-json\/wp\/v2\/types\/post"}],"author":[{"embeddable":true,"href":"https:\/\/www.europesays.com\/fr\/wp-json\/wp\/v2\/users\/2"}],"replies":[{"embeddable":true,"href":"https:\/\/www.europesays.com\/fr\/wp-json\/wp\/v2\/comments?post=346853"}],"version-history":[{"count":0,"href":"https:\/\/www.europesays.com\/fr\/wp-json\/wp\/v2\/posts\/346853\/revisions"}],"wp:featuredmedia":[{"embeddable":true,"href":"https:\/\/www.europesays.com\/fr\/wp-json\/wp\/v2\/media\/346854"}],"wp:attachment":[{"href":"https:\/\/www.europesays.com\/fr\/wp-json\/wp\/v2\/media?parent=346853"}],"wp:term":[{"taxonomy":"category","embeddable":true,"href":"https:\/\/www.europesays.com\/fr\/wp-json\/wp\/v2\/categories?post=346853"},{"taxonomy":"post_tag","embeddable":true,"href":"https:\/\/www.europesays.com\/fr\/wp-json\/wp\/v2\/tags?post=346853"}],"curies":[{"name":"wp","href":"https:\/\/api.w.org\/{rel}","templated":true}]}}