{"id":346860,"date":"2025-08-27T05:36:13","date_gmt":"2025-08-27T05:36:13","guid":{"rendered":"https:\/\/www.europesays.com\/fr\/346860\/"},"modified":"2025-08-27T05:36:13","modified_gmt":"2025-08-27T05:36:13","slug":"une-ambiance-lourde-et-orageuse-ce-mercredi-a-lyon-jusqua-29-degres-attendus","status":"publish","type":"post","link":"https:\/\/www.europesays.com\/fr\/346860\/","title":{"rendered":"Une ambiance lourde et orageuse ce mercredi \u00e0 Lyon, jusqu&rsquo;\u00e0 29 degr\u00e9s attendus"},"content":{"rendered":"<p>                            <img loading=\"lazy\" width=\"960\" height=\"600\" class=\"attachment-article size-article wp-post-image lazyload\" alt=\"orage Lyon\" decoding=\"async\" src=\"https:\/\/www.europesays.com\/fr\/wp-content\/uploads\/2025\/05\/orage-tres-violent-lyon-3-juin-2023-meteo-pluie-deluge-images-pourquoi-960x640-1-e1712063490609.jpg\" data-eio-rwidth=\"960\" data-eio-rheight=\"600\"\/><\/p>\n<p>Illustration Romain Weber-Lyon M\u00e9t\u00e9o<\/p>\n<p class=\"content\" style=\"font-size:1.2em;font-weight:700\">C&rsquo;est une nouvelle journ\u00e9e tr\u00e8s humide, avec des temp\u00e9ratures lourdes, qui attend toute l&rsquo;agglom\u00e9ration lyonnaise ce mercredi 27 ao\u00fbt 2025.<\/p>\n<p>Apr\u00e8s un d\u00e9but de semaine plut\u00f4t cl\u00e9ment et un mois d&rsquo;ao\u00fbt au sec, Lyon s&rsquo;appr\u00eate \u00e0 vivre des derniers jours de vacances humide. Ce mercredi 27 ao\u00fbt, c&rsquo;est un temps lourd et orageux qui attend toute l&rsquo;agglom\u00e9ration lyonnaise, avec un risque d&rsquo;orages qui devrait s&rsquo;amplifier en fin de journ\u00e9e et jusque dans la nuit prochaine. <\/p>\n<p>C\u00f4t\u00e9 temp\u00e9ratures, il fait 19 degr\u00e9s ce mercredi matin et le mercure grimpera jusqu&rsquo;\u00e0 29 degr\u00e9s dans l&rsquo;apr\u00e8s-midi, avec des temp\u00e9ratures ressenties, qui selon M\u00e9t\u00e9o France, pourraient atteindre les 34 degr\u00e9s en raison de l&rsquo;humidit\u00e9 ambiante.<\/p>\n","protected":false},"excerpt":{"rendered":"Illustration Romain Weber-Lyon M\u00e9t\u00e9o C&rsquo;est une nouvelle journ\u00e9e tr\u00e8s humide, avec des temp\u00e9ratures lourdes, qui attend toute l&rsquo;agglom\u00e9ration&hellip;\n","protected":false},"author":2,"featured_media":73748,"comment_status":"","ping_status":"","sticky":false,"template":"","format":"standard","meta":{"footnotes":""},"categories":[1889],"tags":[1111,11,2430,1777,674,1011,27,2428,12,25],"class_list":{"0":"post-346860","1":"post","2":"type-post","3":"status-publish","4":"format-standard","5":"has-post-thumbnail","7":"category-lyon","8":"tag-actu","9":"tag-actualites","10":"tag-auvergne-rhone-alpes","11":"tag-eu","12":"tag-europe","13":"tag-fr","14":"tag-france","15":"tag-lyon","16":"tag-news","17":"tag-republique-francaise"},"share_on_mastodon":{"url":"https:\/\/pubeurope.com\/@fr\/115099112858413121","error":""},"_links":{"self":[{"href":"https:\/\/www.europesays.com\/fr\/wp-json\/wp\/v2\/posts\/346860","targetHints":{"allow":["GET"]}}],"collection":[{"href":"https:\/\/www.europesays.com\/fr\/wp-json\/wp\/v2\/posts"}],"about":[{"href":"https:\/\/www.europesays.com\/fr\/wp-json\/wp\/v2\/types\/post"}],"author":[{"embeddable":true,"href":"https:\/\/www.europesays.com\/fr\/wp-json\/wp\/v2\/users\/2"}],"replies":[{"embeddable":true,"href":"https:\/\/www.europesays.com\/fr\/wp-json\/wp\/v2\/comments?post=346860"}],"version-history":[{"count":0,"href":"https:\/\/www.europesays.com\/fr\/wp-json\/wp\/v2\/posts\/346860\/revisions"}],"wp:featuredmedia":[{"embeddable":true,"href":"https:\/\/www.europesays.com\/fr\/wp-json\/wp\/v2\/media\/73748"}],"wp:attachment":[{"href":"https:\/\/www.europesays.com\/fr\/wp-json\/wp\/v2\/media?parent=346860"}],"wp:term":[{"taxonomy":"category","embeddable":true,"href":"https:\/\/www.europesays.com\/fr\/wp-json\/wp\/v2\/categories?post=346860"},{"taxonomy":"post_tag","embeddable":true,"href":"https:\/\/www.europesays.com\/fr\/wp-json\/wp\/v2\/tags?post=346860"}],"curies":[{"name":"wp","href":"https:\/\/api.w.org\/{rel}","templated":true}]}}