{"id":346861,"date":"2025-08-27T05:37:16","date_gmt":"2025-08-27T05:37:16","guid":{"rendered":"https:\/\/www.europesays.com\/fr\/346861\/"},"modified":"2025-08-27T05:37:16","modified_gmt":"2025-08-27T05:37:16","slug":"une-premiere-etape-en-vue-de-la-restauration-de-lhotel-de-ville-de-lyon","status":"publish","type":"post","link":"https:\/\/www.europesays.com\/fr\/346861\/","title":{"rendered":"une premi\u00e8re \u00e9tape en vue de la restauration de l\u2019h\u00f4tel de ville de Lyon\ufeff"},"content":{"rendered":"<p> La mairie annonce qu\u2019elle lance l\u2019\u00e9tude patrimoniale de l\u2019h\u00f4tel de ville de Lyon en vue de sa restauration. \u00ab\u00a0Cette \u00e9tude de grande envergure, qui durera 2 ans, vise \u00e0 r\u00e9aliser d\u2019un c\u00f4t\u00e9 un diagnostic sanitaire et thermique, et de l\u2019autre \u00e0 expertiser un patrimoine architectural, d\u00e9coratif et mobilier remarquable. Financ\u00e9e par la Ville de Lyon \u00e0 hauteur de 250\u00a0000\u00a0\u20ac,\u00a0 cette \u00e9tude b\u00e9n\u00e9ficie \u00e9galement du soutien de l\u2019\u00c9tat (85 000 \u20ac). Elle a \u00e9t\u00e9 attribu\u00e9e au cabinet d\u2019architectes du patrimoine RL &amp; Associ\u00e9s, accompagn\u00e9 d\u2019un groupement de restaurateurs sp\u00e9cialis\u00e9s\u00a0\u00bb, indique la Ville qui pr\u00e9voit de mener les travaux sur un prochain mandat. \u00ab La gageure sera de ma\u00eetriser cette coh\u00e9rence d\u2019ensemble, par soustraction des \u00e9l\u00e9ments surimpos\u00e9s, et de retrouver cette harmonie originelle entre le b\u00e2ti et la fonction\u00a0\u00bb, affirme de son c\u00f4t\u00e9 Ma\u00efe Kitamura, pr\u00e9sidente de RL &amp; Associ\u00e9s.<\/p>\n","protected":false},"excerpt":{"rendered":"La mairie annonce qu\u2019elle lance l\u2019\u00e9tude patrimoniale de l\u2019h\u00f4tel de ville de Lyon en vue de sa restauration.&hellip;\n","protected":false},"author":2,"featured_media":346862,"comment_status":"","ping_status":"","sticky":false,"template":"","format":"standard","meta":{"footnotes":""},"categories":[1889],"tags":[1111,11,2430,2757,1777,674,1011,27,2428,2756,12,25,104],"class_list":{"0":"post-346861","1":"post","2":"type-post","3":"status-publish","4":"format-standard","5":"has-post-thumbnail","7":"category-lyon","8":"tag-actu","9":"tag-actualites","10":"tag-auvergne-rhone-alpes","11":"tag-edition-lyon-villeurbanne","12":"tag-eu","13":"tag-europe","14":"tag-fr","15":"tag-france","16":"tag-lyon","17":"tag-lyon-bassin","18":"tag-news","19":"tag-republique-francaise","20":"tag-societe"},"share_on_mastodon":{"url":"https:\/\/pubeurope.com\/@fr\/115099116794441197","error":""},"_links":{"self":[{"href":"https:\/\/www.europesays.com\/fr\/wp-json\/wp\/v2\/posts\/346861","targetHints":{"allow":["GET"]}}],"collection":[{"href":"https:\/\/www.europesays.com\/fr\/wp-json\/wp\/v2\/posts"}],"about":[{"href":"https:\/\/www.europesays.com\/fr\/wp-json\/wp\/v2\/types\/post"}],"author":[{"embeddable":true,"href":"https:\/\/www.europesays.com\/fr\/wp-json\/wp\/v2\/users\/2"}],"replies":[{"embeddable":true,"href":"https:\/\/www.europesays.com\/fr\/wp-json\/wp\/v2\/comments?post=346861"}],"version-history":[{"count":0,"href":"https:\/\/www.europesays.com\/fr\/wp-json\/wp\/v2\/posts\/346861\/revisions"}],"wp:featuredmedia":[{"embeddable":true,"href":"https:\/\/www.europesays.com\/fr\/wp-json\/wp\/v2\/media\/346862"}],"wp:attachment":[{"href":"https:\/\/www.europesays.com\/fr\/wp-json\/wp\/v2\/media?parent=346861"}],"wp:term":[{"taxonomy":"category","embeddable":true,"href":"https:\/\/www.europesays.com\/fr\/wp-json\/wp\/v2\/categories?post=346861"},{"taxonomy":"post_tag","embeddable":true,"href":"https:\/\/www.europesays.com\/fr\/wp-json\/wp\/v2\/tags?post=346861"}],"curies":[{"name":"wp","href":"https:\/\/api.w.org\/{rel}","templated":true}]}}