{"id":346869,"date":"2025-08-27T05:41:16","date_gmt":"2025-08-27T05:41:16","guid":{"rendered":"https:\/\/www.europesays.com\/fr\/346869\/"},"modified":"2025-08-27T05:41:16","modified_gmt":"2025-08-27T05:41:16","slug":"ajibade-a-signe-une-championne-dafrique-renforce-le-psg-feminine","status":"publish","type":"post","link":"https:\/\/www.europesays.com\/fr\/346869\/","title":{"rendered":"Ajibade a sign\u00e9, une Championne d&rsquo;Afrique renforce le PSG ! &#8211; Feminine"},"content":{"rendered":"<p>Le Paris Saint-Germain frappe un nouveau grand coup sur le march\u00e9 des transferts f\u00e9minins. Apr\u00e8s avoir laiss\u00e9 filtrer sa pr\u00e9sence \u00e0 l\u2019entra\u00eenement lundi, c\u2019est d\u00e9sormais officiel : <strong>Rasheedat Ajibade<\/strong>, attaquante internationale nig\u00e9riane et v\u00e9ritable star du continent africain, s\u2019engage avec le PSG pour deux saisons, jusqu\u2019en 2027.<\/p>\n<p>\u00c0 seulement 25 ans, elle arrive avec l\u2019\u00e9tiquette de meilleure joueuse de la derni\u00e8re Coupe d\u2019Afrique des Nations, comp\u00e9tition qu\u2019elle a marqu\u00e9e de son empreinte en guidant le Nig\u00e9ria jusqu\u2019au sacre. Une CAN o\u00f9 sa complicit\u00e9 avec Jennifer Echgini, d\u00e9j\u00e0 Parisienne et buteuse d\u00e9cisive en finale contre le Maroc, a fait des ravages. Cette signature n\u2019est pas qu\u2019un simple renfort : c\u2019est une d\u00e9claration d\u2019intention du PSG. Avec Ajibade, les Rouge et Bleu s\u2019offrent une joueuse explosive, rapide, puissante et capable de faire basculer un match \u00e0 elle seule. Un profil qui manquait cruellement \u00e0 l\u2019effectif, et qui vient donner une autre dimension \u00e0 l\u2019attaque parisienne.<\/p>\n<p>La Nig\u00e9riane, qui \u00e9voluait jusque-l\u00e0 \u00e0 l\u2019Atl\u00e9tico de Madrid, a d\u00e9j\u00e0 prouv\u00e9 qu\u2019elle pouvait performer au plus haut niveau, aussi bien en club qu\u2019en s\u00e9lection. Son arriv\u00e9e est un signal fort envoy\u00e9 \u00e0 la concurrence, \u00e0 commencer par Lyon, mais aussi \u00e0 l\u2019\u00e9chelle europ\u00e9enne. Apr\u00e8s avoir arrach\u00e9 la signature d\u2019Olga Carmona, h\u00e9ro\u00efne de la finale de la Coupe du monde 2023 avec l\u2019Espagne, et celle de la Canadienne Floriane Jourdre, c\u2019est une nouvelle joueuse d\u2019envergure mondiale qui rejoint les rangs de Paulo C\u00e9sar.<\/p>\n","protected":false},"excerpt":{"rendered":"Le Paris Saint-Germain frappe un nouveau grand coup sur le march\u00e9 des transferts f\u00e9minins. Apr\u00e8s avoir laiss\u00e9 filtrer&hellip;\n","protected":false},"author":2,"featured_media":346870,"comment_status":"","ping_status":"","sticky":false,"template":"","format":"standard","meta":{"footnotes":""},"categories":[1888],"tags":[1111,1928,11,1927,879,48292,48294,2045,9424,4070,1777,674,7482,1011,27,11731,42315,2867,26820,12,1926,48295,626,1925,471,48293,36546,25,3789],"class_list":{"0":"post-346869","1":"post","2":"type-post","3":"status-publish","4":"format-standard","5":"has-post-thumbnail","7":"category-paris","8":"tag-actu","9":"tag-actu-paris","10":"tag-actualites","11":"tag-actualites-paris","12":"tag-afrique","13":"tag-ajibade","14":"tag-attaquante","15":"tag-championne","16":"tag-derniere","17":"tag-deux","18":"tag-eu","19":"tag-europe","20":"tag-fort","21":"tag-fr","22":"tag-france","23":"tag-frappe","24":"tag-joueuse","25":"tag-jusqu","26":"tag-meilleure","27":"tag-news","28":"tag-news-paris","29":"tag-nigeriane","30":"tag-paris","31":"tag-paris-news","32":"tag-pour","33":"tag-rasheedat","34":"tag-renforce","35":"tag-republique-francaise","36":"tag-signe"},"share_on_mastodon":{"url":"https:\/\/pubeurope.com\/@fr\/115099132688693066","error":""},"_links":{"self":[{"href":"https:\/\/www.europesays.com\/fr\/wp-json\/wp\/v2\/posts\/346869","targetHints":{"allow":["GET"]}}],"collection":[{"href":"https:\/\/www.europesays.com\/fr\/wp-json\/wp\/v2\/posts"}],"about":[{"href":"https:\/\/www.europesays.com\/fr\/wp-json\/wp\/v2\/types\/post"}],"author":[{"embeddable":true,"href":"https:\/\/www.europesays.com\/fr\/wp-json\/wp\/v2\/users\/2"}],"replies":[{"embeddable":true,"href":"https:\/\/www.europesays.com\/fr\/wp-json\/wp\/v2\/comments?post=346869"}],"version-history":[{"count":0,"href":"https:\/\/www.europesays.com\/fr\/wp-json\/wp\/v2\/posts\/346869\/revisions"}],"wp:featuredmedia":[{"embeddable":true,"href":"https:\/\/www.europesays.com\/fr\/wp-json\/wp\/v2\/media\/346870"}],"wp:attachment":[{"href":"https:\/\/www.europesays.com\/fr\/wp-json\/wp\/v2\/media?parent=346869"}],"wp:term":[{"taxonomy":"category","embeddable":true,"href":"https:\/\/www.europesays.com\/fr\/wp-json\/wp\/v2\/categories?post=346869"},{"taxonomy":"post_tag","embeddable":true,"href":"https:\/\/www.europesays.com\/fr\/wp-json\/wp\/v2\/tags?post=346869"}],"curies":[{"name":"wp","href":"https:\/\/api.w.org\/{rel}","templated":true}]}}