{"id":34687,"date":"2025-04-18T18:47:26","date_gmt":"2025-04-18T18:47:26","guid":{"rendered":"https:\/\/www.europesays.com\/fr\/34687\/"},"modified":"2025-04-18T18:47:26","modified_gmt":"2025-04-18T18:47:26","slug":"elle-est-hypnotisante-pres-de-rennes-ce-luthier-a-fabrique-la-guitare-du-youtubeur-mcfly","status":"publish","type":"post","link":"https:\/\/www.europesays.com\/fr\/34687\/","title":{"rendered":"\u00ab\u00a0Elle est hypnotisante\u00a0\u00bb\u00a0: pr\u00e8s de Rennes, ce luthier a fabriqu\u00e9 la guitare du Youtubeur McFly"},"content":{"rendered":"<p>Il est surtout connu pour son \u00ab<a href=\"https:\/\/youtu.be\/neqCdyadqFA?si=pFymtV-bYff3ZxIT\" target=\"_blank\" rel=\"noopener\"> Concours d\u2019anecdotes<\/a> \u00bb avec le Pr\u00e9sident de la R\u00e9publique\u2026 et pour ses nombreuses vid\u00e9os humoristiques avec Rapha\u00ebl Carlier (Carlito) sur la cha\u00eene Youtube McFly &amp; Carlito. Mais au d\u00e9part, David Coscas (McFly) est, comme son complice, un musicien : le duo, amoureux des rythmes punk et metal, a d\u2019ailleurs anim\u00e9 l\u2019\u00e9mission \u00ab La Metal Academy \u00bb sur la radio Mouv&rsquo; entre 2003 et 2008. Forc\u00e9ment, quand le youtubeur a voulu s\u2019offrir une guitare sur mesure, c\u2019est \u00e0 Rennes, terre punk rock par excellence, qu\u2019il est venu la chercher : chez Marceau Guitars, luthier \u00ab made in Breizh \u00bb install\u00e9 \u00e0 Betton, au nord de la capitale bretonne.<\/p>\n<blockquote class=\"instagram-media\" data-instgrm-captioned=\"\" data-instgrm-permalink=\"https:\/\/www.instagram.com\/reel\/DIOO7eJO3th\/?utm_source=ig_embed&amp;utm_campaign=loading\" data-instgrm-version=\"14\" style=\" background:#FFF; border:0; border-radius:3px; box-shadow:0 0 1px 0 rgba(0,0,0,0.5),0 1px 10px 0 rgba(0,0,0,0.15); margin: 1px; max-width:540px; min-width:326px; padding:0; width:99.375%; width:-webkit-calc(100% - 2px); width:calc(100% - 2px);\"\/><p>Deux ans et demi de cr\u00e9ation<\/p>\n<p>Tout commence en 2022 : McFly et Carlito sont en pleine tourn\u00e9e pour leur album humoristique \u00ab Notre meilleur album \u00bb, sorti en 2021. David Coscas (McFly) contacte Tom Marceau pour savoir s\u2019il peut leur fournir des guitares jusqu\u2019\u00e0 la fin de leur tourn\u00e9e. \u00ab J\u2019ai re\u00e7u une notification sur Instagram : \u00ab@levraimcfly s\u2019est abonn\u00e9 \u00bb, et sur le coup, \u00e7a fait bizarre ! \u00bb, se rem\u00e9more le luthier. Apr\u00e8s une longue pause sur sa cha\u00eene Youtube, McFly se lance alors dans un projet musical en solo, avec une condition : n\u2019utiliser que des guitares Marceau pour l\u2019enregistrement. Le nouvel EP, empreint de sonorit\u00e9s rock et m\u00e9tal, est finalement intitul\u00e9 \u00ab Le but du Je \u00bb et sort le 6 mars, sous son vrai nom, David.<\/p>\n<p>\u00ab Le projet d\u2019une guitare signature est parti de l\u00e0 : faire un instrument qui lui ressemble, compl\u00e8tement personnalis\u00e9 \u00bb, explique Tom Marceau. Motiv\u00e9 par la forme dite \u00ab Telecaster \u00bb, du nom de la premi\u00e8re guitare \u00e9lectrique produite par Fender \u00e0 partir de 1951, David valide rapidement le mod\u00e8le de l\u2019objet. Mais il faudra deux ans et demi d\u2019\u00e9changes et de cheminement sur le design de l\u2019instrument, avant de parvenir \u00e0 sa version finale : une guitare marbr\u00e9e, jaune et violet, \u00e0 l\u2019aspect unique.<\/p>\n<p><img decoding=\"async\" src=\"https:\/\/www.europesays.com\/fr\/wp-content\/uploads\/2025\/04\/6801176ed8ca740dd207c974.1.jpeg\" width=\"480\" height=\"300\" class=\"web_golden_m\" loading=\"lazy\" alt=\"Les diff\u00e9rents prototypes ont permis \u00e0 David\/McFly de choisir le meilleur coloris pour sa guitare.\"\/>Les diff\u00e9rents prototypes ont permis \u00e0 David\/McFly de choisir le meilleur coloris pour sa guitare. (Le T\u00e9l\u00e9gramme\/Cl\u00e9mence Leboucher)<\/p>\n<p>\u00ab La cr\u00e9ation a pris beaucoup de temps : il avait besoin de r\u00e9fl\u00e9chir \u00e0 son projet, au son qu\u2019il voulait lui donner, \u00e0 l\u2019orientation musicale qu\u2019il prenait aussi. On a eu toute une r\u00e9flexion autour de ses bagues turquoise, des couleurs envisag\u00e9es\u2026 Finalement, on est partis sur ce m\u00e9lange jaune et violet tr\u00e8s atypique, confectionn\u00e9 avec une r\u00e9sine \u00ab effet marbre \u00bb tamponn\u00e9e avec de l\u2019ac\u00e9tone. \u00bb La finition min\u00e9rale est sublim\u00e9e par des paillettes qui doivent d\u00e9tonner sous les projecteurs. C\u2019est le musicien lui-m\u00eame qui est venu \u00e0 Betton pour peindre sa guitare &#8211; un processus relay\u00e9 par trois vid\u00e9os publi\u00e9es sur <a href=\"https:\/\/www.instagram.com\/reel\/DIgKxvHA8W7\/?utm_source=ig_web_copy_link&amp;igsh=MzRlODBiNWFlZA==\" target=\"_blank\" rel=\"noopener\">ses r\u00e9seaux sociaux<\/a>.<\/p>\n<p>De son c\u00f4t\u00e9, le luthier confirme n\u2019avoir jamais travaill\u00e9 avec ce type de r\u00e9sine sur ses guitares. \u00ab C\u2019est du jamais vu, \u00e7a donne un c\u00f4t\u00e9 tr\u00e8s hypnotisant. On va peut-\u00eatre garder ce c\u00f4t\u00e9 marbre pour de futurs projets, mais plut\u00f4t en noir ou gris. \u00bb La guitare, elle, sera accessible en pr\u00e9commande pour 2 890 \u20ac, dans la tranche des prix propos\u00e9s par l\u2019entreprise pour ses autres mod\u00e8les.<\/p>\n<p><img decoding=\"async\" src=\"https:\/\/www.europesays.com\/fr\/wp-content\/uploads\/2025\/04\/6801176d267e4521e60ac392.1.jpeg\" width=\"480\" height=\"300\" class=\"web_golden_m\" loading=\"lazy\" alt=\"La guitare, d\u00e9sormais entre les mains de David, devra faire ses preuves lors de sa prochaine tourn\u00e9e.\"\/>La guitare, d\u00e9sormais entre les mains de David, devra faire ses preuves lors de sa prochaine tourn\u00e9e. (Etienne Richard)\u00c0 tout juste 18 ans, il d\u00e9panne Lucky Peterson<\/p>\n<p>Pour Tom Marceau, install\u00e9 depuis 2018 \u00e0 Betton, le coup de communication est de taille, lui qui a d\u00e9j\u00e0 travaill\u00e9 avec des grands noms d\u2019Internet comme le guitariste Waxx ou le musicien PV Nova &#8211; c\u2019est d\u2019ailleurs ce dernier qui a souffl\u00e9 \u00e0 David l\u2019id\u00e9e de travailler avec Marceau Guitars.<\/p>\n<p><img decoding=\"async\" src=\"https:\/\/www.europesays.com\/fr\/wp-content\/uploads\/2025\/04\/6801176dce495876fb0b4d7e.1.jpeg\" width=\"480\" height=\"300\" class=\"web_golden_m\" loading=\"lazy\" alt=\"C\u2019est gr\u00e2ce \u00e0 ce mod\u00e8le de guitare, fabriqu\u00e9 pour Lucky Peterson, que Tom Marceau a pu faire de sa passion son m\u00e9tier.\"\/>C\u2019est gr\u00e2ce \u00e0 ce mod\u00e8le de guitare, fabriqu\u00e9 pour Lucky Peterson, que Tom Marceau a pu faire de sa passion son m\u00e9tier. (Le T\u00e9l\u00e9gramme\/Cl\u00e9mence Leboucher)<\/p>\n<p>Une belle histoire pour celui qui a commenc\u00e9 \u00e0 cr\u00e9er des guitares tout seul, dans son salon \u00ab au grand d\u00e9sarroi de ma m\u00e8re \u00bb, sourit-il, \u00ab je mettais des copeaux de bois partout ! \u00bb. \u00c0 tout juste 18 ans, il d\u00e9panne Lucky Peterson, immense bluesman am\u00e9ricain, lors d\u2019un concert \u00e0 Saint-Malo. Le musicien parraine alors le jeune luthier. \u00ab Apr\u00e8s \u00e7a, il m\u2019a demand\u00e9 une guitare, alors que je d\u00e9butais tout juste. Cet instrument, nomm\u00e9 la Chanceuse, est devenu le mod\u00e8le phare de l\u2019entreprise. \u00bb<\/p>\n<p>Entre luthier et industriel, Tom Marceau emploie aujourd\u2019hui six personnes, qui se consacrent uniquement \u00e0 la fabrication de guitares et de basses, du mod\u00e8le \u00e0 l\u2019assemblage, en passant par le vernissage et le choix des mat\u00e9riaux.<\/p>\n<p><img decoding=\"async\" src=\"https:\/\/www.europesays.com\/fr\/wp-content\/uploads\/2025\/04\/6801176d063e51e7510fc5e1.1.jpeg\" width=\"480\" height=\"300\" class=\"web_golden_m\" loading=\"lazy\" alt=\"Avec six salari\u00e9s, Marceau Guitars propose des guitares haut de gamme et made in France, toutes \u00e9labor\u00e9es dans l\u2019atelier de Betton.\"\/>Avec six salari\u00e9s, Marceau Guitars propose des guitares haut de gamme et made in France, toutes \u00e9labor\u00e9es dans l\u2019atelier de Betton. (Le T\u00e9l\u00e9gramme\/Cl\u00e9mence Leboucher)<\/p>\n<p>Pour Tom Marceau, aujourd\u2019hui r\u00e9put\u00e9 dans le monde de la musique, cette collaboration signe \u00ab une rencontre avec un v\u00e9ritable artiste \u00bb. \u00ab Je suis tr\u00e8s content de ce projet car j\u2019ai d\u00e9couvert un vrai guitariste &#8211; quelqu\u2019un de passionn\u00e9 par la musique et la conception des instruments. Ce genre de collaboration fait chaud au c\u0153ur, car elle permet de mettre en avant la guitare \u00e9lectrique \u00e0 un public qui n\u2019a peut-\u00eatre plus l\u2019habitude d\u2019en \u00e9couter. \u00bb La guitare, \u00e0 pr\u00e9sent entre les mains de David, devra d\u00e9sormais faire ses preuves sur sc\u00e8ne, lors de sa tourn\u00e9e qui d\u00e9bute en juin 2025.<\/p>\n<p><script async src=\"\/\/www.instagram.com\/embed.js\"><\/script><\/p>\n","protected":false},"excerpt":{"rendered":"Il est surtout connu pour son \u00ab Concours d\u2019anecdotes \u00bb avec le Pr\u00e9sident de la R\u00e9publique\u2026 et pour&hellip;\n","protected":false},"author":2,"featured_media":34688,"comment_status":"","ping_status":"","sticky":false,"template":"","format":"standard","meta":{"footnotes":""},"categories":[2821],"tags":[1111,11,829,3173,1777,674,1011,27,11326,12,584,25],"class_list":{"0":"post-34687","1":"post","2":"type-post","3":"status-publish","4":"format-standard","5":"has-post-thumbnail","7":"category-rennes","8":"tag-actu","9":"tag-actualites","10":"tag-bretagne","11":"tag-culture-a-rennes","12":"tag-eu","13":"tag-europe","14":"tag-fr","15":"tag-france","16":"tag-la-belle-histoire","17":"tag-news","18":"tag-rennes","19":"tag-republique-francaise"},"share_on_mastodon":{"url":"https:\/\/pubeurope.com\/@fr\/114360460529236317","error":""},"_links":{"self":[{"href":"https:\/\/www.europesays.com\/fr\/wp-json\/wp\/v2\/posts\/34687","targetHints":{"allow":["GET"]}}],"collection":[{"href":"https:\/\/www.europesays.com\/fr\/wp-json\/wp\/v2\/posts"}],"about":[{"href":"https:\/\/www.europesays.com\/fr\/wp-json\/wp\/v2\/types\/post"}],"author":[{"embeddable":true,"href":"https:\/\/www.europesays.com\/fr\/wp-json\/wp\/v2\/users\/2"}],"replies":[{"embeddable":true,"href":"https:\/\/www.europesays.com\/fr\/wp-json\/wp\/v2\/comments?post=34687"}],"version-history":[{"count":0,"href":"https:\/\/www.europesays.com\/fr\/wp-json\/wp\/v2\/posts\/34687\/revisions"}],"wp:featuredmedia":[{"embeddable":true,"href":"https:\/\/www.europesays.com\/fr\/wp-json\/wp\/v2\/media\/34688"}],"wp:attachment":[{"href":"https:\/\/www.europesays.com\/fr\/wp-json\/wp\/v2\/media?parent=34687"}],"wp:term":[{"taxonomy":"category","embeddable":true,"href":"https:\/\/www.europesays.com\/fr\/wp-json\/wp\/v2\/categories?post=34687"},{"taxonomy":"post_tag","embeddable":true,"href":"https:\/\/www.europesays.com\/fr\/wp-json\/wp\/v2\/tags?post=34687"}],"curies":[{"name":"wp","href":"https:\/\/api.w.org\/{rel}","templated":true}]}}