{"id":346879,"date":"2025-08-27T05:46:12","date_gmt":"2025-08-27T05:46:12","guid":{"rendered":"https:\/\/www.europesays.com\/fr\/346879\/"},"modified":"2025-08-27T05:46:12","modified_gmt":"2025-08-27T05:46:12","slug":"les-etats-unis-portent-leurs-tarifs-douaniers-a-50-sur-linde","status":"publish","type":"post","link":"https:\/\/www.europesays.com\/fr\/346879\/","title":{"rendered":"Les \u00c9tats-Unis portent leurs tarifs douaniers \u00e0 50 % sur l&rsquo;Inde"},"content":{"rendered":"<dl class=\"post-meta-box flex flex-wrap items-top border-grey-lighter border-b post-meta relative z-20\">&#13;<br \/>\n                                  &#13;<br \/>\n                                  &#13;<br \/>\n                                  &#13;<\/p>\n<dt class=\"inline-block py-1 leading-5 w-1\/5 sm:1\/6 xl:w-3\/10 flex items-top font-sans text-3xs text-grey tracking-wider uppercase border-grey-lighter border-t\">&#13;<br \/>\n                                    Date                                  <\/dt>\n<p>&#13;<\/p>\n<dd class=\"inline-block w-4\/5 sm:5\/6 xl:w-7\/10 pl-1u lg:pl-0 flex-grow  py-1 font-sans text-xs leading-5 border-grey-lighter border-t\">&#13;<br \/>\n                                    27 ao\u00fbt 2025&#13;\n                                  <\/dd>\n<p>&#13;\n                                <\/dl>\n<p>                                      &#13;<br \/>\n        &#13;<br \/>\n            &#13;<br \/>\n        &#13;<br \/>\n        &#13;<br \/>\n            &#13;<br \/>\n            &#13;<br \/>\n        &#13;<br \/>\n        Ajouter&#13;<br \/>\n        Article ajout\u00e9&#13;<\/p>\n<p>    &#13;<br \/>\n        T\u00e9l\u00e9charger le PDF&#13;<br \/>\n        &#13;<br \/>\n            &#13;<br \/>\n            &#13;<br \/>\n            &#13;<br \/>\n        &#13;<br \/>\n&#13;<br \/>\n&#13;<\/p>\n<dl class=\"post-meta-box flex flex-wrap items-top border-grey-lighter border-b post-meta relative z-20 mt-4\">&#13;<\/p>\n<dt class=\"partager inline-block py-1 leading-5 w-1\/5 sm:1\/6 xl:w-3\/10 flex items-top font-sans text-3xs text-grey tracking-wider uppercase border-grey-lighter border-t\">&#13;<br \/>\n                                    Partager                                  <\/dt>\n<p>&#13;<\/p>\n<dd class=\"partager inline-block w-4\/5 sm:5\/6 xl:w-7\/10 pl-1u lg:pl-0 flex-grow  py-1 font-sans text-xs leading-5 border-grey-lighter border-t\">&#13;<br \/>\n                                    <a target=\"_blank\" data-social=\"twitter\" class=\"text-red no-underline inline-block w-4 h-4 mr-2\" href=\"https:\/\/twitter.com\/intent\/tweet\/?text=Les+%C3%89tats-Unis+portent+leurs+tarifs+douaniers+%C3%A0+50%C2%A0%25+sur+les+importations+en+provenance+d%E2%80%99Inde&amp;url=https%3A%2F%2Flegrandcontinent.eu%2Ffr%2F2025%2F08%2F27%2Fles-etats-unis-portent-leurs-tarifs-douaniers-a-50-sur-les-importations-en-provenance-dinde%2F\" rel=\"nofollow noopener\">&#13;<br \/>\n                                        &#13;<br \/>\n                                      <\/a>&#13;<br \/>\n                                    <a target=\"_blank\" data-social=\"facebook\" class=\"text-red no-underline inline-block w-4 h-4 mr-2\" href=\"https:\/\/facebook.com\/sharer\/sharer.php?u=https%3A%2F%2Flegrandcontinent.eu%2Ffr%2F2025%2F08%2F27%2Fles-etats-unis-portent-leurs-tarifs-douaniers-a-50-sur-les-importations-en-provenance-dinde%2F\" rel=\"nofollow noopener\">&#13;<br \/>\n                                        &#13;<br \/>\n                                      <\/a>&#13;<br \/>\n                                    <a target=\"_blank\" data-social=\"linkedin\" class=\"text-red no-underline inline-block w-4 h-4 mr-2\" href=\"https:\/\/www.linkedin.com\/shareArticle?title=Les+%C3%89tats-Unis+portent+leurs+tarifs+douaniers+%C3%A0+50%26%23160%3B%25+sur+les+importations+en+provenance+d%E2%80%99Inde&amp;url=https%3A%2F%2Flegrandcontinent.eu%2Ffr%2F2025%2F08%2F27%2Fles-etats-unis-portent-leurs-tarifs-douaniers-a-50-sur-les-importations-en-provenance-dinde%2F\" rel=\"nofollow noopener\">&#13;<br \/>\n                                        &#13;<br \/>\n                                      <\/a>&#13;<br \/>\n&#13;<br \/>\n&#13;\n                                  <\/dd>\n<p>&#13;<br \/>\n                                  &#13;\n                                <\/dl>\n<p>\u00c0 partir d\u2019aujourd\u2019hui, mercredi 27 ao\u00fbt, les \u00c9tats-Unis appliqueront des <a href=\"https:\/\/legrandcontinent.eu\/fr\/trump-et-la-guerre-commerciale-x\/\" rel=\"nofollow noopener\" target=\"_blank\">tarifs douaniers<\/a> de 50\u00a0% sur les importations en provenance d\u2019Inde, soit le double du tarif en vigueur jusqu\u2019\u00e0 pr\u00e9sent. L\u2019administration r\u00e9publicaine esp\u00e8re pouvoir contraindre New Delhi de mettre fin \u00e0 ses importations de p\u00e9trole russe afin d\u2019exercer une pression sur Moscou dans le cadre des <a href=\"https:\/\/legrandcontinent.eu\/fr\/2025\/08\/25\/nous-pouvons-creer-une-force-a-laquelle-la-russie-ne-pourra-pas-faire-face-une-conversation-avec-lambassadeur-ukrainien-a-bruxelles\/\" rel=\"nofollow noopener\" target=\"_blank\">n\u00e9gociations sur la guerre en Ukraine<\/a>.<\/p>\n<p>En amont de l\u2019entr\u00e9e en vigueur du nouveau taux, les raffineurs indiens \u2014 priv\u00e9s et publics \u2014 ont d\u00e9cid\u00e9 de r\u00e9duire leurs importations de p\u00e9trole russe de 10 \u00e0 20\u00a0%, selon des sources consult\u00e9es par Bloomberg\u00a0.<\/p>\n<ul class=\"wp-block-list\">\n<li>L\u2019Inde importe actuellement environ 1,8 million de barils de p\u00e9trole russe par jour. Ce chiffre devrait ainsi passer \u00e0 1,4-1,6 million d\u2019ici octobre.<\/li>\n<li>Depuis d\u00e9but 2023, l\u2019Inde est le deuxi\u00e8me principal importateur d\u2019hydrocarbures russes, derri\u00e8re la Chine. New Delhi repr\u00e9sente plus d\u2019un tiers (37\u00a0%) des exportations de p\u00e9trole de Moscou.<\/li>\n<li>Depuis le lancement de l\u2019invasion de l\u2019Ukraine de f\u00e9vrier 2022, l\u2019Inde a pay\u00e9 pr\u00e8s de 150 milliards d\u2019euros d\u2019\u00e9nergie \u00e0 la Russie, dont pr\u00e8s de 90\u00a0% pour du p\u00e9trole.<\/li>\n<\/ul>\n<p>Selon des sources indiennes, les volumes d\u2019importation de p\u00e9trole russe pourraient changer si l\u2019Inde parvient \u00e0 signer un accord commercial avec Trump. New Delhi aurait toutefois du mal \u00e0 mettre fin enti\u00e8rement \u00e0 ses importations depuis la Russie, et une interruption soudaine serait susceptible de conduire \u00e0 une augmentation globale du prix du p\u00e9trole \u2014 qui affecterait \u00e9galement les consommateurs am\u00e9ricains\u00a0.<\/p>\n<p>Cette hausse des tarifs douaniers am\u00e9ricains intervient quelques jours avant l\u2019ouverture du sommet de l\u2019Organisation de coop\u00e9ration de Shanghai, qui aura lieu du 29 au 30 ao\u00fbt \u00e0 Tianjin, en Chine.<\/p>\n<ul class=\"wp-block-list\">\n<li>Modi devrait \u00eatre l\u2019invit\u00e9 d\u2019honneur de la rencontre, qui rassemblera une vingtaine de dirigeants dont Xi Jinping, Vladimir Poutine, Masoud Pezeshkian et Alexandre Loukachenko.<\/li>\n<li>L\u2019approche de l\u2019administration Trump envers New Delhi a compl\u00e8tement renvers\u00e9 le partenariat strat\u00e9gique avec l\u2019Inde, pourtant consolid\u00e9 par plusieurs administrations successives, et qui constituait la base de la strat\u00e9gie des \u00c9tats-Unis dans l\u2019Indo-Pacifique pour contenir la Chine.<\/li>\n<li>\u00c0 l\u2019issue d\u2019une rencontre avec le ministre des Affaires \u00e9trang\u00e8res chinois le 19 ao\u00fbt, Modi avait soulign\u00e9 l\u2019importance du \u00ab\u00a0respect des int\u00e9r\u00eats et des sensibilit\u00e9s mutuels\u00a0\u00bb.<\/li>\n<li>De son c\u00f4t\u00e9, P\u00e9kin a affirm\u00e9 que les deux pays \u00e9taient d\u00e9sormais engag\u00e9s dans une \u00ab\u00a0trajectoire de d\u00e9veloppement stable\u00a0\u00bb et qu\u2019ils devaient \u00ab\u00a0se faire confiance et se soutenir mutuellement\u00a0\u00bb.<\/li>\n<li>Le 21 ao\u00fbt, l\u2019ambassadeur chinois en Inde a r\u00e9affirm\u00e9 la solidarit\u00e9 de P\u00e9kin, qui \u00ab\u00a0d\u00e9fend le syst\u00e8me multilat\u00e9ral\u00a0\u00bb, ajoutant\u00a0: \u00ab\u00a0Le silence ne fait qu\u2019encourager l\u2019intimidation\u00a0\u00bb.<\/li>\n<\/ul>\n<p>La baisse des importations indiennes de p\u00e9trole russe aura un impact direct sur les finances du Kremlin. Les hydrocarbures, dont les recettes se sont contract\u00e9es de 34\u00a0% en juin par rapport \u00e0 l\u2019ann\u00e9e pr\u00e9c\u00e9dente, repr\u00e9sentent environ un tiers du budget f\u00e9d\u00e9ral russe.<\/p>\n<p>                          <script async src=\"https:\/\/platform.twitter.com\/widgets.js\" charset=\"utf-8\"><\/script><\/p>\n","protected":false},"excerpt":{"rendered":"&#13; &#13; &#13; &#13; &#13; Date &#13; &#13; 27 ao\u00fbt 2025&#13; &#13; &#13; &#13; &#13; &#13; &#13; &#13;&hellip;\n","protected":false},"author":2,"featured_media":346880,"comment_status":"","ping_status":"","sticky":false,"template":"","format":"standard","meta":{"footnotes":""},"categories":[1589],"tags":[11,73,1866,12,1864,1865,1863,308],"class_list":{"0":"post-346879","1":"post","2":"type-post","3":"status-publish","4":"format-standard","5":"has-post-thumbnail","7":"category-etats-unis","8":"tag-actualites","9":"tag-etats-unis","10":"tag-etats-unis-damerique","11":"tag-news","12":"tag-united-states","13":"tag-united-states-of-america","14":"tag-us","15":"tag-usa"},"share_on_mastodon":{"url":"https:\/\/pubeurope.com\/@fr\/115099152128462189","error":""},"_links":{"self":[{"href":"https:\/\/www.europesays.com\/fr\/wp-json\/wp\/v2\/posts\/346879","targetHints":{"allow":["GET"]}}],"collection":[{"href":"https:\/\/www.europesays.com\/fr\/wp-json\/wp\/v2\/posts"}],"about":[{"href":"https:\/\/www.europesays.com\/fr\/wp-json\/wp\/v2\/types\/post"}],"author":[{"embeddable":true,"href":"https:\/\/www.europesays.com\/fr\/wp-json\/wp\/v2\/users\/2"}],"replies":[{"embeddable":true,"href":"https:\/\/www.europesays.com\/fr\/wp-json\/wp\/v2\/comments?post=346879"}],"version-history":[{"count":0,"href":"https:\/\/www.europesays.com\/fr\/wp-json\/wp\/v2\/posts\/346879\/revisions"}],"wp:featuredmedia":[{"embeddable":true,"href":"https:\/\/www.europesays.com\/fr\/wp-json\/wp\/v2\/media\/346880"}],"wp:attachment":[{"href":"https:\/\/www.europesays.com\/fr\/wp-json\/wp\/v2\/media?parent=346879"}],"wp:term":[{"taxonomy":"category","embeddable":true,"href":"https:\/\/www.europesays.com\/fr\/wp-json\/wp\/v2\/categories?post=346879"},{"taxonomy":"post_tag","embeddable":true,"href":"https:\/\/www.europesays.com\/fr\/wp-json\/wp\/v2\/tags?post=346879"}],"curies":[{"name":"wp","href":"https:\/\/api.w.org\/{rel}","templated":true}]}}