{"id":346883,"date":"2025-08-27T05:48:14","date_gmt":"2025-08-27T05:48:14","guid":{"rendered":"https:\/\/www.europesays.com\/fr\/346883\/"},"modified":"2025-08-27T05:48:14","modified_gmt":"2025-08-27T05:48:14","slug":"merz-lallemagne-ne-reconnaitra-pas-letat-palestinien-a-lassemblee-generale-de-lonu","status":"publish","type":"post","link":"https:\/\/www.europesays.com\/fr\/346883\/","title":{"rendered":"Merz : l&rsquo;Allemagne ne reconna\u00eetra pas l&rsquo;\u00c9tat palestinien \u00e0 l&rsquo;Assembl\u00e9e g\u00e9n\u00e9rale de l&rsquo;ONU"},"content":{"rendered":"<p>                                                Merz : l&rsquo;Allemagne ne reconna\u00eetra pas l&rsquo;\u00c9tat palestinien \u00e0 l&rsquo;Assembl\u00e9e g\u00e9n\u00e9rale de l&rsquo;ONU                    <\/p>\n<p>                        <img decoding=\"async\" src=\"https:\/\/www.europesays.com\/fr\/wp-content\/uploads\/2025\/08\/m-14-587x360.jpg\" alt=\"\"\/><\/p>\n<p>                        nouvelles<\/p>\n<p>                            <img decoding=\"async\" src=\"https:\/\/www.europesays.com\/fr\/wp-content\/uploads\/2025\/08\/1754177174_227_LogoExpress-96x96.png\" alt=\"\"\/><\/p>\n<p>                        Gazeta Express<br \/>\n                        27\/08\/2025 7:32<\/p>\n<p>Le chancelier allemand Friedrich Merz a d\u00e9clar\u00e9 aujourd&rsquo;hui que l&rsquo;Allemagne ne se joindrait pas \u00e0 l&rsquo;initiative des alli\u00e9s occidentaux visant \u00e0 reconna\u00eetre l&rsquo;\u00c9tat palestinien lors de l&rsquo;Assembl\u00e9e g\u00e9n\u00e9rale des Nations Unies le mois prochain.<\/p>\n<p>Merz a fait cette annonce lors d&rsquo;une conf\u00e9rence de presse conjointe avec le Premier ministre canadien Mark Carney, qui a annonc\u00e9 le mois dernier que le Canada pr\u00e9voyait de reconna\u00eetre l&rsquo;\u00c9tat palestinien \u00e0 l&rsquo;Assembl\u00e9e g\u00e9n\u00e9rale, \u00e0 la suite d&rsquo;annonces similaires de la France et du Royaume-Uni, rapporte Reuters, selon albinfo.ch.<\/p>\n<p>\u00ab La position du gouvernement f\u00e9d\u00e9ral est claire concernant la possible reconnaissance d&rsquo;un \u00c9tat palestinien. Le Canada en est conscient. Nous ne participerons pas \u00e0 cette initiative. Nous estimons que les conditions ne sont pas remplies \u00bb, a d\u00e9clar\u00e9 M. Merz.<\/p>\n","protected":false},"excerpt":{"rendered":"Merz : l&rsquo;Allemagne ne reconna\u00eetra pas l&rsquo;\u00c9tat palestinien \u00e0 l&rsquo;Assembl\u00e9e g\u00e9n\u00e9rale de l&rsquo;ONU nouvelles Gazeta Express 27\/08\/2025 7:32&hellip;\n","protected":false},"author":2,"featured_media":346884,"comment_status":"","ping_status":"","sticky":false,"template":"","format":"standard","meta":{"footnotes":""},"categories":[1587],"tags":[11,672,1804,1805,1803,1777,674,1801,12,1802],"class_list":{"0":"post-346883","1":"post","2":"type-post","3":"status-publish","4":"format-standard","5":"has-post-thumbnail","7":"category-allemagne","8":"tag-actualites","9":"tag-allemagne","10":"tag-bundesrepublik-deutschland","11":"tag-de","12":"tag-deutschland","13":"tag-eu","14":"tag-europe","15":"tag-germany","16":"tag-news","17":"tag-republique-federale-dallemagne"},"share_on_mastodon":{"url":"https:\/\/pubeurope.com\/@fr\/115099160082964615","error":""},"_links":{"self":[{"href":"https:\/\/www.europesays.com\/fr\/wp-json\/wp\/v2\/posts\/346883","targetHints":{"allow":["GET"]}}],"collection":[{"href":"https:\/\/www.europesays.com\/fr\/wp-json\/wp\/v2\/posts"}],"about":[{"href":"https:\/\/www.europesays.com\/fr\/wp-json\/wp\/v2\/types\/post"}],"author":[{"embeddable":true,"href":"https:\/\/www.europesays.com\/fr\/wp-json\/wp\/v2\/users\/2"}],"replies":[{"embeddable":true,"href":"https:\/\/www.europesays.com\/fr\/wp-json\/wp\/v2\/comments?post=346883"}],"version-history":[{"count":0,"href":"https:\/\/www.europesays.com\/fr\/wp-json\/wp\/v2\/posts\/346883\/revisions"}],"wp:featuredmedia":[{"embeddable":true,"href":"https:\/\/www.europesays.com\/fr\/wp-json\/wp\/v2\/media\/346884"}],"wp:attachment":[{"href":"https:\/\/www.europesays.com\/fr\/wp-json\/wp\/v2\/media?parent=346883"}],"wp:term":[{"taxonomy":"category","embeddable":true,"href":"https:\/\/www.europesays.com\/fr\/wp-json\/wp\/v2\/categories?post=346883"},{"taxonomy":"post_tag","embeddable":true,"href":"https:\/\/www.europesays.com\/fr\/wp-json\/wp\/v2\/tags?post=346883"}],"curies":[{"name":"wp","href":"https:\/\/api.w.org\/{rel}","templated":true}]}}