{"id":346889,"date":"2025-08-27T05:51:10","date_gmt":"2025-08-27T05:51:10","guid":{"rendered":"https:\/\/www.europesays.com\/fr\/346889\/"},"modified":"2025-08-27T05:51:10","modified_gmt":"2025-08-27T05:51:10","slug":"faut-il-rester-chez-soi-aujourdhui-de-violents-orages-menacent-le-sud-est-et-louest-apres-la-chaleur","status":"publish","type":"post","link":"https:\/\/www.europesays.com\/fr\/346889\/","title":{"rendered":"Faut-il rester chez soi aujourd\u2019hui ? De violents orages menacent le sud-est et l\u2019ouest apr\u00e8s la chaleur"},"content":{"rendered":"<p>Au c\u0153ur de cette fin ao\u00fbt, la chaleur ne l\u00e2che rien. Apr\u00e8s des journ\u00e9es suffocantes, voil\u00e0 que l&rsquo;ambiance change brutalement. Des orages violents menacent de balayer le sud-est et l&rsquo;ouest de la France, promettant des cieux aussi noirs que la tension dans l&rsquo;air. Faut-il prendre le risque de sortir alors que de vastes zones s&rsquo;habillent de vigilance orange ou jaune ? Lorsque la m\u00e9t\u00e9o se met \u00e0 tourbillonner, mieux vaut ne rien laisser au hasard. D\u00e9cryptage d&rsquo;un \u00e9pisode <strong>exceptionnel<\/strong> qui impose, peut-\u00eatre, de rester chez soi\u2026 ou de repenser ses activit\u00e9s.<\/p>\n<p>L&rsquo;\u00e9t\u00e9 en montagnes russes : quand la chaleur c\u00e8de la place \u00e0 la temp\u00eate<br \/>\nLes signes avant-coureurs d&rsquo;une m\u00e9t\u00e9o d\u00e9cha\u00een\u00e9e : que disent les pr\u00e9visions ?<\/p>\n<p>Ces derniers jours, la <a href=\"https:\/\/journaldesseniors.20minutes.fr\/actualite\/canicule-extreme-pourquoi-la-chaleur-va-battre-tous-les-records-dans-ces-grandes-villes-des-aujourdhui-etes-vous-concerne\/\" target=\"_blank\" rel=\"noopener\">canicule<\/a> a touch\u00e9 pr\u00e8s de la moiti\u00e9 du pays : jusqu&rsquo;\u00e0 <strong>39 \u00b0C<\/strong> relev\u00e9s dans le sud, \u00e0 Toulouse ou Avignon. Mais ce lundi 25 ao\u00fbt au matin, le ciel change de ton. La pression descend, l&rsquo;atmosph\u00e8re devient lourde, l&rsquo;air \u00e9touffe. Nuages mena\u00e7ants, \u00e9clairs pr\u00e9curseurs et premiers grondements font d\u00e9j\u00e0 frissonner certaines r\u00e9gions. Les cartes m\u00e9t\u00e9o affichent pour aujourd&rsquo;hui une <strong>vigilance sur 56 d\u00e9partements<\/strong>, dont la majeure partie du sud-est (de Perpignan \u00e0 Nice) et de l&rsquo;ouest (Bretagne incluse). On s&rsquo;attend \u00e0 des orages parfois tr\u00e8s violents : <strong>fortes rafales<\/strong>, <strong>chutes de gr\u00eale<\/strong>, <strong>pluies intenses<\/strong> en peu de temps, sans oublier les risques de coupures de courant locales.<\/p>\n<p>Du sud-est \u00e0 l&rsquo;ouest : zoom sur les d\u00e9partements en vigilance et leurs enjeux<\/p>\n<p>De nombreux bulletins d&rsquo;alerte recommandent la plus grande prudence de Lyon \u00e0 Bordeaux, en passant par les Alpes, la Vall\u00e9e du Rh\u00f4ne, et toute la bande c\u00f4ti\u00e8re bretonne. Les enjeux sont multiples : en ville, la submersion urbaine peut bloquer rues et transports ; \u00e0 la campagne, ce sont les fermes ou lotissements bas qui craignent l&rsquo;inondation. <strong>Les orages attendus se produisent apr\u00e8s une longue s\u00e9quence de s\u00e9cheresse<\/strong> et peuvent aggraver le risque d&rsquo;effondrements ou de glissements de terrain, notamment sur les routes secondaires. Le Sud-Est s&rsquo;attend aussi \u00e0 basculer directement de la chaleur \u00e0 la foudre, un contraste \u00e9prouvant pour les organismes et les \u00e9quipements.<\/p>\n<p>La parole aux experts m\u00e9t\u00e9o : comment expliquer ce brusque bouleversement ?<\/p>\n<p>Si la m\u00e9t\u00e9o s&#8217;emballe cet \u00e9t\u00e9, c&rsquo;est que la France, \u00e0 la crois\u00e9e des masses d&rsquo;air, subit l&rsquo;arriv\u00e9e brutale d&rsquo;une d\u00e9pression atlantique apr\u00e8s l&rsquo;installation persistante d&rsquo;une <strong>dorsale anticyclonique<\/strong>. R\u00e9sultat : l\u00e0 o\u00f9 l&rsquo;atmosph\u00e8re \u00e9tait satur\u00e9e de chaleur et d&rsquo;humidit\u00e9, l&rsquo;affrontement entre l&rsquo;air chaud du sud et l&rsquo;air plus frais de l&rsquo;ouest d\u00e9clenche une instabilit\u00e9 explosive. Ce ph\u00e9nom\u00e8ne provoque des orages brefs mais potentiellement destructeurs. Toutes les conditions sont r\u00e9unies pour r\u00e9p\u00e9ter ces sc\u00e9narios extr\u00eames typiques de la <strong>fin d&rsquo;\u00e9t\u00e9<\/strong>, o\u00f9 la m\u00e9t\u00e9o c\u00e9l\u00e8bre, \u00e0 sa fa\u00e7on, la \u00ab\u00a0rentr\u00e9e\u00a0\u00bb\u2026 parfois avec fracas.<\/p>\n<p>Faut-il vraiment rester chez soi ? Peser le risque, jauger la raison<br \/>\nActivit\u00e9s \u00e0 \u00e9viter ou r\u00e9inventer : s\u00e9curit\u00e9 avant tout sous un ciel mena\u00e7ant<\/p>\n<p>Face \u00e0 ce genre d&rsquo;alerte, <strong>\u00e9viter les activit\u00e9s ext\u00e9rieures non essentielles<\/strong> devient un r\u00e9flexe de prudence : randonn\u00e9e, pique-nique, v\u00e9lo, barbecue, mais aussi baignade et navigation en mer ou sur les lacs. Les sorties en montagne ou en for\u00eat sont \u00e0 proscrire quand la foudre n&rsquo;est jamais loin. M\u00eame au jardin, branches et mobilier ext\u00e9rieur peuvent devenir dangereux d\u00e8s les premi\u00e8res fortes rafales. Si un d\u00e9placement reste incontournable, il convient d&rsquo;<strong>adapter l&rsquo;itin\u00e9raire<\/strong> pour \u00e9viter les axes expos\u00e9s aux inondations, aux arbres fragiles ou au risque de glissement sur chauss\u00e9e.<\/p>\n<p> Les bons gestes qui font la diff\u00e9rence face \u00e0 l&rsquo;orage<\/p>\n<p>Quelques r\u00e9flexes simples permettent de limiter les risques : <strong>rentrer ou fixer le mobilier de jardin<\/strong>, fermer fen\u00eatres et volets, d\u00e9brancher les appareils \u00e9lectriques fragiles, et garder \u00e0 port\u00e9e de main une lampe torche. Ne jamais s&rsquo;abriter sous un arbre, ni rester pr\u00e8s des points d&rsquo;eau ou en terrain d\u00e9couvert. Sur la route, ralentir et s&rsquo;arr\u00eater si la visibilit\u00e9 devient nulle : la prudence est la meilleure alli\u00e9e. En ville, \u00e9viter de stationner sous les arbres et surveiller l&rsquo;\u00e9volution du niveau d&rsquo;eau sur la chauss\u00e9e ou dans les parkings souterrains.<\/p>\n<p> Retour d&rsquo;exp\u00e9riences face aux alertes m\u00e9t\u00e9orologiques<\/p>\n<p>Les personnes ayant travers\u00e9 de tels \u00e9pisodes m\u00e9t\u00e9orologiques en gardent des souvenirs marquants. Les plus avertis insistent sur la n\u00e9cessit\u00e9 d&rsquo;<strong>\u00e9couter les alertes<\/strong> : un pique-nique annul\u00e9 p\u00e8se peu face aux potentiels d\u00e9g\u00e2ts mat\u00e9riels ou \u00e0 l&rsquo;angoisse v\u00e9cue sous une gr\u00eale intense. Les t\u00e9moignages montrent que respecter la consigne de rester chez soi permet souvent d&rsquo;\u00e9viter le pire. \u00c0 l&rsquo;inverse, certains imprudents se retrouvent bloqu\u00e9s dans leurs v\u00e9hicules ou surpris en plein air, parfois victimes de malaises li\u00e9s aux brusques variations de temp\u00e9rature.<\/p>\n<p>\u00c0 quoi s&rsquo;attendre apr\u00e8s la temp\u00eate : ce que ce sc\u00e9nario m\u00e9t\u00e9orologique nous apprend<br \/>\nImpact sur le quotidien : entre adaptation et r\u00e9silience face \u00e0 la m\u00e9t\u00e9o<\/p>\n<p>Quand l&rsquo;orage s&rsquo;apaise, l&rsquo;heure est \u00e0 l&rsquo;\u00e9valuation des d\u00e9g\u00e2ts et \u00e0 l&rsquo;organisation de la reprise. Certaines routes peuvent rester coup\u00e9es, les transports perturb\u00e9s, et le nettoyage s&rsquo;impose l\u00e0 o\u00f9 les eaux ont tout envahi. <strong>La sant\u00e9 n&rsquo;est pas \u00e0 n\u00e9gliger<\/strong> : les personnes \u00e2g\u00e9es ou fragiles peuvent mal supporter ces coups de chaleur suivis de brusques refroidissements \u2013 il est important de leur proposer une hydratation r\u00e9guli\u00e8re et d&rsquo;\u00e9viter les efforts soudains. \u00c0 la maison, une v\u00e9rification s&rsquo;impose : toiture, \u00e9lectrom\u00e9nager, cave ou garage, tout doit \u00eatre inspect\u00e9 minutieusement.<\/p>\n<p> Les le\u00e7ons \u00e0 tirer pour mieux anticiper et profiter des prochains \u00e9pisodes extr\u00eames<\/p>\n<p>Chaque \u00e9t\u00e9 semble d\u00e9sormais offrir sa s\u00e9quence de surprises m\u00e9t\u00e9orologiques. <strong>Adapter son emploi du temps<\/strong> aux alertes, pr\u00e9parer sa maison et ses proches, surveiller les bulletins jusqu&rsquo;au dernier moment : autant de gestes qui prot\u00e8gent concr\u00e8tement le quotidien. La m\u00e9t\u00e9o, en 2025, n&rsquo;est plus une simple affaire de parapluie ou de cr\u00e8me solaire. Elle devient un enjeu d&rsquo;anticipation et de bon sens partag\u00e9, pour pouvoir profiter des beaux jours sans d\u00e9sagr\u00e9ments ni regrets.<\/p>\n<p>Affronter la m\u00e9t\u00e9o estivale, c&rsquo;est accepter de s&rsquo;informer, s&rsquo;adapter et rester flexible : l&rsquo;\u00e9t\u00e9 n&rsquo;en est que plus riche, pour peu qu&rsquo;on sache naviguer entre soleil et orages. La vigilance m\u00e9t\u00e9orologique n&rsquo;est donc pas une invitation \u00e0 la peur, mais plut\u00f4t \u00e0 l&rsquo;agilit\u00e9 et \u00e0 la responsabilit\u00e9. Sortir ou s&rsquo;abriter ? Tout d\u00e9pend du bon sens face \u00e0 ces <strong>orages d&rsquo;ao\u00fbt plac\u00e9s sous haute surveillance dans 56 d\u00e9partements<\/strong>. \u00c0 chacun de jouer la partition qui convient, pour savourer sereinement la belle saison\u2026 malgr\u00e9 ses caprices.<\/p>\n","protected":false},"excerpt":{"rendered":"Au c\u0153ur de cette fin ao\u00fbt, la chaleur ne l\u00e2che rien. Apr\u00e8s des journ\u00e9es suffocantes, voil\u00e0 que l&rsquo;ambiance&hellip;\n","protected":false},"author":2,"featured_media":346890,"comment_status":"","ping_status":"","sticky":false,"template":"","format":"standard","meta":{"footnotes":""},"categories":[2],"tags":[11,1011,27,2487,12,56,25,5426],"class_list":{"0":"post-346889","1":"post","2":"type-post","3":"status-publish","4":"format-standard","5":"has-post-thumbnail","7":"category-actualites","8":"tag-actualites","9":"tag-fr","10":"tag-france","11":"tag-meteo","12":"tag-news","13":"tag-push","14":"tag-republique-francaise","15":"tag-temps"},"share_on_mastodon":{"url":"https:\/\/pubeurope.com\/@fr\/115099171785899042","error":""},"_links":{"self":[{"href":"https:\/\/www.europesays.com\/fr\/wp-json\/wp\/v2\/posts\/346889","targetHints":{"allow":["GET"]}}],"collection":[{"href":"https:\/\/www.europesays.com\/fr\/wp-json\/wp\/v2\/posts"}],"about":[{"href":"https:\/\/www.europesays.com\/fr\/wp-json\/wp\/v2\/types\/post"}],"author":[{"embeddable":true,"href":"https:\/\/www.europesays.com\/fr\/wp-json\/wp\/v2\/users\/2"}],"replies":[{"embeddable":true,"href":"https:\/\/www.europesays.com\/fr\/wp-json\/wp\/v2\/comments?post=346889"}],"version-history":[{"count":0,"href":"https:\/\/www.europesays.com\/fr\/wp-json\/wp\/v2\/posts\/346889\/revisions"}],"wp:featuredmedia":[{"embeddable":true,"href":"https:\/\/www.europesays.com\/fr\/wp-json\/wp\/v2\/media\/346890"}],"wp:attachment":[{"href":"https:\/\/www.europesays.com\/fr\/wp-json\/wp\/v2\/media?parent=346889"}],"wp:term":[{"taxonomy":"category","embeddable":true,"href":"https:\/\/www.europesays.com\/fr\/wp-json\/wp\/v2\/categories?post=346889"},{"taxonomy":"post_tag","embeddable":true,"href":"https:\/\/www.europesays.com\/fr\/wp-json\/wp\/v2\/tags?post=346889"}],"curies":[{"name":"wp","href":"https:\/\/api.w.org\/{rel}","templated":true}]}}