{"id":346891,"date":"2025-08-27T05:52:12","date_gmt":"2025-08-27T05:52:12","guid":{"rendered":"https:\/\/www.europesays.com\/fr\/346891\/"},"modified":"2025-08-27T05:52:12","modified_gmt":"2025-08-27T05:52:12","slug":"le-canada-debarque-le-sous-marin-barracuda-de-naval-group-en-lice-pour-une-megacommande","status":"publish","type":"post","link":"https:\/\/www.europesays.com\/fr\/346891\/","title":{"rendered":"Le Canada d\u00e9barque le sous-marin Barracuda de Naval Group en lice pour une m\u00e9gacommande"},"content":{"rendered":"<p>D\u00e9cid\u00e9ment le Canada reste une terre tr\u00e8s hostile pour les industriels de l&rsquo;armement fran\u00e7ais dont les offres sont r\u00e9guli\u00e8rement retoqu\u00e9es par le minist\u00e8re de la D\u00e9fense canadien. Apr\u00e8s un \u00e9chec en d\u00e9cembre 2017 (fr\u00e9gates FREMM), Naval Group a \u00e9chou\u00e9 \u00e0 nouveau \u00e0 convaincre le Canada alors que le chantier naval a pourtant largement fait ses preuves de comp\u00e9titeur ces derni\u00e8res ann\u00e9es aux Pays-Bas (Barracuda), en Indon\u00e9sie (sous-marins Scorp\u00e8ne), en Gr\u00e8ce (fr\u00e9gates FDI)&#8230; Sa proposition\u00a0d&rsquo;\u00e9quiper la\u00a0Marine royale avec des sous-marins Barracuda \u00e0 propulsion conventionnelle a \u00e9t\u00e9 balay\u00e9e par\u00a0Jo\u00ebl Lightbound, ministre de la Transformation du gouvernement, des Travaux publics et de l&rsquo;Approvisionnement, et Stephen Fuhr, secr\u00e9taire d&rsquo;\u00c9tat en charge de l&rsquo;approvisionnement en mati\u00e8re de d\u00e9fense. Inexplicable&#8230;<\/p>\n","protected":false},"excerpt":{"rendered":"D\u00e9cid\u00e9ment le Canada reste une terre tr\u00e8s hostile pour les industriels de l&rsquo;armement fran\u00e7ais dont les offres sont&hellip;\n","protected":false},"author":2,"featured_media":346892,"comment_status":"","ping_status":"","sticky":false,"template":"","format":"standard","meta":{"footnotes":""},"categories":[2],"tags":[17,11,48296,574,11465,645,1011,27,37794,48298,48297,12,25,36558],"class_list":{"0":"post-346891","1":"post","2":"type-post","3":"status-publish","4":"format-standard","5":"has-post-thumbnail","7":"category-actualites","8":"tag-17","9":"tag-actualites","10":"tag-barracuda","11":"tag-canada","12":"tag-debarque","13":"tag-entreprises-finance","14":"tag-fr","15":"tag-france","16":"tag-group","17":"tag-lice","18":"tag-naval","19":"tag-news","20":"tag-republique-francaise","21":"tag-sous-marin"},"share_on_mastodon":{"url":"https:\/\/pubeurope.com\/@fr\/115099175841330098","error":""},"_links":{"self":[{"href":"https:\/\/www.europesays.com\/fr\/wp-json\/wp\/v2\/posts\/346891","targetHints":{"allow":["GET"]}}],"collection":[{"href":"https:\/\/www.europesays.com\/fr\/wp-json\/wp\/v2\/posts"}],"about":[{"href":"https:\/\/www.europesays.com\/fr\/wp-json\/wp\/v2\/types\/post"}],"author":[{"embeddable":true,"href":"https:\/\/www.europesays.com\/fr\/wp-json\/wp\/v2\/users\/2"}],"replies":[{"embeddable":true,"href":"https:\/\/www.europesays.com\/fr\/wp-json\/wp\/v2\/comments?post=346891"}],"version-history":[{"count":0,"href":"https:\/\/www.europesays.com\/fr\/wp-json\/wp\/v2\/posts\/346891\/revisions"}],"wp:featuredmedia":[{"embeddable":true,"href":"https:\/\/www.europesays.com\/fr\/wp-json\/wp\/v2\/media\/346892"}],"wp:attachment":[{"href":"https:\/\/www.europesays.com\/fr\/wp-json\/wp\/v2\/media?parent=346891"}],"wp:term":[{"taxonomy":"category","embeddable":true,"href":"https:\/\/www.europesays.com\/fr\/wp-json\/wp\/v2\/categories?post=346891"},{"taxonomy":"post_tag","embeddable":true,"href":"https:\/\/www.europesays.com\/fr\/wp-json\/wp\/v2\/tags?post=346891"}],"curies":[{"name":"wp","href":"https:\/\/api.w.org\/{rel}","templated":true}]}}