{"id":346893,"date":"2025-08-27T05:53:16","date_gmt":"2025-08-27T05:53:16","guid":{"rendered":"https:\/\/www.europesays.com\/fr\/346893\/"},"modified":"2025-08-27T05:53:16","modified_gmt":"2025-08-27T05:53:16","slug":"qui-est-naomi-torrent-elue-miss-guadeloupe","status":"publish","type":"post","link":"https:\/\/www.europesays.com\/fr\/346893\/","title":{"rendered":"qui est Naomi Torrent, \u00e9lue Miss Guadeloupe ?"},"content":{"rendered":"<p class=\"article-p mdl\">Elle est l&rsquo;une des Miss les plus \u00e2g\u00e9es parmi les candidates en lice. Le 19 juillet 2025, Naomi Torrent, 30 ans, a \u00e9t\u00e9 couronn\u00e9e Miss Guadeloupe 2025 au Palais des Sports et de la Culture du Gosier. Originaire de la commune de Basse-Terre, l&rsquo;analyste financi\u00e8re de profession d&rsquo;1.77m, est titulaire d&rsquo;un double master en management et en ing\u00e9nierie financi\u00e8re, et est\u00a0<strong>passionn\u00e9e d&rsquo;art, d&rsquo;\u00e9criture, de chant et de carnaval.<\/strong><\/p>\n<p class=\"article-p mdl\">\u00ab\u00a0Notre carnaval est tellement riche, c\u2019est ce qui fait que c\u2019est la tradition qui vibre le plus en moi. De plus,\u00a0c\u2019\u00e9tait un moyen d\u2019expression des esclaves.\u00a0Comme on dit, <strong>des plus gros traumas peuvent ressortir les plus beaux tr\u00e9sors.<\/strong> Nous avons transform\u00e9 quelque chose de difficile en beaut\u00e9. Et nous faisons vibrer notre carnaval chaque ann\u00e9e\u00a0\u00bb, a d\u00e9clar\u00e9 Naomi Torrent. Cette derni\u00e8re d\u00e9fend aussi une cause qu&rsquo;elle souhaite mettre en lumi\u00e8re : la lutte contre la maladie d&rsquo;Alzheimer.<\/p>\n<p class=\"article-p mdl\">\u00ab\u00a0C\u2019est une cause qui me touche puisque dans ma famille, ma grand-m\u00e8re est tomb\u00e9e malade tr\u00e8s jeune de la maladie d\u2019Alzheimer et \u00e7a a impact\u00e9 toute notre famille\u00a0\u00bb, explique la candidate au micro de\u00a0<a class=\"link\" href=\"https:\/\/la1ere.franceinfo.fr\/guadeloupe\/basse-terre\/basse-terre\/miss-france-2026-qui-est-naomi-torrent-l-inspirante-basse-terrienne-sacree-miss-guadeloupe-2025-1606452.html\" target=\"_blank\" rel=\"noopener\">Guadeloupe La 1\u00e8re<\/a>. La Basse-Terrienne\u00a0exprime \u00e9galement sa d\u00e9termination et sa gratitude en vue de l&rsquo;\u00e9lection : \u00ab\u00a0C&rsquo;est un d\u00e9fi personnel que je m&rsquo;\u00e9tais lanc\u00e9. Je l&rsquo;ai aussi fait pour vous. <strong>\u00c0 Miss France, on y va ensemble\u00a0\u00bb,<\/strong> rappelle-t-elle.<\/p>\n<p class=\"article-p mdl\">Depuis plus de 30 ans, quatre miss originaires de l&rsquo;archipel guadeloup\u00e9en ont \u00e9t\u00e9 couronn\u00e9es : V\u00e9ronique de la Cruz (1993), Corinne Coman (Miss France 2003),\u00a0<a class=\"link\" href=\"https:\/\/www.rtl.fr\/actu\/debats-societe\/miss-monde-2024-la-tcheque-krystyna-pyszkova-couronnee-la-francaise-clemence-botino-dans-le-top-40-7900361792\" target=\"_blank\" rel=\"noopener\">Cl\u00e9mence Botino<\/a>\u00a0(2020) et Indira Ampiot (2023), ce qui en fait <strong>le cinqui\u00e8me comit\u00e9 le plus repr\u00e9sent\u00e9<\/strong> depuis la cr\u00e9ation de la c\u00e9r\u00e9monie, en 1920. Elle succ\u00e8de \u00e0\u00a0<a class=\"link\" href=\"https:\/\/www.rtl.fr\/culture\/medias-people\/miss-france-2025-qui-est-moira-andre-elue-miss-guadeloupe-7900427837\" target=\"_blank\" rel=\"noopener\">Mo\u00efra Andr\u00e9<\/a>, 28 ans, Miss Guadeloupe 2024, qui avait termin\u00e9 \u00e0 la place de troisi\u00e8me dauphine pour Miss France 2025.<\/p>\n<p>    La r\u00e9daction vous recommande<\/p>\n<p class=\"s-newsletter__title\">\n                L\u2019actualit\u00e9 par la r\u00e9daction de RTL dans votre bo\u00eete mail.\n            <\/p>\n<p class=\"s-newsletter__subtitle\">\n                Gr\u00e2ce \u00e0 votre compte RTL abonnez-vous \u00e0 la newsletter RTL info pour suivre toute l&rsquo;actualit\u00e9 au quotidien\n            <\/p>\n<p>\n                                    Lire la suite\n                                <\/p>\n","protected":false},"excerpt":{"rendered":"Elle est l&rsquo;une des Miss les plus \u00e2g\u00e9es parmi les candidates en lice. Le 19 juillet 2025, Naomi&hellip;\n","protected":false},"author":2,"featured_media":346894,"comment_status":"","ping_status":"","sticky":false,"template":"","format":"standard","meta":{"footnotes":""},"categories":[4],"tags":[11,903,2414,107,1011,27,6142,3034,12,25,252],"class_list":{"0":"post-346893","1":"post","2":"type-post","3":"status-publish","4":"format-standard","5":"has-post-thumbnail","7":"category-france","8":"tag-actualites","9":"tag-concours","10":"tag-fil-culture","11":"tag-fil-info","12":"tag-fr","13":"tag-france","14":"tag-guadeloupe","15":"tag-miss-france","16":"tag-news","17":"tag-republique-francaise","18":"tag-television"},"share_on_mastodon":{"url":"https:\/\/pubeurope.com\/@fr\/115099180113412397","error":""},"_links":{"self":[{"href":"https:\/\/www.europesays.com\/fr\/wp-json\/wp\/v2\/posts\/346893","targetHints":{"allow":["GET"]}}],"collection":[{"href":"https:\/\/www.europesays.com\/fr\/wp-json\/wp\/v2\/posts"}],"about":[{"href":"https:\/\/www.europesays.com\/fr\/wp-json\/wp\/v2\/types\/post"}],"author":[{"embeddable":true,"href":"https:\/\/www.europesays.com\/fr\/wp-json\/wp\/v2\/users\/2"}],"replies":[{"embeddable":true,"href":"https:\/\/www.europesays.com\/fr\/wp-json\/wp\/v2\/comments?post=346893"}],"version-history":[{"count":0,"href":"https:\/\/www.europesays.com\/fr\/wp-json\/wp\/v2\/posts\/346893\/revisions"}],"wp:featuredmedia":[{"embeddable":true,"href":"https:\/\/www.europesays.com\/fr\/wp-json\/wp\/v2\/media\/346894"}],"wp:attachment":[{"href":"https:\/\/www.europesays.com\/fr\/wp-json\/wp\/v2\/media?parent=346893"}],"wp:term":[{"taxonomy":"category","embeddable":true,"href":"https:\/\/www.europesays.com\/fr\/wp-json\/wp\/v2\/categories?post=346893"},{"taxonomy":"post_tag","embeddable":true,"href":"https:\/\/www.europesays.com\/fr\/wp-json\/wp\/v2\/tags?post=346893"}],"curies":[{"name":"wp","href":"https:\/\/api.w.org\/{rel}","templated":true}]}}