{"id":346895,"date":"2025-08-27T05:54:16","date_gmt":"2025-08-27T05:54:16","guid":{"rendered":"https:\/\/www.europesays.com\/fr\/346895\/"},"modified":"2025-08-27T05:54:16","modified_gmt":"2025-08-27T05:54:16","slug":"mike-lorenzo-vera-jai-envie-de-dire-au-revoir-de-la-bonne-maniere","status":"publish","type":"post","link":"https:\/\/www.europesays.com\/fr\/346895\/","title":{"rendered":"Mike Lorenzo-Vera : \u00ab J\u2019ai envie de dire au revoir de la bonne mani\u00e8re \u00bb"},"content":{"rendered":"<p>\t\t\t\t\t\t<img width=\"770\" height=\"556\" src=\"https:\/\/www.europesays.com\/fr\/wp-content\/uploads\/2025\/08\/afp__20250826__2232216556__v1__highres__omegaeuropeanmasters2025previews-770x556.jpg\" class=\"img-responsive wp-post-image\" alt=\"\" decoding=\"async\" fetchpriority=\"high\"  \/>\t\t\t\t\t<\/p>\n<p>\t\t\t\t\t\t Partager cet article <\/p>\n<p class=\"screen-reader-text juiz_sps_maybe_hidden_text\">Partager la publication \u00ab\u00a0Mike Lorenzo-Vera : \u00ab J\u2019ai envie de dire au revoir de la bonne mani\u00e8re \u00bb\u00a0\u00bb<\/p>\n<p><strong>En marge de l\u2019Omega European Masters, son tout dernier tournoi en carri\u00e8re sur le DP World Tour, Mike Lorenzo-Vera a expliqu\u00e9 son choix de tirer sa r\u00e9v\u00e9rence \u00e0 Crans-Montana avant de revenir sur sa longue carri\u00e8re faite de hauts et de bas.<\/strong><\/p>\n<p>\t\t\t\t\t<a id=\"181972\" href=\"https:\/\/www.azurgolftravel.com\/proamdepalsoct25\" target=\"_blank\" rel=\"sponsorised nofollow noopener\"><img decoding=\"async\" src=\"data:image\/svg+xml,%3Csvg%20xmlns=\" http:=\"\" class=\"img-responsive\" alt=\"\" data-lazy-src=\"https:\/\/www.europesays.com\/fr\/wp-content\/uploads\/2025\/08\/azurgolftravel-e01-proam-catalogne-1170x275-1.jpeg\"\/><\/a><\/p>\n<p><strong>Propos recueillis par Nathan CARDET, \u00e0 Crans-Montana<\/strong><\/p>\n<p>Entour\u00e9 de ses deux filles, <strong>Mike Lorenzo-Vera<\/strong> a pris le temps ce mardi apr\u00e8s-midi de r\u00e9pondre \u00e0 nos questions. Le Basque de 40 ans, souriant mais \u00e9galement un peu \u00e9mu, n\u2019a pas cach\u00e9 son sentiment de fiert\u00e9 au moment de tirer le bilan de sa carri\u00e8re. Le supporter du<strong> Biarritz Olympique<\/strong> a aussi \u00e9voqu\u00e9 son avenir, d\u00e9sormais loin des fairways.<\/p>\n<p>\t\t\t\t\t<a id=\"181426\" href=\"https:\/\/leclub-golf.com\/fr\/green-fees?online=1&amp;utm_source=golf+planete&amp;utm_medium=referral&amp;utm_campaign=green+fee+en+ligne&amp;utm_id=green+fee+en+ligne_golf+planete_referral_banner\" target=\"_blank\" rel=\"sponsorised nofollow noopener\"><img decoding=\"async\" src=\"data:image\/svg+xml,%3Csvg%20xmlns=\" http:=\"\" class=\"img-responsive\" alt=\"\" data-lazy-src=\"https:\/\/www.europesays.com\/fr\/wp-content\/uploads\/2025\/08\/leclubgolf-e09-effet-classique-1170x275png.png\"\/><\/a><\/p>\n<p><strong>GOLF PLANETE : Avant toute chose, comment allez-vous ?<\/strong><\/p>\n<p><strong>Mike Lorenzo-Vera :<\/strong> \u00c7a va tr\u00e8s bien, en famille et au meilleur endroit sur la plan\u00e8te, donc tout va bien !<\/p>\n<p><strong>G.P. : Quel sentiment pr\u00e9domine avant ce dernier tournoi ?<\/strong><\/p>\n<p><strong>M.L.V. :<\/strong> Je ne sais pas (rires). J\u2019ai du mal \u00e0 mettre des mots dessus, parce que ce n\u2019est pas de la d\u00e9ception, mais je suis touch\u00e9 quand m\u00eame.<\/p>\n<p><strong>G.P. : Avoir choisi l\u2019Omega European Masters pour votre dernier tournoi, ce n\u2019est pas anodin ?<\/strong><\/p>\n<p><strong>M.L.V. :<\/strong> Non, pas du tout. \u00c7a fait dix ans que mon p\u00e8re est parti et je l\u2019ai perdu pendant que je jouais ce tournoi, sur le fairway du 1, un jeudi.<\/p>\n<blockquote><p>\nJ\u2019esp\u00e8re faire une nouvelle fois une belle semaine ici avant de partir\n<\/p><\/blockquote>\n<p><strong>G.P. : Vous avez \u00e9galement de bons souvenirs ici \u00e0 Crans\u2026<\/strong><\/p>\n<p><strong>M.L.V. :<\/strong> Oui, c\u2019est un parcours que j\u2019adore, je ne sais pas pourquoi car g\u00e9n\u00e9ralement je drive tr\u00e8s mal et c\u2019est tr\u00e8s \u00e9troit. J\u2019esp\u00e8re faire une nouvelle fois une belle semaine ici avant de partir. Ce n\u2019est pas un parcours o\u00f9 il faut attaquer comme un tar\u00e9. Maintenant que je l\u2019ai compris, j\u2019arrive \u00e0 taper quelques shots comme il faut.<\/p>\n<p><strong>G.P. : Ce n\u2019est pas juste un au revoir, il y a aussi l\u2019envie de performer cette semaine ?<\/strong><\/p>\n<p><strong>M.L.V. :<\/strong> Il y a deux mois, je me disais \u00ab j\u2019y vais, je me r\u00e9gale, je vais faire des ap\u00e9ros avec les copains \u00bb. Et en fait, pas du tout : \u00e7a fait quelques semaines que c\u2019est en train de bien monter et j\u2019ai envie de dire au revoir de la bonne mani\u00e8re.<\/p>\n<blockquote><p>\nMais au final je suis fier, car je suis un peu un bourrin\n<\/p><\/blockquote>\n<p><strong>G.P. : De vos d\u00e9buts au Golf du Makila jusqu\u2019\u00e0 votre troisi\u00e8me place au DP World Tour Championship au milieu des meilleurs, c\u2019est un sentiment de fiert\u00e9 qui pr\u00e9domine quand il faut tirer le bilan de votre carri\u00e8re ?<\/strong><\/p>\n<p><strong>M.L.V. :<\/strong> Oui, je suis fier. Il n\u2019y a pas eu de victoire sur le circuit europ\u00e9en, c\u2019est le probl\u00e8me. Mais j\u2019ai quand m\u00eame gagn\u00e9 l\u2019ordre du m\u00e9rite du <strong>Challenge Tour<\/strong> (2007), ce qui n\u2019est pas donn\u00e9 \u00e0 tout le monde. Je me suis mis en position sur des gros tournois, preuve que le niveau \u00e9tait l\u00e0. Il m\u2019a aussi manqu\u00e9 des choses, que ce soit mental, technique ou au niveau de la r\u00e9gularit\u00e9. Mais au final je suis fier, car je suis un peu un bourrin. Quand \u00e7a ne va pas, j\u2019aime bien d\u00e9cider que \u00e7a aille mieux. Et \u00e0 chaque fois j\u2019ai r\u00e9ussi \u00e0 remonter. C\u2019est un beau parcours au final.<\/p>\n<p><strong>G.P. : Durant votre carri\u00e8re, avez-vous r\u00e9ussi \u00e0 cr\u00e9er de belles amiti\u00e9s ?<\/strong><\/p>\n<p><strong>M.L.V. :<\/strong> On peut se ha\u00efr sur le parcours, c\u2019est normal, c\u2019est le sport, mais on se respecte tous. M\u00eame s\u2019il y a des joueurs avec qui on n\u2019a pas d\u2019affinit\u00e9s, on sait qu\u2019on fait tous la m\u00eame chose et qu\u2019on gal\u00e8re de la m\u00eame mani\u00e8re \u00e0 envoyer la balle o\u00f9 il faut. \u00c0 partir de l\u00e0, il y a forc\u00e9ment des liens plus forts qui se cr\u00e9ent avec certains, des amiti\u00e9s, que ce soient des joueurs, des cadets ou des gens de l\u2019organisation. En vingt ans, j\u2019ai d\u00fb rencontrer 150 personnes qui me sont tr\u00e8s ch\u00e8res et que je prends plaisir \u00e0 retrouver partout dans le monde.<\/p>\n<p><strong>G.P. : Vous allez rester comme un joueur qui a fait vibrer les golfeurs fran\u00e7ais. Est-ce \u00e9galement une fiert\u00e9 ?<\/strong><\/p>\n<p><strong>M.L.V. :<\/strong> Le sportif, c\u2019est une chose, mais il y a aussi ce que l\u2019on am\u00e8ne aux gens et je crois que l\u00e0-dessus, je n\u2019ai pas \u00e9t\u00e9 mauvais, et j\u2019en suis fier. Quand j\u2019ai arr\u00eat\u00e9, j\u2019avais un peu la t\u00eate dans le sac et j\u2019ai re\u00e7u de nombreux messages tr\u00e8s gentils qui n\u2019avaient rien \u00e0 voir avec le golf. L\u00e0, on se rend compte qu\u2019on a r\u00e9ussi une sacr\u00e9e partie du contrat d\u2019un sportif professionnel.<\/p>\n<blockquote><p>\nCelui qui se plaint de cette vie a un probl\u00e8me\n<\/p><\/blockquote>\n<p><strong>G.P. : La vie de golfeur professionnel a aussi des c\u00f4t\u00e9s difficiles. Pensez-vous que les fans de golf id\u00e9alisent trop cette vie-l\u00e0 ?<\/strong><\/p>\n<p><strong>M.L.V. :<\/strong> Je pense qu\u2019au contraire, on la sous-estime quand on est dedans, c\u2019est une vie de dingue. Certes, on voyage beaucoup sans voir grand-chose, avec les valises, loin des enfants, loin de la famille\u2026 \u00e7a, ce sont les c\u00f4t\u00e9s n\u00e9gatifs. Mais celui qui se plaint de cette vie a un probl\u00e8me. On a les plus belles opportunit\u00e9s. Si on travaille bien, il y a moyen de gagner \u00e9norm\u00e9ment d\u2019argent. On travaille dans un cadre incroyable : m\u00eame si certains parcours ne sont pas oufs, \u00e7a reste dehors, sur de l\u2019herbe, dans la nature, avec des gens adorables qui nous encouragent. Je n\u2019arrive pas \u00e0 ne voir que le c\u00f4t\u00e9 n\u00e9gatif. C\u2019est vrai que de partir de la maison, au bout d\u2019un moment, \u00e7a a \u00e9t\u00e9 tr\u00e8s dur pour moi. Mais le m\u00e9tier en lui-m\u00eame est incroyable. Celui qui se plaint n\u2019a pas assez ouvert les yeux en voyageant justement.<\/p>\n<p><strong>G.P. : Quels sont vos projets pour la suite ? Vous vous \u00e9tiez un peu lanc\u00e9 dans le coaching\u2026<\/strong><\/p>\n<p><strong>M.L.V. :<\/strong> Je ferai tr\u00e8s peu dans le golf. Je ferai quelques voyages autour du golf et de la Formule 1, mais pas plus. Apr\u00e8s, j\u2019ai la chance \u00e9norme d\u2019avoir rencontr\u00e9 son Altesse Sheikh <strong>Khalid bin Hamad Al Khalifa<\/strong>, avec qui je suis devenu tr\u00e8s ami et qui est le prince de Bahre\u00efn. Il me permet d\u2019avoir des opportunit\u00e9s de travail fabuleuses. C\u2019est une rencontre qui est devenue une amiti\u00e9 juste g\u00e9niale. On va voir un peu la suite, il faut juste l\u2019organiser maintenant. Beaucoup de positif arrive : on va enlever la capsule de stress du golf, que j\u2019ai tr\u00e8s mal g\u00e9r\u00e9e ces derniers mois, et puis en avant !<\/p>\n<p>\u00a0<\/p>\n<p>\u00a0<\/p>\n<p>\u00a9STUART FRANKLIN \/ GETTY IMAGES EUROPE \/ Getty Images via AFP<\/p>\n","protected":false},"excerpt":{"rendered":"Partager cet article Partager la publication \u00ab\u00a0Mike Lorenzo-Vera : \u00ab J\u2019ai envie de dire au revoir de la&hellip;\n","protected":false},"author":2,"featured_media":346896,"comment_status":"","ping_status":"","sticky":false,"template":"","format":"standard","meta":{"footnotes":""},"categories":[1418],"tags":[1011,27,1472,60],"class_list":{"0":"post-346895","1":"post","2":"type-post","3":"status-publish","4":"format-standard","5":"has-post-thumbnail","7":"category-golf","8":"tag-fr","9":"tag-france","10":"tag-golf","11":"tag-sports"},"share_on_mastodon":{"url":"https:\/\/pubeurope.com\/@fr\/115099183586506084","error":""},"_links":{"self":[{"href":"https:\/\/www.europesays.com\/fr\/wp-json\/wp\/v2\/posts\/346895","targetHints":{"allow":["GET"]}}],"collection":[{"href":"https:\/\/www.europesays.com\/fr\/wp-json\/wp\/v2\/posts"}],"about":[{"href":"https:\/\/www.europesays.com\/fr\/wp-json\/wp\/v2\/types\/post"}],"author":[{"embeddable":true,"href":"https:\/\/www.europesays.com\/fr\/wp-json\/wp\/v2\/users\/2"}],"replies":[{"embeddable":true,"href":"https:\/\/www.europesays.com\/fr\/wp-json\/wp\/v2\/comments?post=346895"}],"version-history":[{"count":0,"href":"https:\/\/www.europesays.com\/fr\/wp-json\/wp\/v2\/posts\/346895\/revisions"}],"wp:featuredmedia":[{"embeddable":true,"href":"https:\/\/www.europesays.com\/fr\/wp-json\/wp\/v2\/media\/346896"}],"wp:attachment":[{"href":"https:\/\/www.europesays.com\/fr\/wp-json\/wp\/v2\/media?parent=346895"}],"wp:term":[{"taxonomy":"category","embeddable":true,"href":"https:\/\/www.europesays.com\/fr\/wp-json\/wp\/v2\/categories?post=346895"},{"taxonomy":"post_tag","embeddable":true,"href":"https:\/\/www.europesays.com\/fr\/wp-json\/wp\/v2\/tags?post=346895"}],"curies":[{"name":"wp","href":"https:\/\/api.w.org\/{rel}","templated":true}]}}