{"id":346903,"date":"2025-08-27T06:00:18","date_gmt":"2025-08-27T06:00:18","guid":{"rendered":"https:\/\/www.europesays.com\/fr\/346903\/"},"modified":"2025-08-27T06:00:18","modified_gmt":"2025-08-27T06:00:18","slug":"soiree-historique-pour-pafos-bodo-glimt-et-kairat-almaty-qualifies-a-la-surprise-generale","status":"publish","type":"post","link":"https:\/\/www.europesays.com\/fr\/346903\/","title":{"rendered":"soir\u00e9e historique pour Pafos, Bod\u00f8\/Glimt et Ka\u00efrat Almaty, qualifi\u00e9s \u00e0 la surprise g\u00e9n\u00e9rale"},"content":{"rendered":"<p>La prochaine phase de ligue r\u00e9servera des soir\u00e9es in\u00e9dites \u00e0 Chypre, en Norv\u00e8ge et au Kazakhstan \u00e0 partir du mois de septembre.<\/p>\n<p class=\"fig-paragraph\">Soir\u00e9e historique en C1\u00a0! La modeste \u00e9quipe de Pafos FC a cr\u00e9\u00e9 la sensation en se hissant pour la premi\u00e8re fois de son histoire en phase de<a href=\"http:\/\/www.lefigaro.fr\/sports\/football\/ligue-des-champions\/fenerbahce-benfica-lisbonne-en-affiche-des-barrages-de-la-ligue-des-champions-20250812\" target=\"_blank\" data-fig-type=\"NewsFlash\" rel=\"noopener\" data-gtm-custom-categorie=\"navigation\" data-gtm-custom-action=\"crossclick\" data-gtm-custom-label=\"Contextuel\" data-gtm-event=\"customEventSPE\" data-fig-domain=\"LEFIGARO\">\u00a0Ligue des champions\u00a0<\/a>\u00e0 l\u2019issue de son match nul 1-1 contre l\u2019\u00c9toile rouge de Belgrade en barrage retour mardi soir (aller 2-1).<\/p>\n<p class=\"fig-paragraph\">Il s\u2019agit d\u2019un exploit retentissant pour le club chypriote, qui s\u2019\u00e9tait d\u00e9j\u00e0 impos\u00e9 \u00e0 la surprise g\u00e9n\u00e9rale il y a une semaine dans la capitale serbe. \u00c0 Limassol mardi soir, les Chypriotes ont conc\u00e9d\u00e9 l\u2019ouverture du score sur un but d\u2019Ivanovic (60e)avant d\u2019\u00e9galiser en fin de match (89e) par Jaja, auteur d\u2019un lob aussi improbable que magnifique (en vid\u00e9o ci-dessous).<\/p>\n<p>                                    <a class=\"fig-a11y-skip a11y-hidden\" href=\"#fig-a11y-skip-main-inarticle\"><br \/>\n        Passer la publicit\u00e9<br \/>\n    <\/a><\/p>\n<p>Le Celtic au tapis<\/p>\n<p class=\"fig-paragraph\">Pafos, qui vient de recruter le d\u00e9fenseur br\u00e9silien David Luiz, pass\u00e9 notamment par le Paris SG et Chelsea, va donc disputer la prochaine C1, dont il sera assur\u00e9ment le Petit Poucet. Statut qu\u2019il partagera surtout avec les Kazakhs de Kairat Almaty, qui ont pi\u00e9g\u00e9 aux tirs au but les habitu\u00e9s du Celtic Glasgow apr\u00e8s deux 0-0 en 180 minutes. La 315e \u00e9quipe \u00e0 l\u2019indice UEFA &#8211; qui a franchi tous les tours de qualification depuis le mois de juillet &#8211; \u00e9voluera sur la plus grande sc\u00e8ne europ\u00e9enne.<\/p>\n<p class=\"fig-paragraph\">Les Norv\u00e9giens de Bod\u00f8\/Glimt, qui ont \u00abassur\u00e9\u00bb une courte d\u00e9faite sur la pelouse de Sturm Graz (2-1) apr\u00e8s leur carton du match aller (5-0), d\u00e9couvriront eux aussi la Ligue des champions. Quelques mois seulement apr\u00e8s leur demi-finale de Ligue Europa perdue face \u00e0 Tottenham.<\/p>\n<p class=\"fig-paragraph\"><strong>R\u00e9sultats des barrages de la Ligue des champions apr\u00e8s les rencontres disput\u00e9es mardi\u00a0:<\/strong><\/p>\n<p class=\"fig-paragraph\"><strong>Kairat Almaty<\/strong> &#8211; Celtic 0 &#8211; 0, 0 &#8211; 0 (3 t.a.b. \u00e0 2)<\/p>\n<p class=\"fig-paragraph\"><strong>Pafos FC<\/strong> &#8211; \u00c9toile rouge de Belgrade 2 &#8211; 1, 1 &#8211; 1<\/p>\n<p>                                    <a class=\"fig-a11y-skip a11y-hidden\" href=\"#fig-a11y-skip-main-inarticle_mtf\"><br \/>\n        Passer la publicit\u00e9<br \/>\n    <\/a><\/p>\n<p class=\"fig-paragraph\">Sturm Graz &#8211; <strong>Bod\u00f8\/Glimt<\/strong> 0 &#8211; 5, 2 &#8211; 1<\/p>\n","protected":false},"excerpt":{"rendered":"La prochaine phase de ligue r\u00e9servera des soir\u00e9es in\u00e9dites \u00e0 Chypre, en Norv\u00e8ge et au Kazakhstan \u00e0 partir&hellip;\n","protected":false},"author":2,"featured_media":346904,"comment_status":"","ping_status":"","sticky":false,"template":"","format":"standard","meta":{"footnotes":""},"categories":[1412],"tags":[4791,786,525,448,1981,1089,814,1451,2257,63,1452,1453,1454,1455,1011,27,2705,447,1307,3490,955,4589,4789,93,4790,1980,60,455],"class_list":{"0":"post-346903","1":"post","2":"type-post","3":"status-publish","4":"format-standard","5":"has-post-thumbnail","7":"category-f1","8":"tag-barcelone","9":"tag-c1","10":"tag-calendrier","11":"tag-champions-league","12":"tag-classement","13":"tag-coupe-deurope","14":"tag-direct","15":"tag-f1","16":"tag-foot","17":"tag-football","18":"tag-formula-1","19":"tag-formula1","20":"tag-formule-1","21":"tag-formule1","22":"tag-fr","23":"tag-france","24":"tag-groupe","25":"tag-ligue-des-champions","26":"tag-lille","27":"tag-liverpool","28":"tag-match","29":"tag-phase-finale","30":"tag-poule","31":"tag-psg","32":"tag-real-madrid","33":"tag-resultats","34":"tag-sports","35":"tag-uefa"},"share_on_mastodon":{"url":"https:\/\/pubeurope.com\/@fr\/115099207149612447","error":""},"_links":{"self":[{"href":"https:\/\/www.europesays.com\/fr\/wp-json\/wp\/v2\/posts\/346903","targetHints":{"allow":["GET"]}}],"collection":[{"href":"https:\/\/www.europesays.com\/fr\/wp-json\/wp\/v2\/posts"}],"about":[{"href":"https:\/\/www.europesays.com\/fr\/wp-json\/wp\/v2\/types\/post"}],"author":[{"embeddable":true,"href":"https:\/\/www.europesays.com\/fr\/wp-json\/wp\/v2\/users\/2"}],"replies":[{"embeddable":true,"href":"https:\/\/www.europesays.com\/fr\/wp-json\/wp\/v2\/comments?post=346903"}],"version-history":[{"count":0,"href":"https:\/\/www.europesays.com\/fr\/wp-json\/wp\/v2\/posts\/346903\/revisions"}],"wp:featuredmedia":[{"embeddable":true,"href":"https:\/\/www.europesays.com\/fr\/wp-json\/wp\/v2\/media\/346904"}],"wp:attachment":[{"href":"https:\/\/www.europesays.com\/fr\/wp-json\/wp\/v2\/media?parent=346903"}],"wp:term":[{"taxonomy":"category","embeddable":true,"href":"https:\/\/www.europesays.com\/fr\/wp-json\/wp\/v2\/categories?post=346903"},{"taxonomy":"post_tag","embeddable":true,"href":"https:\/\/www.europesays.com\/fr\/wp-json\/wp\/v2\/tags?post=346903"}],"curies":[{"name":"wp","href":"https:\/\/api.w.org\/{rel}","templated":true}]}}