{"id":34691,"date":"2025-04-18T18:49:19","date_gmt":"2025-04-18T18:49:19","guid":{"rendered":"https:\/\/www.europesays.com\/fr\/34691\/"},"modified":"2025-04-18T18:49:19","modified_gmt":"2025-04-18T18:49:19","slug":"reichstett-ecrase-par-deux-dalles-en-marbre-un-homme-de-57-ans-meurt-dans-un-hangar","status":"publish","type":"post","link":"https:\/\/www.europesays.com\/fr\/34691\/","title":{"rendered":"Reichstett. \u00c9cras\u00e9 par deux dalles en marbre, un homme de 57 ans meurt dans un hangar"},"content":{"rendered":"<p>Un homme de 57 ans a \u00e9t\u00e9 victime d\u2019un tragique accident du travail mercredi 16\u00a0avril dans l\u2019apr\u00e8s-midi. Alors qu\u2019il se trouvait seul dans un hangar de la soci\u00e9t\u00e9 familiale S &amp; A Granites, deux dalles en marbre de 200\u00a0kg auraient bascul\u00e9 sur lui. Ce sont des clients qui cherchaient une commande d\u2019un plan de travail qui l\u2019ont trouv\u00e9 gisant au sol, \u00e0 proximit\u00e9 d\u2019un chariot \u00e9l\u00e9vateur.<\/p>\n<p>  Des circonstances \u00e0 d\u00e9terminer<\/p>\n<p>Les secours d\u00e9p\u00each\u00e9s sur place n\u2019ont pas pu le r\u00e9animer. Son d\u00e9c\u00e8s a \u00e9t\u00e9 prononc\u00e9 sur les lieux du drame, indique une source proche du dossier.<\/p>\n<p>L\u2019homme faisait partie de la famille \u00e0 qui appartient la soci\u00e9t\u00e9.<\/p>\n<p>Une enqu\u00eate a \u00e9t\u00e9 ouverte, confi\u00e9e \u00e0 la gendarmerie de Mundolsheim, afin de d\u00e9terminer les circonstances des faits. Comme pour chaque accident mortel, l\u2019inspection du travail, \u00e9galement sur place le jour des faits, m\u00e8nera des investigations.<\/p>\n","protected":false},"excerpt":{"rendered":"Un homme de 57 ans a \u00e9t\u00e9 victime d\u2019un tragique accident du travail mercredi 16\u00a0avril dans l\u2019apr\u00e8s-midi. Alors&hellip;\n","protected":false},"author":2,"featured_media":34692,"comment_status":"","ping_status":"","sticky":false,"template":"","format":"standard","meta":{"footnotes":""},"categories":[2820],"tags":[119,1111,11,2389,2649,2880,1777,674,274,107,1011,27,775,12,7092,25,640,3265],"class_list":{"0":"post-34691","1":"post","2":"type-post","3":"status-publish","4":"format-standard","5":"has-post-thumbnail","7":"category-strasbourg","8":"tag-accident","9":"tag-actu","10":"tag-actualites","11":"tag-alsace","12":"tag-bas-rhin","13":"tag-edition-strasbourg","14":"tag-eu","15":"tag-europe","16":"tag-faits-divers-justice","17":"tag-fil-info","18":"tag-fr","19":"tag-france","20":"tag-grand-est","21":"tag-news","22":"tag-reichstett","23":"tag-republique-francaise","24":"tag-strasbourg","25":"tag-strasbourg-nord"},"share_on_mastodon":{"url":"https:\/\/pubeurope.com\/@fr\/114360468276769625","error":""},"_links":{"self":[{"href":"https:\/\/www.europesays.com\/fr\/wp-json\/wp\/v2\/posts\/34691","targetHints":{"allow":["GET"]}}],"collection":[{"href":"https:\/\/www.europesays.com\/fr\/wp-json\/wp\/v2\/posts"}],"about":[{"href":"https:\/\/www.europesays.com\/fr\/wp-json\/wp\/v2\/types\/post"}],"author":[{"embeddable":true,"href":"https:\/\/www.europesays.com\/fr\/wp-json\/wp\/v2\/users\/2"}],"replies":[{"embeddable":true,"href":"https:\/\/www.europesays.com\/fr\/wp-json\/wp\/v2\/comments?post=34691"}],"version-history":[{"count":0,"href":"https:\/\/www.europesays.com\/fr\/wp-json\/wp\/v2\/posts\/34691\/revisions"}],"wp:featuredmedia":[{"embeddable":true,"href":"https:\/\/www.europesays.com\/fr\/wp-json\/wp\/v2\/media\/34692"}],"wp:attachment":[{"href":"https:\/\/www.europesays.com\/fr\/wp-json\/wp\/v2\/media?parent=34691"}],"wp:term":[{"taxonomy":"category","embeddable":true,"href":"https:\/\/www.europesays.com\/fr\/wp-json\/wp\/v2\/categories?post=34691"},{"taxonomy":"post_tag","embeddable":true,"href":"https:\/\/www.europesays.com\/fr\/wp-json\/wp\/v2\/tags?post=34691"}],"curies":[{"name":"wp","href":"https:\/\/api.w.org\/{rel}","templated":true}]}}