{"id":346910,"date":"2025-08-27T06:04:10","date_gmt":"2025-08-27T06:04:10","guid":{"rendered":"https:\/\/www.europesays.com\/fr\/346910\/"},"modified":"2025-08-27T06:04:10","modified_gmt":"2025-08-27T06:04:10","slug":"a-peine-quelques-millisecondes-un-photographe-immortalise-des-farfadets-rouges-eclatant-au-dessus-des-orages","status":"publish","type":"post","link":"https:\/\/www.europesays.com\/fr\/346910\/","title":{"rendered":"\u00ab\u00a0\u00c0 peine quelques millisecondes\u00a0\u00bb\u00a0: un photographe immortalise des farfadets rouges \u00e9clatant au-dessus des orages"},"content":{"rendered":"<p>\n                                                                    l&rsquo;essentiel<br \/>\n                                                                Le 13\u00a0ao\u00fbt dernier, d\u2019\u00e9tranges formes \u00e9carlates, surnomm\u00e9es farfadets, ont illumin\u00e9 le ciel de Toulouse pour le bonheur du photographe Christophe Suarez.\n                            <\/p>\n<p>Entre deux coups de tonnerre, des tra\u00een\u00e9es rouge\u00e2tres ont illumin\u00e9 le ciel de Toulouse le 13\u00a0ao\u00fbt dernier. Serait-ce un feu d\u2019artifice\u00a0? Un essaim de m\u00e9t\u00e9ores des Pers\u00e9ides\u00a0? Ni l\u2019un ni l\u2019autre. Il s\u2019agit d\u2019un ph\u00e9nom\u00e8ne m\u00e9t\u00e9orologique baptis\u00e9 sylphe rouge, surnomm\u00e9 affectueusement \u00ab\u00a0farfadet\u00a0\u00bb en raison de sa forme presque surnaturelle, qui surgit au-dessus des orages durant un court instant.<\/p>\n<p>Le spectacle a attis\u00e9 bien des curiosit\u00e9s, notamment celle du photographe Christophe Suarez. Passionn\u00e9 de photographie et d\u2019orages depuis 20 ans, ce sexag\u00e9naire a d\u00e9gain\u00e9 son appareil hybride pour immortaliser l\u2019instant.<\/p>\n<p class=\"std-elt__inline\">\n        <strong>\u00c0 lire aussi :<\/strong><br \/>\n        <a href=\"https:\/\/www.ladepeche.fr\/2025\/08\/26\/decryptage-comment-les-restes-de-louragan-erin-vont-frapper-de-plein-fouet-la-france-avec-des-orages-pluvieux-et-une-houle-cyclonique-12893964.php\" rel=\"nofollow noopener\" target=\"_blank\">D\u00c9CRYPTAGE. Comment les restes de l\u2019ouragan Erin vont frapper de plein fouet la France avec des orages pluvieux et une \u00ab\u00a0houle cyclonique\u00a0\u00bb<\/a>\n    <\/p>\n<p>\u00ab\u00a0C\u2019est un ph\u00e9nom\u00e8ne tr\u00e8s rapide, d\u2019\u00e0 peine quelques millisecondes, et g\u00e9n\u00e9ralement invisible \u00e0 l\u2019\u0153il nu\u00a0\u00bb, explique ce chasseur d\u2019orages.<\/p>\n<p>Depuis la Ville rose, les farfadets ont \u00e9t\u00e9 aper\u00e7us jusque dans le d\u00e9partement du Var. \u00c0 Fr\u00e9jus, Christophe Suarez a tout pr\u00e9vu pour immortaliser le ciel illumin\u00e9\u00a0: \u00ab\u00a0Le mieux est de faire des pr\u00e9visions de quatre \u00e0 cinq jours pour esp\u00e9rer de bonnes prises de vues. La vid\u00e9o permet de mieux capturer l\u2019instant et de ne rien manquer de ce ph\u00e9nom\u00e8ne furtif\u00a0\u00bb, pr\u00e9cise-t-il.<\/p>\n<p class=\"std-elt__inline\">\n        <strong>\u00c0 lire aussi :<\/strong><br \/>\n        <a href=\"https:\/\/www.ladepeche.fr\/2025\/08\/21\/orages-indemnisations-ouvertes-12887838.php\" rel=\"nofollow noopener\" target=\"_blank\">Orages : indemnisations ouvertes<\/a>\n    <\/p>\n<p>Avec les fum\u00e9es des incendies survenus cet \u00e9t\u00e9 dans le d\u00e9partement de l\u2019Aude, l\u2019atmosph\u00e8re a \u00e9t\u00e9 particuli\u00e8re pour observer les farfadets. Les chasseurs d\u2019orages et autres passionn\u00e9s de ph\u00e9nom\u00e8nes m\u00e9t\u00e9orologiques ont eu, eux aussi, leur coup de foudre.<\/p>\n","protected":false},"excerpt":{"rendered":"l&rsquo;essentiel Le 13\u00a0ao\u00fbt dernier, d\u2019\u00e9tranges formes \u00e9carlates, surnomm\u00e9es farfadets, ont illumin\u00e9 le ciel de Toulouse pour le bonheur&hellip;\n","protected":false},"author":2,"featured_media":346911,"comment_status":"","ping_status":"","sticky":false,"template":"","format":"standard","meta":{"footnotes":""},"categories":[1358],"tags":[1348,1384,1385,1386,58,59,1011,27],"class_list":{"0":"post-346910","1":"post","2":"type-post","3":"status-publish","4":"format-standard","5":"has-post-thumbnail","7":"category-arts-et-design","8":"tag-arts","9":"tag-arts-and-design","10":"tag-arts-et-design","11":"tag-design","12":"tag-divertissement","13":"tag-entertainment","14":"tag-fr","15":"tag-france"},"share_on_mastodon":{"url":"https:\/\/pubeurope.com\/@fr\/115099222982117624","error":""},"_links":{"self":[{"href":"https:\/\/www.europesays.com\/fr\/wp-json\/wp\/v2\/posts\/346910","targetHints":{"allow":["GET"]}}],"collection":[{"href":"https:\/\/www.europesays.com\/fr\/wp-json\/wp\/v2\/posts"}],"about":[{"href":"https:\/\/www.europesays.com\/fr\/wp-json\/wp\/v2\/types\/post"}],"author":[{"embeddable":true,"href":"https:\/\/www.europesays.com\/fr\/wp-json\/wp\/v2\/users\/2"}],"replies":[{"embeddable":true,"href":"https:\/\/www.europesays.com\/fr\/wp-json\/wp\/v2\/comments?post=346910"}],"version-history":[{"count":0,"href":"https:\/\/www.europesays.com\/fr\/wp-json\/wp\/v2\/posts\/346910\/revisions"}],"wp:featuredmedia":[{"embeddable":true,"href":"https:\/\/www.europesays.com\/fr\/wp-json\/wp\/v2\/media\/346911"}],"wp:attachment":[{"href":"https:\/\/www.europesays.com\/fr\/wp-json\/wp\/v2\/media?parent=346910"}],"wp:term":[{"taxonomy":"category","embeddable":true,"href":"https:\/\/www.europesays.com\/fr\/wp-json\/wp\/v2\/categories?post=346910"},{"taxonomy":"post_tag","embeddable":true,"href":"https:\/\/www.europesays.com\/fr\/wp-json\/wp\/v2\/tags?post=346910"}],"curies":[{"name":"wp","href":"https:\/\/api.w.org\/{rel}","templated":true}]}}