{"id":346912,"date":"2025-08-27T06:05:14","date_gmt":"2025-08-27T06:05:14","guid":{"rendered":"https:\/\/www.europesays.com\/fr\/346912\/"},"modified":"2025-08-27T06:05:14","modified_gmt":"2025-08-27T06:05:14","slug":"cette-boite-a-livres-pour-enfants-creee-par-une-ancienne-nounou-a-cherbourg-est-en-danger","status":"publish","type":"post","link":"https:\/\/www.europesays.com\/fr\/346912\/","title":{"rendered":"Cette bo\u00eete \u00e0 livres pour enfants, cr\u00e9\u00e9e par une ancienne nounou \u00e0 Cherbourg, est en danger"},"content":{"rendered":"<p>            Par<br \/>\n        <strong><br \/>\n            <a href=\"https:\/\/actu.fr\/auteur\/juliette-voisin02-lapressedelamanche-fr\" title=\"Consulter tous les articles de Juliette Voisin\" target=\"_blank\" rel=\"noopener\">Juliette Voisin<\/a><br \/>\n        <\/strong><\/p>\n<p>        Publi\u00e9 le<\/p>\n<p>            27 ao\u00fbt 2025 \u00e0 7h54        <\/p>\n<p>La <b>maison Organza\u00a0<\/b>dans l\u2019impasse Milinaire \u00e0 <a href=\"https:\/\/actu.fr\/normandie\/cherbourg-en-cotentin_50129\" target=\"_blank\" rel=\"noopener\">Cherbourg-Octeville<\/a> (Manche) vaut le coup d\u2019\u0153il. En passant sous le porche de la rue d\u2019Inkermann, sa fa\u00e7ade enti\u00e8rement peinte en rose surprend d\u2019abord.<\/p>\n<p>    <a href=\"https:\/\/www.google.com\/maps\/embed?pb=!1m18!1m12!1m3!1d2583.7862311436093!2d-1.6107592869089278!3d49.63948344530223!2m3!1f0!2f0!3f0!3m2!1i1024!2i768!4f13.1!3m3!1m2!1s0x480c97800092c68d%3A0xe56c7e2cf8a32737!2sImp.%20Milinaire%2C%2050100%20Cherbourg-en-Cotentin!5e0!3m2!1sfr!2sfr!4v1756273458300!5m2!1sfr!2sfr\" title=\"Ouvrie le lien\" target=\"_blank\" rel=\"noopener\">Cliquez ici pour visualiser le contenu<\/a><\/p>\n<p class=\" wall-content\">Au milieu de cette ancienne cit\u00e9 ouvri\u00e8re aux briques rouges, autrefois destin\u00e9e aux employ\u00e9s de l\u2019<a href=\"https:\/\/actu.fr\/economie\/de-larsenal-a-naval-group-a-la-decouverte-de-deux-siecles-dhistoire-a-cherbourg_61769763.html\" target=\"_blank\" rel=\"noopener\">arsenal<\/a>, la maison d\u00e9tonne par son style tr\u00e8s british. L\u2019\u0153uvre de <b>Clarisse Le Goubey<\/b>, la propri\u00e9taire des lieux depuis 2000.<\/p>\n<p>Un croque-livres en sursis<\/p>\n<p class=\" wall-content\">Pour les enfants qu\u2019elle gardait et ceux qui passaient par l\u00e0 sur le chemin de l\u2019\u00e9cole Simone-Veil, l\u2019assistante maternelle a con\u00e7u en 2020 une <b>bo\u00eete \u00e0 livres <\/b>baptis\u00e9e <b>\u00ab\u2009croque-livres\u2009\u00bb<\/b>.<\/p>\n<blockquote class=\"ac-article-quote wall-content\">\n<p>Son but \u00e9tait de cr\u00e9er un lien entre tous les enfants du quartier afin d\u2019\u00e9changer leurs livres.<\/p>\n<\/blockquote>\n<p class=\" wall-content\"><b>Probl\u00e8me<\/b>, aujourd\u2019hui, sa bo\u00eete \u00e0 livres destin\u00e9e aux enfants du quartier est <b>\u00ab\u2009en sursis\u2009\u00bb<\/b>.<\/p>\n<p>Vid\u00e9os : en ce moment sur Actu<\/p>\n<blockquote class=\"ac-article-quote wall-content\">\n<p>Il est bien aliment\u00e9 par des personnes bienveillantes qui en ont bien compris le concept, mais ces derniers temps, c\u2019est la propri\u00e9taire qui le nourrit car il se trouve sous-aliment\u00e9.<\/p>\n<\/blockquote>\n<p class=\" wall-content\">Pour \u00e9viter qu\u2019elle ne se vide, Clarisse Le Goubey appelle donc les <b>donateurs <\/b>\u00e0 d\u00e9poser des ouvrages pour enfants dans la bo\u00eete \u00e0 livres ou au pied de sa porte.<\/p>\n<p>Votre r\u00e9gion, votre actu !<\/p>\n<p>Recevez chaque jour les infos qui comptent pour vous.<\/p>\n<p>\t<a href=\"https:\/\/actu.fr\/newsletter\" class=\"ac-btn ac-btn--corner ac-btn--medium ac-btn--blue800\" target=\"_blank\" rel=\"noopener\">S&rsquo;incrire<\/a><br \/>\nUne ancienne nounou cr\u00e9ative<\/p>\n<p class=\" wall-content\">La propri\u00e9taire des lieux a l\u2019habitude des <b>curieux<\/b>. Elle a totalement red\u00e9cor\u00e9 la maison de l\u2019entrepreneur <b>Gustave Milinaire<\/b>, ancien paveur de Cherbourg. Ce dernier a donn\u00e9 son nom \u00e0 cette cit\u00e9 entre les <a href=\"https:\/\/actu.fr\/normandie\/cherbourg-en-cotentin_50129\/a-la-decouverte-des-constructions-mecaniques-de-normandie-entreprise-historique-et-polyvalente_63010705.html\" target=\"_blank\" rel=\"noopener\">Constructions m\u00e9caniques de Normandie<\/a> et la rue du Val-de-Saire.<\/p>\n<blockquote class=\"ac-article-quote wall-content\">\n<p>Une fois, on est venu me demander si notre maison se visitait dans le cadre des Journ\u00e9es du patrimoine\u2009!<\/p>\n<p>Clarisse Le Goubey<\/p><\/blockquote>\n<p class=\" wall-content\">\u00c0 la retraite, Clarisse continue de colorer la vie du quartier, transformant sa maison en d\u00e9cor f\u00e9erique \u00e0 chaque f\u00eate de No\u00ebl et d\u2019Halloween.<\/p>\n<p>    <img   decoding=\"async\" loading=\"lazy\" class=\"size-large\" src=\"https:\/\/www.europesays.com\/fr\/wp-content\/uploads\/2025\/08\/b36ed1a298a86a76ed1a298a87b6edv-768x640.jpg\" alt=\"La maison Organza \u00e0 Cherbourg.\" width=\"768\" height=\"640\"\/><br \/>\n    La maison Organza \u00e0 Cherbourg (Manche). \u00a9Juliette VOISIN<\/p>\n<p class=\" wall-content\">Personnalisez votre actualit\u00e9 en ajoutant vos villes et m\u00e9dias en favori avec <a href=\"https:\/\/moncompte.actu.fr\" title=\"D\u00e9couvez Mon Actu\" rel=\"nofollow noopener\" data-trk=\"{&quot;cta&quot;:{&quot;action&quot;:&quot;https:\\\/\\\/moncompte.actu.fr&quot;,&quot;category&quot;:&quot;mon compte&quot;,&quot;from&quot;:&quot;article footer&quot;,&quot;name&quot;:&quot;Mon actu&quot;,&quot;type&quot;:&quot;cta&quot;}}\" target=\"_blank\">Mon Actu<\/a>.<\/p>\n","protected":false},"excerpt":{"rendered":"Par Juliette Voisin Publi\u00e9 le 27 ao\u00fbt 2025 \u00e0 7h54 La maison Organza\u00a0dans l\u2019impasse Milinaire \u00e0 Cherbourg-Octeville (Manche)&hellip;\n","protected":false},"author":2,"featured_media":346913,"comment_status":"","ping_status":"","sticky":false,"template":"","format":"standard","meta":{"footnotes":""},"categories":[1357],"tags":[1379,3168,58,59,1011,27,1757,1380,9026,104],"class_list":{"0":"post-346912","1":"post","2":"type-post","3":"status-publish","4":"format-standard","5":"has-post-thumbnail","7":"category-livres","8":"tag-books","9":"tag-cotentin","10":"tag-divertissement","11":"tag-entertainment","12":"tag-fr","13":"tag-france","14":"tag-insolite","15":"tag-livres","16":"tag-portrait","17":"tag-societe"},"share_on_mastodon":{"url":"https:\/\/pubeurope.com\/@fr\/115099226963149742","error":""},"_links":{"self":[{"href":"https:\/\/www.europesays.com\/fr\/wp-json\/wp\/v2\/posts\/346912","targetHints":{"allow":["GET"]}}],"collection":[{"href":"https:\/\/www.europesays.com\/fr\/wp-json\/wp\/v2\/posts"}],"about":[{"href":"https:\/\/www.europesays.com\/fr\/wp-json\/wp\/v2\/types\/post"}],"author":[{"embeddable":true,"href":"https:\/\/www.europesays.com\/fr\/wp-json\/wp\/v2\/users\/2"}],"replies":[{"embeddable":true,"href":"https:\/\/www.europesays.com\/fr\/wp-json\/wp\/v2\/comments?post=346912"}],"version-history":[{"count":0,"href":"https:\/\/www.europesays.com\/fr\/wp-json\/wp\/v2\/posts\/346912\/revisions"}],"wp:featuredmedia":[{"embeddable":true,"href":"https:\/\/www.europesays.com\/fr\/wp-json\/wp\/v2\/media\/346913"}],"wp:attachment":[{"href":"https:\/\/www.europesays.com\/fr\/wp-json\/wp\/v2\/media?parent=346912"}],"wp:term":[{"taxonomy":"category","embeddable":true,"href":"https:\/\/www.europesays.com\/fr\/wp-json\/wp\/v2\/categories?post=346912"},{"taxonomy":"post_tag","embeddable":true,"href":"https:\/\/www.europesays.com\/fr\/wp-json\/wp\/v2\/tags?post=346912"}],"curies":[{"name":"wp","href":"https:\/\/api.w.org\/{rel}","templated":true}]}}