{"id":346916,"date":"2025-08-27T06:07:17","date_gmt":"2025-08-27T06:07:17","guid":{"rendered":"https:\/\/www.europesays.com\/fr\/346916\/"},"modified":"2025-08-27T06:07:17","modified_gmt":"2025-08-27T06:07:17","slug":"la-performance-spectaculaire-de-santa-au-sommet-dune-grande-roue","status":"publish","type":"post","link":"https:\/\/www.europesays.com\/fr\/346916\/","title":{"rendered":"la performance spectaculaire de Santa au sommet d&rsquo;une grande roue !"},"content":{"rendered":"<p><img decoding=\"async\" src=\"https:\/\/www.europesays.com\/fr\/wp-content\/uploads\/2025\/08\/photo_1756210795.jpg\" class=\"textcenter img-content\" loading=\"lazy\"\/>Instagram<br \/>\n<br \/>\nC&rsquo;est l&rsquo;un des beaux succ\u00e8s de l&rsquo;\u00e9t\u00e9. Pour sa 11\u00e8me \u00e9dition, le festival Les Solidarit\u00e9s a attir\u00e9 plus de 60.000 m\u00e9lomanes du vendredi 22 au dimanche 24 ao\u00fbt \u00e0 Namur, en Belgique, au grand \u00ab soulagement \u00bb de son directeur. \u00ab C&rsquo;\u00e9tait un peu inesp\u00e9r\u00e9. On a perdu beaucoup de subventions et il y a deux semaines, cette \u00e9dition \u00e9tait encore d\u00e9ficitaire. Finalement, je pense qu&rsquo;on la terminera en \u00e9quilibre, voire en l\u00e9ger b\u00e9n\u00e9fice \u00bb se f\u00e9licite Denis Gerardy aupr\u00e8s de <a href=\"https:\/\/www.moustique.be\/musique\/2025\/08\/25\/succes-pour-les-solidarites-2025-60000-festivaliers-et-un-changement-de-calendrier-pour-2026-ISYMWOHE6RGZ7ECRKTMZ6XTS4U\/\" target=\"_blank\" class=\"spip_out\" rel=\"nofollow noopener\">Moustique<\/a>, ravi du bel accueil r\u00e9serv\u00e9 \u00e0 la programmation \u00e9clectique du festival. Durant trois jours, Zaho de Sagazan, Helena, Kyo, Youssoupha, Ad\u00e9, The Avener ou Hoshi se sont succ\u00e9d\u00e9 sur sc\u00e8ne pour faire vibrer les festivaliers venus en nombre. Et qui sont repartis des \u00e9toiles plein les yeux apr\u00e8s la performance vertigineuse de Santa le dimanche.<\/p>\n<p>Le player Dailymotion est en train de se charger&#8230;<\/p>\n<p>\u00ab\u00a0Mais que quelqu&rsquo;un l&rsquo;arr\u00eate !\u00a0\u00bb<br \/>\nSur les routes pour d\u00e9fendre son premier album solo <a href=\"https:\/\/www.chartsinfrance.net\/actualite\/news-131053.html\" target=\"_blank\" class=\"spip_out\" rel=\"nofollow noopener\">\u00ab\u00a0Recommence-moi\u00a0\u00bb<\/a>, \u00e9coul\u00e9 \u00e0 192.000 exemplaires en France gr\u00e2ce au succ\u00e8s fou du single <a href=\"https:\/\/www.chartsinfrance.net\/actualite\/news-127285.html\" target=\"_blank\" class=\"spip_out\" rel=\"nofollow noopener\">\u00ab\u00a0Popcorn sal\u00e9\u00a0\u00bb<\/a> (93 millions d&rsquo;\u00e9coutes sur Spotify), Santa a mis un point d&rsquo;honneur \u00e0 offrir \u00e0 chacun de ses concerts des num\u00e9ros de haute voltige. Aux Francofolies de la Rochelle d\u00e9but juillet, la chanteuse \u00e9tait arriv\u00e9e sur sc\u00e8ne en tyrolienne tandis que sa nouvelle <a href=\"https:\/\/www.chartsinfrance.net\/actualite\/news-132932.html\" target=\"_blank\" class=\"spip_out\" rel=\"nofollow noopener\">tourn\u00e9e des Z\u00e9nith<\/a> la voit se faire suspendre par les pieds ou voltiger dans les airs avec son piano, comme en apesanteur. Rien que \u00e7a !<\/p>\n<blockquote class=\"quote\"><p><b>\u00c0 LIRE &#8211;<\/b> <a href=\"https:\/\/www.chartsinfrance.net\/actualite\/news-133396.html\" target=\"_blank\" class=\"spip_out\" rel=\"nofollow noopener\">Santa refuse d&rsquo;\u00eatre coach dans \u00ab\u00a0The Voice\u00a0\u00bb : la seule condition qui pourrait la faire changer d&rsquo;avis<\/a><\/p><\/blockquote>\n<p>\nEn arrivant aux Solidarit\u00e9s, Santa a rep\u00e9r\u00e9 le terrain de jeu id\u00e9al : une grande roue surplombant les lieux. Ni une ni deux, sans pr\u00e9venir, la chanteuse a travers\u00e9 le public sur les \u00e9paules d&rsquo;un agent de s\u00e9curit\u00e9 pour s&rsquo;installer dans une nacelle du man\u00e8ge en compagnie d&rsquo;un cam\u00e9raman, avant de grimper vers le ciel, un drapeau de pirate \u00e0 la main. \u00ab Et quoi de mieux que la grande roue embl\u00e9matique des Solidarit\u00e9s pour que \u00ab\u00a0tout tourne, tourne autour\u00a0\u00bb de Santa. Santa s&rsquo;est \u00e9clat\u00e9e en prenant de la hauteur dans une attraction privatis\u00e9e quelques minutes pour son show. Apoth\u00e9ose inou\u00efe et in\u00e9dite \u00bb d\u00e9crit <a href=\"https:\/\/www.lavenir.net\/regions\/namur\/namur\/2025\/08\/24\/apotheose-aux-solidarites-la-folle-surprise-geante-de-santa-qui-pirate-le-festival-et-chante-recommence-moi-depuis-la-grande-roue-video-APVAQLTGPBA5NAIMVE242RX4EY\/\" target=\"_blank\" class=\"spip_out\" rel=\"nofollow noopener\">L&rsquo;avenir<\/a>, alors que la vid\u00e9o de la s\u00e9quence se r\u00e9pand depuis comme une tra\u00een\u00e9e de poudres sur les r\u00e9seaux sociaux. <\/p>\n<blockquote class=\"instagram-media\" data-instgrm-captioned=\"\" data-instgrm-permalink=\"https:\/\/www.instagram.com\/reel\/DNyVyu2UHu1\/?utm_source=ig_embed&amp;utm_campaign=loading\" data-instgrm-version=\"14\" style=\" background:#FFF; border:0; border-radius:3px; box-shadow:0 0 1px 0 rgba(0,0,0,0.5),0 1px 10px 0 rgba(0,0,0,0.15); margin: 1px; max-width:540px; min-width:326px; padding:0; width:99.375%; width:-webkit-calc(100% - 2px); width:calc(100% - 2px);\"\/>\n<p>Pr\u00e9sents sur place ou \u00e0 distance, les spectateurs se montrent impressionn\u00e9s par le dr\u00f4le de d\u00e9fi que s&rsquo;est lanc\u00e9 la chanteuse. \u00ab J&rsquo;adore \u00bb, \u00ab Mais que quelqu&rsquo;un l&rsquo;arr\u00eate ! \u00bb, \u00ab Trop de skills \u00bb, \u00ab Respect \u00e0 elle \u00bb, \u00ab Notre Benson Boone \u00e0 nous \u00bb, \u00ab C&rsquo;est tellement la Pink fran\u00e7aise \u00bb, \u00ab Quelle ambiance de folie \u00bb, \u00ab C&rsquo;\u00e9tait si dingue \u00bb peut-on lire dans les commentaires sur Instagram. Prochain rendez-vous ? Le lancement ce samedi de la <a href=\"https:\/\/www.chartsinfrance.net\/actualite\/news-133474.html\" target=\"_blank\" class=\"spip_out\" rel=\"nofollow noopener\">nouvelle saison de \u00ab\u00a0The Voice Kids\u00a0\u00bb<\/a> sur TF1, dont elle est la derni\u00e8re recrue !<\/p>\n<p><script async src=\"\/\/www.instagram.com\/embed.js\"><\/script><\/p>\n","protected":false},"excerpt":{"rendered":"Instagram C&rsquo;est l&rsquo;un des beaux succ\u00e8s de l&rsquo;\u00e9t\u00e9. Pour sa 11\u00e8me \u00e9dition, le festival Les Solidarit\u00e9s a attir\u00e9&hellip;\n","protected":false},"author":2,"featured_media":346917,"comment_status":"","ping_status":"","sticky":false,"template":"","format":"standard","meta":{"footnotes":""},"categories":[1355],"tags":[58,59,1011,27,1361,873],"class_list":{"0":"post-346916","1":"post","2":"type-post","3":"status-publish","4":"format-standard","5":"has-post-thumbnail","7":"category-musique","8":"tag-divertissement","9":"tag-entertainment","10":"tag-fr","11":"tag-france","12":"tag-music","13":"tag-musique"},"share_on_mastodon":{"url":"https:\/\/pubeurope.com\/@fr\/115099235044325452","error":""},"_links":{"self":[{"href":"https:\/\/www.europesays.com\/fr\/wp-json\/wp\/v2\/posts\/346916","targetHints":{"allow":["GET"]}}],"collection":[{"href":"https:\/\/www.europesays.com\/fr\/wp-json\/wp\/v2\/posts"}],"about":[{"href":"https:\/\/www.europesays.com\/fr\/wp-json\/wp\/v2\/types\/post"}],"author":[{"embeddable":true,"href":"https:\/\/www.europesays.com\/fr\/wp-json\/wp\/v2\/users\/2"}],"replies":[{"embeddable":true,"href":"https:\/\/www.europesays.com\/fr\/wp-json\/wp\/v2\/comments?post=346916"}],"version-history":[{"count":0,"href":"https:\/\/www.europesays.com\/fr\/wp-json\/wp\/v2\/posts\/346916\/revisions"}],"wp:featuredmedia":[{"embeddable":true,"href":"https:\/\/www.europesays.com\/fr\/wp-json\/wp\/v2\/media\/346917"}],"wp:attachment":[{"href":"https:\/\/www.europesays.com\/fr\/wp-json\/wp\/v2\/media?parent=346916"}],"wp:term":[{"taxonomy":"category","embeddable":true,"href":"https:\/\/www.europesays.com\/fr\/wp-json\/wp\/v2\/categories?post=346916"},{"taxonomy":"post_tag","embeddable":true,"href":"https:\/\/www.europesays.com\/fr\/wp-json\/wp\/v2\/tags?post=346916"}],"curies":[{"name":"wp","href":"https:\/\/api.w.org\/{rel}","templated":true}]}}