{"id":346920,"date":"2025-08-27T06:09:10","date_gmt":"2025-08-27T06:09:10","guid":{"rendered":"https:\/\/www.europesays.com\/fr\/346920\/"},"modified":"2025-08-27T06:09:10","modified_gmt":"2025-08-27T06:09:10","slug":"lapins-zombies-tentacules-cest-quoi-ce-virus-qui-fait-pousser-des-cornes-noires-aux-animaux","status":"publish","type":"post","link":"https:\/\/www.europesays.com\/fr\/346920\/","title":{"rendered":"\u00ab\u00a0Lapins zombies\u00a0\u00bb, tentacules\u2026 c\u2019est quoi ce virus qui fait pousser des \u00ab\u00a0cornes\u00a0\u00bb noires aux animaux ?"},"content":{"rendered":"<p>\n                                                                    l&rsquo;essentiel<br \/>\n                                                                Des images de lapins portant des cornes noires circulent aux \u00c9tats-Unis et affolent les r\u00e9seaux sociaux. Pr\u00e9sent\u00e9s comme victimes d\u2019un myst\u00e9rieux \u00ab\u00a0nouveau virus\u00a0\u00bb, ces animaux sont en r\u00e9alit\u00e9 touch\u00e9s par une maladie bien connue.\n                            <\/p>\n<p>Un nouveau virus est-il en train de frapper la faune am\u00e9ricaine\u00a0? Sur les r\u00e9seaux sociaux, de nombreux internautes affirment que des lapins, des \u00e9cureuils et des cerfs ont \u00e9t\u00e9 aper\u00e7us recouvert d\u2019\u00e9tranges pustules noires.<\/p>\n<blockquote data-class=\"twitter-tweet\">\n<p lang=\"en\" dir=\"ltr\">American Virus not only harms <a href=\"https:\/\/twitter.com\/hashtag\/MAGA?src=hash&amp;ref_src=twsrc%5Etfw\" rel=\"nofollow noopener\" target=\"_blank\">#MAGA<\/a> M0R0NS, but also hurt animals. Deer in New York, Pennsylvania, and Wisconsin have become \u201cmutants\u201d with flesh bubbles growing out of their faces, and diseased squirrels and Zombie Rabbits in Colorado look even more horrific. The US is SICK! <a href=\"https:\/\/t.co\/eAuhrLkMxw\" rel=\"nofollow\">pic.twitter.com\/eAuhrLkMxw<\/a><\/p>\n<p>\u2014 Kite? (@MayMayln) <a href=\"https:\/\/twitter.com\/MayMayln\/status\/1958602673466364185?ref_src=twsrc%5Etfw\" rel=\"nofollow noopener\" target=\"_blank\">August 21, 2025<\/a><\/p><\/blockquote>\n<p>Au Colorado, ce sont surtout les clich\u00e9s de lapins au visage d\u00e9form\u00e9 par de sombres excroissances semblables \u00e0 des cornes qui ont frapp\u00e9 l\u2019opinion. De quoi alimenter les th\u00e9ories les plus alarmistes\u00a0: pour certains internautes, ces\u00a0\u00ab\u00a0lapins zombies\u00a0\u00bb\u00a0seraient la preuve de l\u2019apparition d\u2019un virus rare, voire totalement in\u00e9dit.<\/p>\n<p class=\"std-elt__inline\">\n        <strong>\u00c0 lire aussi :<\/strong><br \/>\n        <a href=\"https:\/\/www.ladepeche.fr\/2025\/08\/20\/vrai-ou-faux-covid-19-en-etant-vaccine-contre-le-virus-etes-vous-aujourdhui-plus-expose-aux-infections-respiratoires-12883446.php\" rel=\"nofollow noopener\" target=\"_blank\">VRAI OU FAUX. Covid-19\u00a0: en \u00e9tant vaccin\u00e9 contre le virus, \u00eates-vous aujourd\u2019hui plus expos\u00e9 aux infections respiratoires\u00a0?<\/a>\n    <\/p>\n<p>Une maladie d\u00e9couverte dans les ann\u00e9es 30<\/p>\n<p>Si un lapin avec des tentacules noirs a bien \u00e9t\u00e9 vu \u00e0 Fort Collins, \u00e0 une centaine de kilom\u00e8tres de Denver, la capitale du Colorado, aucun de ces lapins ne serait victime d\u2019un agent pathog\u00e8ne nouveau, mais d\u2019une maladie bien connue, rapport\u00a0l\u2019agence d\u2019information <a href=\"https:\/\/apnews.com\/article\/rabbits-with-horns-virus-colorado-tentacles-papillomavirus-98b1ad95ba3a0f308bf884d79d1eea7c\" target=\"_blank\" rel=\"nofollow noopener\">Associated Press<\/a>.<\/p>\n<p class=\"std-elt__inline\">\n        <strong>\u00c0 lire aussi :<\/strong><br \/>\n        <a href=\"https:\/\/www.ladepeche.fr\/2025\/07\/31\/quest-ce-que-le-virus-west-nile-dont-un-premier-cas-a-ete-identifie-en-region-paca-12853988.php\" rel=\"nofollow noopener\" target=\"_blank\">Qu\u2019est-ce que le virus West Nile dont un premier cas a \u00e9t\u00e9 identifi\u00e9 en r\u00e9gion Paca\u00a0?<\/a>\n    <\/p>\n<blockquote data-class=\"twitter-tweet\">\n<p lang=\"fr\" dir=\"ltr\">\u00c0 Fort Collins, dans le Colorado, des lapins ont \u00e9t\u00e9 observ\u00e9s avec des excroissances en forme de corne et de tentacules dues au virus du papillome de Shope (SPV) <a href=\"https:\/\/t.co\/kv8FPojMBI\" rel=\"nofollow\">pic.twitter.com\/kv8FPojMBI<\/a><\/p>\n<p>\u2014 75 Secondes \\ud83d\\uddde\\ufe0f (@75secondes) <a href=\"https:\/\/twitter.com\/75secondes\/status\/1955504030093828274?ref_src=twsrc%5Etfw\" rel=\"nofollow noopener\" target=\"_blank\">August 13, 2025<\/a><\/p><\/blockquote>\n<p>Selon les experts, il s\u2019agit d\u2019une maladie identifi\u00e9e depuis pr\u00e8s d\u2019un si\u00e8cle\u00a0: le virus du papillome de Shope, isol\u00e9 en 1931 par le virologue am\u00e9ricain Richard E. Shope. Comme l\u2019explique Esther van Praag, chercheuse sp\u00e9cialiste de la sant\u00e9 des lapins, aupr\u00e8s de <a href=\"https:\/\/www.france24.com\/fr\/am%C3%A9riques\/20250820-lapins-zombies-virus-courant-infection\" target=\"_blank\" rel=\"nofollow noopener\">France 24<\/a>, ces virus \u00ab\u00a0ne sont pas nouveaux\u00a0\u00bb\u00a0et ont m\u00eame \u00ab\u00a0inspir\u00e9 depuis des si\u00e8cles des r\u00e9cits de li\u00e8vres mythiques affubl\u00e9s de cornes, comme le Lepus cornutus d\u00e9crit dans des manuscrits de la Renaissance\u00a0\u00bb, explique-t-elle.<\/p>\n<p class=\"std-elt__inline\">\n        <strong>\u00c0 lire aussi :<\/strong><br \/>\n        <a href=\"https:\/\/www.ladepeche.fr\/2025\/08\/25\/velages-fragiles-betes-qui-tombent-virus-lelevage-bovin-sous-haute-tension-climatique-12886731.php\" rel=\"nofollow noopener\" target=\"_blank\">V\u00ealages fragiles, b\u00eates qui tombent, virus\u00a0: l\u2019\u00e9levage bovin sous haute tension climatique<\/a>\n    <\/p>\n<p>Un virus non transmissible aux autres animaux<\/p>\n<p>Transmis par des insectes comme les tiques ou les puces, ce virus circule de fa\u00e7on end\u00e9mique dans plusieurs r\u00e9gions des \u00c9tats-Unis. Il n\u2019est donc pas exceptionnel de voir des lapins infect\u00e9s, notamment en \u00e9t\u00e9, lorsque ces parasites sont plus actifs.<\/p>\n<p>S\u2019il peut donner aux animaux une apparence spectaculaire, le virus reste rarement mortel. Le danger survient surtout lorsque les excroissances deviennent trop volumineuses et g\u00eanent l\u2019animal pour se nourrir. Dans la majorit\u00e9 des cas, le syst\u00e8me immunitaire du lapin parvient \u00e0 faire r\u00e9gresser naturellement les tumeurs. Et surtout, ce virus n\u2019est pas transmissible \u00e0 l\u2019\u00eatre humain. N\u00e9anmoins, les experts recommandent de ne pas toucher les lapins malades.<\/p>\n<p>                                                                                                                                                                                                        <script async src=\"https:\/\/platform.twitter.com\/widgets.js\" charset=\"utf-8\"><\/script><\/p>\n","protected":false},"excerpt":{"rendered":"l&rsquo;essentiel Des images de lapins portant des cornes noires circulent aux \u00c9tats-Unis et affolent les r\u00e9seaux sociaux. Pr\u00e9sent\u00e9s&hellip;\n","protected":false},"author":2,"featured_media":346921,"comment_status":"","ping_status":"","sticky":false,"template":"","format":"standard","meta":{"footnotes":""},"categories":[10],"tags":[1011,27,72,71],"class_list":{"0":"post-346920","1":"post","2":"type-post","3":"status-publish","4":"format-standard","5":"has-post-thumbnail","7":"category-sante","8":"tag-fr","9":"tag-france","10":"tag-health","11":"tag-sante"},"share_on_mastodon":{"url":"https:\/\/pubeurope.com\/@fr\/115099242757368611","error":""},"_links":{"self":[{"href":"https:\/\/www.europesays.com\/fr\/wp-json\/wp\/v2\/posts\/346920","targetHints":{"allow":["GET"]}}],"collection":[{"href":"https:\/\/www.europesays.com\/fr\/wp-json\/wp\/v2\/posts"}],"about":[{"href":"https:\/\/www.europesays.com\/fr\/wp-json\/wp\/v2\/types\/post"}],"author":[{"embeddable":true,"href":"https:\/\/www.europesays.com\/fr\/wp-json\/wp\/v2\/users\/2"}],"replies":[{"embeddable":true,"href":"https:\/\/www.europesays.com\/fr\/wp-json\/wp\/v2\/comments?post=346920"}],"version-history":[{"count":0,"href":"https:\/\/www.europesays.com\/fr\/wp-json\/wp\/v2\/posts\/346920\/revisions"}],"wp:featuredmedia":[{"embeddable":true,"href":"https:\/\/www.europesays.com\/fr\/wp-json\/wp\/v2\/media\/346921"}],"wp:attachment":[{"href":"https:\/\/www.europesays.com\/fr\/wp-json\/wp\/v2\/media?parent=346920"}],"wp:term":[{"taxonomy":"category","embeddable":true,"href":"https:\/\/www.europesays.com\/fr\/wp-json\/wp\/v2\/categories?post=346920"},{"taxonomy":"post_tag","embeddable":true,"href":"https:\/\/www.europesays.com\/fr\/wp-json\/wp\/v2\/tags?post=346920"}],"curies":[{"name":"wp","href":"https:\/\/api.w.org\/{rel}","templated":true}]}}