{"id":346929,"date":"2025-08-27T06:14:12","date_gmt":"2025-08-27T06:14:12","guid":{"rendered":"https:\/\/www.europesays.com\/fr\/346929\/"},"modified":"2025-08-27T06:14:12","modified_gmt":"2025-08-27T06:14:12","slug":"macron-merz-et-tusk-se-rendent-en-moldavie-face-aux-ingerences-de-la-russie","status":"publish","type":"post","link":"https:\/\/www.europesays.com\/fr\/346929\/","title":{"rendered":"Macron, Merz et Tusk se rendent en Moldavie face aux \u00ab\u00a0ing\u00e9rences\u00a0\u00bb de la Russie\u2026"},"content":{"rendered":"<p>Un mort et deux bless\u00e9s dans des frappes russes \u00e0 Kherson <\/p>\n<p>Une femme de 81 ans a \u00e9t\u00e9 tu\u00e9e par des tirs d&rsquo;artillerie russes \u00e0 Kherson qui ont \u00e9galement fait deux bless\u00e9s, ont indiqu\u00e9 mercredi des responsables de cette ville du sud de l&rsquo;Ukraine. Une autre personne de 53 ans a \u00e9t\u00e9 bless\u00e9e et hospitalis\u00e9e.<\/p>\n<p>L&rsquo;administration militaire de la r\u00e9gion de Kherson a fait \u00e9tat d&rsquo;un homme de 56 ans bless\u00e9 dans une attaque au drone dans le centre de Kherson. Le procureur a indiqu\u00e9 avoir ouvert une enqu\u00eate pour \u00ab crime de guerre \u00bb ayant caus\u00e9 la mort d&rsquo;une personne.<\/p>\n<p>L\u2019Ukraine reconna\u00eet que les troupes russes ont p\u00e9n\u00e9tr\u00e9 dans sa r\u00e9gion de Dnipropetrovsk<\/p>\n<p>Pour la premi\u00e8re fois, l\u2019Ukraine a reconnu mardi que les troupes russes ont p\u00e9n\u00e9tr\u00e9 dans sa r\u00e9gion de Dnipropetrovsk (Centre-Est), o\u00f9 Moscou avait revendiqu\u00e9 de son c\u00f4t\u00e9 des avanc\u00e9es d\u00e8s le mois de juillet.<\/p>\n<p>\u00ab\u00a0Oui, ils sont entr\u00e9s\u00a0\u00bb dans ce territoire, o\u00f9 \u00ab\u00a0les combats se poursuivent actuellement\u00a0\u00bb, a d\u00e9clar\u00e9 Viktor Tregoubov, porte-parole de l\u2019arm\u00e9e ukrainienne pour cette zone. Kiev d\u00e9mentait jusque-l\u00e0 toute avanc\u00e9e russe dans cette r\u00e9gion.<\/p>\n<p>Macron, Merz et Tusk se rendent en Moldavie pour afficher leur soutien face \u00e0 Moscou<\/p>\n<p>Emmanuel Macron, Friedrich Merz et Donald Tusk se rendent ce mercredi \u00e0 Chisinau pour afficher leur soutien \u00e0 la Moldavie et \u00e0 sa pr\u00e9sidente pro-europ\u00e9enne face aux \u00ab\u00a0menaces\u00a0\u00bb et aux \u00ab\u00a0ing\u00e9rences\u00a0\u00bb de la Russie.<\/p>\n<p>La date n\u2019a pas \u00e9t\u00e9 choisie au hasard\u00a0: le pr\u00e9sident fran\u00e7ais, le chancelier allemand et le Premier ministre polonais participeront au 34e anniversaire de l\u2019ind\u00e9pendance moldave. Et ce \u00e0 la veille du d\u00e9but de la campagne officielle pour les \u00e9lections l\u00e9gislatives de fin septembre troubl\u00e9es, selon la Moldavie et ses alli\u00e9s europ\u00e9ens, par des ing\u00e9rences de Moscou pour faire basculer dans son camp cet Etat candidat \u00e0 l\u2019entr\u00e9e dans l\u2019Union europ\u00e9enne, frontalier et solidaire de l\u2019Ukraine en guerre.<\/p>\n<p>Bienvenue dans ce nouveau Live<\/p>\n<p>Bonjour \u00e0 toutes et \u00e0 tous. Comme chaque jour, la r\u00e9daction de 20 Minutes est mobilis\u00e9e pour vous donner l\u2019ensemble des informations sur le conflit entre Kiev et Moscou.<\/p>\n<p>Deux semaines apr\u00e8s le sommet entre Donald Trump et Vladimir Poutine, l\u2019acc\u00e9l\u00e9ration subite vers de possibles n\u00e9gociations de paix semble d\u00e9j\u00e0 marquer le pas. La perspective d\u2019une rencontre entre le ma\u00eetre du Kremlin et Volodymyr Zelensky semble elle aussi de plus en plus compromise.<\/p>\n","protected":false},"excerpt":{"rendered":"Un mort et deux bless\u00e9s dans des frappes russes \u00e0 Kherson Une femme de 81 ans a \u00e9t\u00e9&hellip;\n","protected":false},"author":2,"featured_media":346930,"comment_status":"","ping_status":"","sticky":false,"template":"","format":"standard","meta":{"footnotes":""},"categories":[5],"tags":[47,11,75,73,1011,27,131,14,74,12,132,555,133,135,134,28],"class_list":{"0":"post-346929","1":"post","2":"type-post","3":"status-publish","4":"format-standard","5":"has-post-thumbnail","7":"category-international","8":"tag-actualite","9":"tag-actualites","10":"tag-donald-trump","11":"tag-etats-unis","12":"tag-fr","13":"tag-france","14":"tag-guerre-en-ukraine","15":"tag-international","16":"tag-monde","17":"tag-news","18":"tag-russie","19":"tag-union-europeenne-ue","20":"tag-video","21":"tag-vladimir-poutine","22":"tag-volodymyr-zelensky","23":"tag-world"},"share_on_mastodon":{"url":"https:\/\/pubeurope.com\/@fr\/115099262487257066","error":""},"_links":{"self":[{"href":"https:\/\/www.europesays.com\/fr\/wp-json\/wp\/v2\/posts\/346929","targetHints":{"allow":["GET"]}}],"collection":[{"href":"https:\/\/www.europesays.com\/fr\/wp-json\/wp\/v2\/posts"}],"about":[{"href":"https:\/\/www.europesays.com\/fr\/wp-json\/wp\/v2\/types\/post"}],"author":[{"embeddable":true,"href":"https:\/\/www.europesays.com\/fr\/wp-json\/wp\/v2\/users\/2"}],"replies":[{"embeddable":true,"href":"https:\/\/www.europesays.com\/fr\/wp-json\/wp\/v2\/comments?post=346929"}],"version-history":[{"count":0,"href":"https:\/\/www.europesays.com\/fr\/wp-json\/wp\/v2\/posts\/346929\/revisions"}],"wp:featuredmedia":[{"embeddable":true,"href":"https:\/\/www.europesays.com\/fr\/wp-json\/wp\/v2\/media\/346930"}],"wp:attachment":[{"href":"https:\/\/www.europesays.com\/fr\/wp-json\/wp\/v2\/media?parent=346929"}],"wp:term":[{"taxonomy":"category","embeddable":true,"href":"https:\/\/www.europesays.com\/fr\/wp-json\/wp\/v2\/categories?post=346929"},{"taxonomy":"post_tag","embeddable":true,"href":"https:\/\/www.europesays.com\/fr\/wp-json\/wp\/v2\/tags?post=346929"}],"curies":[{"name":"wp","href":"https:\/\/api.w.org\/{rel}","templated":true}]}}