{"id":346931,"date":"2025-08-27T06:15:12","date_gmt":"2025-08-27T06:15:12","guid":{"rendered":"https:\/\/www.europesays.com\/fr\/346931\/"},"modified":"2025-08-27T06:15:12","modified_gmt":"2025-08-27T06:15:12","slug":"avec-bayrou-en-sursis-macron-en-premiere-ligne-pour-la-rentree-du-conseil-des-ministres","status":"publish","type":"post","link":"https:\/\/www.europesays.com\/fr\/346931\/","title":{"rendered":"Avec Bayrou en sursis, Macron en premi\u00e8re ligne pour la rentr\u00e9e du Conseil des ministres"},"content":{"rendered":"<p>C\u2019est une rentr\u00e9e particuli\u00e8rement compliqu\u00e9e pour l\u2019ex\u00e9cutif. De retour du fort de Br\u00e9gan\u00e7on o\u00f9 il a pass\u00e9 son \u00e9t\u00e9, <a href=\"https:\/\/www.20minutes.fr\/politique\/emmanuel-macron\/\" target=\"_blank\" class=\"c-link c-link--is-underlined\" rel=\"noopener\">Emmanuel Macron<\/a> va avoir ce mercredi l\u2019occasion de t\u00e2ter le pouls du gouvernement, plus que jamais en sursis.<\/p>\n<p>Le locataire de l\u2019\u00c9lys\u00e9e va en effet pr\u00e9sid\u00e9 ce mercredi un Conseil des ministres, \u00e0 moins de deux semaines d\u2019un vote de confiance aux accents de moment de v\u00e9rit\u00e9. Les membres de l\u2019ex\u00e9cutif vont se retrouver au palais pr\u00e9sidentiel \u00e0 10 heures deux jours apr\u00e8s l\u2019annonce par le Premier ministre <a href=\"https:\/\/www.20minutes.fr\/politique\/francois_bayrou\/\" target=\"_blank\" class=\"c-link c-link--is-underlined\" rel=\"noopener\">Fran\u00e7ois Bayrou<\/a> qu\u2019il engagera le 8\u00a0septembre devant l\u2019Assembl\u00e9e nationale la responsabilit\u00e9 de son gouvernement sur l\u2019endettement de la France et le cap budg\u00e9taire \u00e0 fixer pour\u00a02026.<\/p>\n<p>Le RN veut une dissolution<\/p>\n<p>Pour que Fran\u00e7ois Bayrou puisse demander la confiance de l\u2019Assembl\u00e9e, une d\u00e9lib\u00e9ration du Conseil des ministres est n\u00e9cessaire. Le chef de l\u2019Etat doit par ailleurs convoquer une session extraordinaire du Parlement.<\/p>\n<\/p>\n<p>La d\u00e9cision de l\u2019ex\u00e9cutif ouvre une nouvelle p\u00e9riode d\u2019instabilit\u00e9 et d\u2019incertitudes qui place de nouveau Emmanuel Macron en premi\u00e8re ligne. Les oppositions de gauche et d\u2019extr\u00eame droite ont en effet fait savoir qu\u2019elles ne voteraient pas la confiance, et le gouvernement a toutes les chances de tomber au d\u00e9but du mois prochain. Le pr\u00e9sident du <a href=\"https:\/\/www.20minutes.fr\/politique\/rassemblement-national\/\" target=\"_blank\" class=\"c-link c-link--is-underlined\" rel=\"noopener\">Rassemblement national<\/a> Jordan Bardella s\u2019est d\u2019ailleurs directement adress\u00e9 au chef de l\u2019Etat mardi sur TF1 pour lui demander soit une \u00ab\u00a0dissolution\u00a0\u00bb soit \u00ab\u00a0sa d\u00e9mission\u00a0\u00bb afin de \u00ab\u00a0sortir de cette impasse politique\u00a0\u00bb.<\/p>\n<p>Vers une fronde des LR ?<\/p>\n<p>La partie est d\u2019autant plus compliqu\u00e9e pour le chef du gouvernement qu\u2019il n\u2019a pas l\u2019opinion publique de son c\u00f4t\u00e9\u00a0: seules 27\u00a0% des personnes interrog\u00e9es disent esp\u00e9rer que Fran\u00e7ois Bayrou soit maintenu en fonctions par les d\u00e9put\u00e9s, selon un sondage Elabe pour BFMTV.<\/p>\n<p><a href=\"https:\/\/www.20minutes.fr\/politique\/\" target=\"_blank\" class=\"c-link c-btn c-btn--primary\" rel=\"noopener\">Notre dossier Politique<\/a><\/p>\n<p>Et m\u00eame au sein du socle gouvernemental, la confiance n\u2019est pas compl\u00e8tement garantie, notamment au sein de la cinquantaine de d\u00e9put\u00e9s Les R\u00e9publicains o\u00f9 \u00ab\u00a0il n\u2019y a pas \u00e0 ce stade d\u2019unanimit\u00e9 sur le vote de confiance\u00a0\u00bb, a indiqu\u00e9 une source parlementaire. Les d\u00e9put\u00e9s de droite doivent encore se prononcer lors d\u2019une d\u00e9lib\u00e9ration en interne, m\u00eame si le pr\u00e9sident du parti de droite <a href=\"https:\/\/www.20minutes.fr\/dossier\/bruno_retailleau\" target=\"_blank\" class=\"c-link c-link--is-underlined\" rel=\"noopener\">Bruno Retailleau<\/a>, \u00e9galement ministre de l\u2019Int\u00e9rieur, a mis en garde contre un vote n\u00e9gatif le 8\u00a0septembre qui irait \u00ab\u00a0contre les int\u00e9r\u00eats de la France\u00a0\u00bb. Mais cela est pour le moment encore tr\u00e8s loin de convaincre du c\u00f4t\u00e9 du Palais Bourbon, la balance des d\u00e9put\u00e9s penchant nettement pour l\u2019instant pour un nouveau nom \u00e0 Matignon.<\/p>\n","protected":false},"excerpt":{"rendered":"C\u2019est une rentr\u00e9e particuli\u00e8rement compliqu\u00e9e pour l\u2019ex\u00e9cutif. De retour du fort de Br\u00e9gan\u00e7on o\u00f9 il a pass\u00e9 son&hellip;\n","protected":false},"author":2,"featured_media":346932,"comment_status":"","ping_status":"","sticky":false,"template":"","format":"standard","meta":{"footnotes":""},"categories":[4],"tags":[47,11,416,1003,3193,1073,1011,27,431,1023,8335,12,316,2556,25,133],"class_list":{"0":"post-346931","1":"post","2":"type-post","3":"status-publish","4":"format-standard","5":"has-post-thumbnail","7":"category-france","8":"tag-actualite","9":"tag-actualites","10":"tag-assemblee-nationale","11":"tag-budget","12":"tag-conseil-des-ministres","13":"tag-emmanuel-macron","14":"tag-fr","15":"tag-france","16":"tag-francois-bayrou","17":"tag-la-france-insoumise-lfi","18":"tag-les-republicains-lr","19":"tag-news","20":"tag-politique","21":"tag-rassemblement-national-rn","22":"tag-republique-francaise","23":"tag-video"},"share_on_mastodon":{"url":"https:\/\/pubeurope.com\/@fr\/115099266283590744","error":""},"_links":{"self":[{"href":"https:\/\/www.europesays.com\/fr\/wp-json\/wp\/v2\/posts\/346931","targetHints":{"allow":["GET"]}}],"collection":[{"href":"https:\/\/www.europesays.com\/fr\/wp-json\/wp\/v2\/posts"}],"about":[{"href":"https:\/\/www.europesays.com\/fr\/wp-json\/wp\/v2\/types\/post"}],"author":[{"embeddable":true,"href":"https:\/\/www.europesays.com\/fr\/wp-json\/wp\/v2\/users\/2"}],"replies":[{"embeddable":true,"href":"https:\/\/www.europesays.com\/fr\/wp-json\/wp\/v2\/comments?post=346931"}],"version-history":[{"count":0,"href":"https:\/\/www.europesays.com\/fr\/wp-json\/wp\/v2\/posts\/346931\/revisions"}],"wp:featuredmedia":[{"embeddable":true,"href":"https:\/\/www.europesays.com\/fr\/wp-json\/wp\/v2\/media\/346932"}],"wp:attachment":[{"href":"https:\/\/www.europesays.com\/fr\/wp-json\/wp\/v2\/media?parent=346931"}],"wp:term":[{"taxonomy":"category","embeddable":true,"href":"https:\/\/www.europesays.com\/fr\/wp-json\/wp\/v2\/categories?post=346931"},{"taxonomy":"post_tag","embeddable":true,"href":"https:\/\/www.europesays.com\/fr\/wp-json\/wp\/v2\/tags?post=346931"}],"curies":[{"name":"wp","href":"https:\/\/api.w.org\/{rel}","templated":true}]}}