{"id":346938,"date":"2025-08-27T06:21:53","date_gmt":"2025-08-27T06:21:53","guid":{"rendered":"https:\/\/www.europesays.com\/fr\/346938\/"},"modified":"2025-08-27T06:21:53","modified_gmt":"2025-08-27T06:21:53","slug":"que-deviennent-les-batiments-desaffectes-du-departement","status":"publish","type":"post","link":"https:\/\/www.europesays.com\/fr\/346938\/","title":{"rendered":"que deviennent les b\u00e2timents d\u00e9saffect\u00e9s du d\u00e9partement\u00a0?"},"content":{"rendered":"<p>Des vitres cass\u00e9es, des hangars vides et des tags, beaucoup de tags. Sur tous les murs, sauf \u00e0 l\u2019entr\u00e9e. L\u00e0, devant la porte, une plante g\u00eane l\u2019acc\u00e8s\u00a0: un Paulownia tomentosa, un arbre invasif capable de pousser sur quasi rien, du bitume, des trottoirs. Tout un symbole. Bienvenue sur l\u2019ancien <a href=\"https:\/\/www.estrepublicain.fr\/societe\/2023\/05\/27\/zoom-sur-le-quartier-alstom-un-projet-d-ecoquartier-et-une-cite-judiciaire-a-venir\" target=\"_blank\" rel=\"noopener\">site d\u2019Alstom<\/a> , rue Oberlin, \u00e0 Nancy\u00a0: 50\u00a0000 m\u00e8tres carr\u00e9s de b\u00e2timents d\u00e9saffect\u00e9s depuis plus de 20 ans. Des friches non&#8230;<\/p>\n","protected":false},"excerpt":{"rendered":"Des vitres cass\u00e9es, des hangars vides et des tags, beaucoup de tags. Sur tous les murs, sauf \u00e0&hellip;\n","protected":false},"author":2,"featured_media":346939,"comment_status":"","ping_status":"","sticky":false,"template":"","format":"standard","meta":{"footnotes":""},"categories":[9635],"tags":[1111,11,4749,33,1707,1704,1706,1705,436,1777,674,1011,27,775,693,3457,1702,12,25,801,104],"class_list":{"0":"post-346938","1":"post","2":"type-post","3":"status-publish","4":"format-standard","5":"has-post-thumbnail","7":"category-nancy","8":"tag-actu","9":"tag-actualites","10":"tag-btp-et-chantiers","11":"tag-economie","12":"tag-edition-luneville","13":"tag-edition-nancy-et-agglomeration","14":"tag-edition-pont-a-mousson","15":"tag-edition-toul","16":"tag-environnement","17":"tag-eu","18":"tag-europe","19":"tag-fr","20":"tag-france","21":"tag-grand-est","22":"tag-industrie","23":"tag-meurthe-et-moselle","24":"tag-nancy","25":"tag-news","26":"tag-republique-francaise","27":"tag-social","28":"tag-societe"},"share_on_mastodon":{"url":"https:\/\/pubeurope.com\/@fr\/115099293736361914","error":""},"_links":{"self":[{"href":"https:\/\/www.europesays.com\/fr\/wp-json\/wp\/v2\/posts\/346938","targetHints":{"allow":["GET"]}}],"collection":[{"href":"https:\/\/www.europesays.com\/fr\/wp-json\/wp\/v2\/posts"}],"about":[{"href":"https:\/\/www.europesays.com\/fr\/wp-json\/wp\/v2\/types\/post"}],"author":[{"embeddable":true,"href":"https:\/\/www.europesays.com\/fr\/wp-json\/wp\/v2\/users\/2"}],"replies":[{"embeddable":true,"href":"https:\/\/www.europesays.com\/fr\/wp-json\/wp\/v2\/comments?post=346938"}],"version-history":[{"count":0,"href":"https:\/\/www.europesays.com\/fr\/wp-json\/wp\/v2\/posts\/346938\/revisions"}],"wp:featuredmedia":[{"embeddable":true,"href":"https:\/\/www.europesays.com\/fr\/wp-json\/wp\/v2\/media\/346939"}],"wp:attachment":[{"href":"https:\/\/www.europesays.com\/fr\/wp-json\/wp\/v2\/media?parent=346938"}],"wp:term":[{"taxonomy":"category","embeddable":true,"href":"https:\/\/www.europesays.com\/fr\/wp-json\/wp\/v2\/categories?post=346938"},{"taxonomy":"post_tag","embeddable":true,"href":"https:\/\/www.europesays.com\/fr\/wp-json\/wp\/v2\/tags?post=346938"}],"curies":[{"name":"wp","href":"https:\/\/api.w.org\/{rel}","templated":true}]}}