{"id":346940,"date":"2025-08-27T06:22:20","date_gmt":"2025-08-27T06:22:20","guid":{"rendered":"https:\/\/www.europesays.com\/fr\/346940\/"},"modified":"2025-08-27T06:22:20","modified_gmt":"2025-08-27T06:22:20","slug":"cest-un-defi-que-nous-relevons-plus-de-cinquante-ecoles-renovees-avant-la-rentree-a-toulon","status":"publish","type":"post","link":"https:\/\/www.europesays.com\/fr\/346940\/","title":{"rendered":"\u00ab\u00a0C\u2019est un d\u00e9fi que nous relevons\u00a0\u00bb: plus de cinquante \u00e9coles r\u00e9nov\u00e9es avant la rentr\u00e9e \u00e0 Toulon"},"content":{"rendered":"<p>Promis, tout sera fini pour lundi! \u00ab\u00a0C\u2019est un d\u00e9fi que nous relevons. \u00a0\u00bb La maire, Jos\u00e9e Massi, a visit\u00e9 deux \u00e9coles, hier, o\u00f9 d\u2019importants travaux de r\u00e9novation ont \u00e9t\u00e9 effectu\u00e9s pendant les deux mois d\u2019\u00e9t\u00e9. Les \u00e9quipes en sont aux derni\u00e8res finitions avant l\u2019arriv\u00e9e des \u00e9l\u00e8ves la semaine prochaine.<\/p>\n<p>Accompagn\u00e9e de ses adjoints, dont Erick Mascaro, charg\u00e9 des b\u00e2timents et \u00e9quipements durables, elle a d\u2019abord salu\u00e9 le personnel de l\u2019\u00e9cole maternelle de la Cit\u00e9 de l\u2019\u00c9pargne. C\u2019est l\u00e0 qu\u2019une ombri\u00e8re photovolta\u00efque imposante a \u00e9t\u00e9 install\u00e9e dans la cour. \u00ab\u00a0Elle va produire deux fois plus d\u2019\u00e9lectricit\u00e9 que les besoins de l\u2019\u00e9cole. Cela va donc nous permettre de distribuer de l\u2019\u00e9nergie aux \u00e9tablissements publics alentours, notamment le parc auto\u00a0\u00bb, s\u2019est f\u00e9licit\u00e9e la maire.<\/p>\n<p>\u00c9cole 100% autonome<\/p>\n<p>              <img ci-src=\"https:\/\/www.varmatin.com\/vie-locale\/protec\/DATA_ART_16137507-M3DusVQn.jpg?vh=3c2271&amp;ci_seal=8585041184\" alt=\"\"\/><br \/>\n        La cour de r\u00e9cr\u00e9ation a \u00e9t\u00e9 enti\u00e8rement revue \u00e0 l\u2019\u00e9cole Jules Muraire du centre-ville. <strong>LE PARC VALERIE \/ Nice Matin.<\/strong> <\/p>\n<p>Large de 200m\u00e8tres carr\u00e9s, cette ombri\u00e8re va aussi servir de pr\u00e9au pour les enfants et rendre l\u2019\u00e9cole 100% autonome en \u00e9nergie. L\u2019\u00e9tablissement compte cinq classes pour les tout-petits, soit 115 \u00e9l\u00e8ves au total.<\/p>\n<p>Le convoi municipal s\u2019est ensuite dirig\u00e9 vers l\u2019\u00e9cole Jules Muraire, en centre-ville, dont la cour a \u00e9t\u00e9 enti\u00e8rement repens\u00e9e cet \u00e9t\u00e9: \u00ab\u00a0400m\u00e8tres carr\u00e9s de superficie ont \u00e9t\u00e9 v\u00e9g\u00e9talis\u00e9s. On a install\u00e9 des jeux pour les enfants, des bancs en bois\u2026 Ils compl\u00e8tent l\u2019espace sports voisin et le mur d\u2019escalade de l\u2019autre c\u00f4t\u00e9\u00a0\u00bb, a ajout\u00e9 Erick Mascaro, adjoint aux travaux. 450.000 euros ont \u00e9t\u00e9 engag\u00e9s dans cette entreprise qui donne \u00e0 la cour historique de l\u2019\u00e9cole Muraire un tout nouveau visage.<\/p>\n<p>\u00ab\u00a0Sur les 84 \u00e9coles de la ville, 51 ont ainsi \u00e9t\u00e9 r\u00e9nov\u00e9es. Ici, la cour \u00e0 l\u2019\u00e9tage avait \u00e9t\u00e9 modernis\u00e9e l\u2019an dernier puis c\u2019est le pr\u00e9au qui a fait l\u2019objet de notre attention. Cette fois, la cour du rez-de-chauss\u00e9e, enti\u00e8rement v\u00e9g\u00e9talis\u00e9e, est une r\u00e9ussite\u00a0\u00bb, a repris la maire qui indique qu\u2019une dizaine d\u2019\u00e9tablissements toulonnais sont \u00e0 pr\u00e9sent v\u00e9g\u00e9talis\u00e9s.<\/p>\n<p>Cinq nouveaux groupes scolaires \u00e0 venir<\/p>\n<p>              <img ci-src=\"https:\/\/www.varmatin.com\/vie-locale\/protec\/DATA_ART_16137505-j0qXmirk.jpg?vh=23f9e6&amp;ci_seal=8e9974a39f\" alt=\"\"\/><br \/>\n        On s\u2019active pour tout finaliser avant lundi et la rentr\u00e9e des \u00e9l\u00e8ves. Photos Val\u00e9rie Le Parc <\/p>\n<p>\u00ab\u00a0Nous sommes \u00e9galement dans le projet de construction de cinq nouveaux groupes scolaires, soit dix \u00e9coles au total: La Beaucaire, Cousteau, Saint-Roch (d\u00e9j\u00e0 commenc\u00e9e), Lazare-Carnot et Sainte-Catherine. La livraison finale est pr\u00e9vue pour 2029!\u00a0\u00bb<\/p>\n<p>Dans les autres \u00e9coles de la ville, une v\u00e9g\u00e9talisation de la cour de r\u00e9cr\u00e9ation de l\u2019\u00e9cole Saint-Louis a \u00e9t\u00e9 r\u00e9alis\u00e9e. Les travaux d\u2019embellissement ont concern\u00e9 la cr\u00e9ation de deux puits de lumi\u00e8re, l\u2019installation de nouvelles grilles plus ajour\u00e9es et le changement des dalles des faux plafonds par un mod\u00e8le acoustique plus clair.<\/p>\n<p>Au groupe scolaire Brusquet, les travaux estivaux ont permis de d\u00e9simperm\u00e9abiliser 2.700m\u00e8tres carr\u00e9s de sols. Un potager est n\u00e9 et sera arros\u00e9 gr\u00e2ce aux eaux de pluie collect\u00e9es dans une citerne. Enfin, \u00e0 l\u2019\u00e9cole Saint-Roch, les travaux se poursuivent pour un montant de 9 millions d\u2019euros.<\/p>\n<p>8 millions d\u2019euros investis<\/p>\n<p>\u00c0 l\u2019\u00e9cole basse, l\u2019op\u00e9ration de r\u00e9novation devrait se terminer d\u2019ici fin 2025. Pour l\u2019\u00e9cole haute, la r\u00e9habilitation d\u00e9butera en janvier prochain. D\u2019ici avril 2027, la cour de r\u00e9cr\u00e9ation sera enti\u00e8rement v\u00e9g\u00e9talis\u00e9e. L\u2019\u00e9cole \u00e9l\u00e9mentaire Saint-Roch est l\u2019un des plus anciens \u00e9tablissements de Toulon. Qui fait sa mue compl\u00e8te aujourd\u2019hui pour mieux accueillir ses 200 \u00e9l\u00e8ves quotidiens.<\/p>\n<p>Au total, 8 millions d\u2019euros ont \u00e9t\u00e9 investis dans ces chantiers scolaires.<\/p>\n","protected":false},"excerpt":{"rendered":"Promis, tout sera fini pour lundi! \u00ab\u00a0C\u2019est un d\u00e9fi que nous relevons. \u00a0\u00bb La maire, Jos\u00e9e Massi, a&hellip;\n","protected":false},"author":2,"featured_media":346941,"comment_status":"","ping_status":"","sticky":false,"template":"","format":"standard","meta":{"footnotes":""},"categories":[9619],"tags":[1111,11,1777,674,1011,27,12,882,25,2310,3366],"class_list":{"0":"post-346940","1":"post","2":"type-post","3":"status-publish","4":"format-standard","5":"has-post-thumbnail","7":"category-toulon","8":"tag-actu","9":"tag-actualites","10":"tag-eu","11":"tag-europe","12":"tag-fr","13":"tag-france","14":"tag-news","15":"tag-provence-alpes-cote-dazur","16":"tag-republique-francaise","17":"tag-toulon","18":"tag-vie-locale"},"share_on_mastodon":{"url":"https:\/\/pubeurope.com\/@fr\/115099293777455835","error":""},"_links":{"self":[{"href":"https:\/\/www.europesays.com\/fr\/wp-json\/wp\/v2\/posts\/346940","targetHints":{"allow":["GET"]}}],"collection":[{"href":"https:\/\/www.europesays.com\/fr\/wp-json\/wp\/v2\/posts"}],"about":[{"href":"https:\/\/www.europesays.com\/fr\/wp-json\/wp\/v2\/types\/post"}],"author":[{"embeddable":true,"href":"https:\/\/www.europesays.com\/fr\/wp-json\/wp\/v2\/users\/2"}],"replies":[{"embeddable":true,"href":"https:\/\/www.europesays.com\/fr\/wp-json\/wp\/v2\/comments?post=346940"}],"version-history":[{"count":0,"href":"https:\/\/www.europesays.com\/fr\/wp-json\/wp\/v2\/posts\/346940\/revisions"}],"wp:featuredmedia":[{"embeddable":true,"href":"https:\/\/www.europesays.com\/fr\/wp-json\/wp\/v2\/media\/346941"}],"wp:attachment":[{"href":"https:\/\/www.europesays.com\/fr\/wp-json\/wp\/v2\/media?parent=346940"}],"wp:term":[{"taxonomy":"category","embeddable":true,"href":"https:\/\/www.europesays.com\/fr\/wp-json\/wp\/v2\/categories?post=346940"},{"taxonomy":"post_tag","embeddable":true,"href":"https:\/\/www.europesays.com\/fr\/wp-json\/wp\/v2\/tags?post=346940"}],"curies":[{"name":"wp","href":"https:\/\/api.w.org\/{rel}","templated":true}]}}