{"id":346942,"date":"2025-08-27T06:23:21","date_gmt":"2025-08-27T06:23:21","guid":{"rendered":"https:\/\/www.europesays.com\/fr\/346942\/"},"modified":"2025-08-27T06:23:21","modified_gmt":"2025-08-27T06:23:21","slug":"large-victoire-de-lusap-contre-toulon-pyrenees-orientales","status":"publish","type":"post","link":"https:\/\/www.europesays.com\/fr\/346942\/","title":{"rendered":"Large victoire de l\u2019Usap contre Toulon &#8211; Pyr\u00e9n\u00e9es-Orientales"},"content":{"rendered":"<p>                    <img width=\"2560\" height=\"1908\" src=\"https:\/\/www.europesays.com\/fr\/wp-content\/uploads\/2025\/08\/P1600978-scaled.jpg\" class=\"img-fluid landscape wp-post-image\" alt=\"Un bon d\u00e9but pour l'Usap\" itemprop=\"image\" decoding=\"async\" fetchpriority=\"high\"  \/>                    <\/p>\n<p itemprop=\"name\">\n                                                Un bon d\u00e9but pour l&rsquo;Usap<br \/>\n                         Cr\u00e9dits :<br \/>\n                            GiG\n                                                <\/p>\n<p align=\"justify\">Apr\u00e8s des semaines d\u2019entra\u00eenements, les catalans ont accueilli l\u2019\u00e9quipe de Toulon pour le premier match amical de la saison, le vendredi 22 ao\u00fbt. 9 120 supporters \u00e9taient pr\u00e9sents \u00e0 Aim\u00e9 Giral. Le quinze de d\u00e9part \u00e9tait compos\u00e9 de jeunes joueurs (Lotrian, Chinarro, Poulet, Granell) et de recrue (Le Corvec). En premi\u00e8re p\u00e9riode, les locaux ont subi. Le num\u00e9ro 10 Mcintyrte a inscrit un essai juste avant la pause (39). Le score \u00e0 la mi-temps \u00e9tait de 14 \u00e0 10 pour les varois. A la reprise, des cadres sont rentr\u00e9s et la configuration du match a chang\u00e9. Les catalans ont inscrit une pluie d\u2019essais, Ceccareli (42), Montgaillard (46), Dvali (54, 70), Tedder (62) et Hicks (65). Le buteur Mcintyre a transform\u00e9 5 essais. Le score final est de 50 \u00e0 19 pour l\u2019Usap. Les supporters sont ravis de l\u2019\u00e9tat d\u2019esprit lors de ce premier match test. Le championnat de Top 14 d\u00e9butera le samedi 06 septembre \u00e0 15h00 avec la r\u00e9ception de Bayonne.<\/p>\n<p>                Cet article est r\u00e9serv\u00e9 aux abonn\u00e9s.<\/p>\n<p class=\"signature\" itemscope=\"\" itemprop=\"Author\" itemtype=\"http:\/\/schema.org\/Person\">\n                GiG\n            <\/p>\n","protected":false},"excerpt":{"rendered":"Un bon d\u00e9but pour l&rsquo;Usap Cr\u00e9dits : GiG Apr\u00e8s des semaines d\u2019entra\u00eenements, les catalans ont accueilli l\u2019\u00e9quipe de&hellip;\n","protected":false},"author":2,"featured_media":346943,"comment_status":"","ping_status":"","sticky":false,"template":"","format":"standard","meta":{"footnotes":""},"categories":[9619],"tags":[1111,11,1777,674,1011,27,12,301,882,25,2310],"class_list":{"0":"post-346942","1":"post","2":"type-post","3":"status-publish","4":"format-standard","5":"has-post-thumbnail","7":"category-toulon","8":"tag-actu","9":"tag-actualites","10":"tag-eu","11":"tag-europe","12":"tag-fr","13":"tag-france","14":"tag-news","15":"tag-premium","16":"tag-provence-alpes-cote-dazur","17":"tag-republique-francaise","18":"tag-toulon"},"share_on_mastodon":{"url":"https:\/\/pubeurope.com\/@fr\/115099297604122429","error":""},"_links":{"self":[{"href":"https:\/\/www.europesays.com\/fr\/wp-json\/wp\/v2\/posts\/346942","targetHints":{"allow":["GET"]}}],"collection":[{"href":"https:\/\/www.europesays.com\/fr\/wp-json\/wp\/v2\/posts"}],"about":[{"href":"https:\/\/www.europesays.com\/fr\/wp-json\/wp\/v2\/types\/post"}],"author":[{"embeddable":true,"href":"https:\/\/www.europesays.com\/fr\/wp-json\/wp\/v2\/users\/2"}],"replies":[{"embeddable":true,"href":"https:\/\/www.europesays.com\/fr\/wp-json\/wp\/v2\/comments?post=346942"}],"version-history":[{"count":0,"href":"https:\/\/www.europesays.com\/fr\/wp-json\/wp\/v2\/posts\/346942\/revisions"}],"wp:featuredmedia":[{"embeddable":true,"href":"https:\/\/www.europesays.com\/fr\/wp-json\/wp\/v2\/media\/346943"}],"wp:attachment":[{"href":"https:\/\/www.europesays.com\/fr\/wp-json\/wp\/v2\/media?parent=346942"}],"wp:term":[{"taxonomy":"category","embeddable":true,"href":"https:\/\/www.europesays.com\/fr\/wp-json\/wp\/v2\/categories?post=346942"},{"taxonomy":"post_tag","embeddable":true,"href":"https:\/\/www.europesays.com\/fr\/wp-json\/wp\/v2\/tags?post=346942"}],"curies":[{"name":"wp","href":"https:\/\/api.w.org\/{rel}","templated":true}]}}