{"id":346944,"date":"2025-08-27T06:24:13","date_gmt":"2025-08-27T06:24:13","guid":{"rendered":"https:\/\/www.europesays.com\/fr\/346944\/"},"modified":"2025-08-27T06:24:13","modified_gmt":"2025-08-27T06:24:13","slug":"la-police-interrompt-une-transaction-de-stupefiants-en-plein-apres-midi-dans-le-quartier-de-la-mosson-a-montpellier","status":"publish","type":"post","link":"https:\/\/www.europesays.com\/fr\/346944\/","title":{"rendered":"La police interrompt une transaction de stup\u00e9fiants en plein apr\u00e8s-midi dans le quartier de la Mosson \u00e0 Montpellier"},"content":{"rendered":"<p>\n                                                                Deux individus ont \u00e9t\u00e9 surpris, lundi 25\u00a0ao\u00fbt, sur un point de deal connu, pr\u00e8s du centre commercial Saint-Paul. L\u2019un d\u2019eux a \u00e9t\u00e9 interpell\u00e9 en possession de plusieurs produits stup\u00e9fiants.\n                            <\/p>\n<p>En surveillance pr\u00e8s du centre commercial Saint-Paul dans le quartier de la Mosson \u00e0 Montpellier, la police nationale a interrompu une transaction de stup\u00e9fiants, lundi 25\u00a0ao\u00fbt vers 16\u00a0h.<\/p>\n<p>All\u00e9e du Pays-d\u2019Oc, un point de deal connu, cet \u00e9quipage de la brigade sp\u00e9cialis\u00e9e de terrain a remarqu\u00e9 deux individus en train de proc\u00e9der \u00e0 un \u00e9change et a soup\u00e7onn\u00e9 une op\u00e9ration en lien avec de la drogue.<\/p>\n<p>Cannabis, herbe, coca\u00efne<\/p>\n<p>Si l\u2019un des deux protagonistes est parvenu \u00e0 prendre la fuite, le second a \u00e9t\u00e9 interpell\u00e9 en possession de diff\u00e9rents produits\u00a0: 19\u00a0g de r\u00e9sine de cannabis, 0,5\u00a0g d\u2019herbe et 1,5\u00a0g de coca\u00efne.<\/p>\n<p>Il s\u2019agit d\u2019un ressortissant marocain sans domicile fixe \u00e2g\u00e9 26 ans, qui faisait l\u2019objet d\u2019une interdiction de para\u00eetre dans le quartier Saint-Paul. Plac\u00e9 en garde \u00e0 vue, il a fait l\u2019objet cette fois d\u2019une OQTF et a \u00e9t\u00e9 renvoy\u00e9 devant le tribunal correctionnel.<\/p>\n","protected":false},"excerpt":{"rendered":"Deux individus ont \u00e9t\u00e9 surpris, lundi 25\u00a0ao\u00fbt, sur un point de deal connu, pr\u00e8s du centre commercial Saint-Paul.&hellip;\n","protected":false},"author":2,"featured_media":346945,"comment_status":"","ping_status":"","sticky":false,"template":"","format":"standard","meta":{"footnotes":""},"categories":[9599],"tags":[1111,11,1777,674,1011,27,2208,12,2680,25],"class_list":{"0":"post-346944","1":"post","2":"type-post","3":"status-publish","4":"format-standard","5":"has-post-thumbnail","7":"category-montpellier","8":"tag-actu","9":"tag-actualites","10":"tag-eu","11":"tag-europe","12":"tag-fr","13":"tag-france","14":"tag-montpellier","15":"tag-news","16":"tag-occitanie","17":"tag-republique-francaise"},"share_on_mastodon":{"url":"https:\/\/pubeurope.com\/@fr\/115099301537902821","error":""},"_links":{"self":[{"href":"https:\/\/www.europesays.com\/fr\/wp-json\/wp\/v2\/posts\/346944","targetHints":{"allow":["GET"]}}],"collection":[{"href":"https:\/\/www.europesays.com\/fr\/wp-json\/wp\/v2\/posts"}],"about":[{"href":"https:\/\/www.europesays.com\/fr\/wp-json\/wp\/v2\/types\/post"}],"author":[{"embeddable":true,"href":"https:\/\/www.europesays.com\/fr\/wp-json\/wp\/v2\/users\/2"}],"replies":[{"embeddable":true,"href":"https:\/\/www.europesays.com\/fr\/wp-json\/wp\/v2\/comments?post=346944"}],"version-history":[{"count":0,"href":"https:\/\/www.europesays.com\/fr\/wp-json\/wp\/v2\/posts\/346944\/revisions"}],"wp:featuredmedia":[{"embeddable":true,"href":"https:\/\/www.europesays.com\/fr\/wp-json\/wp\/v2\/media\/346945"}],"wp:attachment":[{"href":"https:\/\/www.europesays.com\/fr\/wp-json\/wp\/v2\/media?parent=346944"}],"wp:term":[{"taxonomy":"category","embeddable":true,"href":"https:\/\/www.europesays.com\/fr\/wp-json\/wp\/v2\/categories?post=346944"},{"taxonomy":"post_tag","embeddable":true,"href":"https:\/\/www.europesays.com\/fr\/wp-json\/wp\/v2\/tags?post=346944"}],"curies":[{"name":"wp","href":"https:\/\/api.w.org\/{rel}","templated":true}]}}