{"id":346948,"date":"2025-08-27T06:28:10","date_gmt":"2025-08-27T06:28:10","guid":{"rendered":"https:\/\/www.europesays.com\/fr\/346948\/"},"modified":"2025-08-27T06:28:10","modified_gmt":"2025-08-27T06:28:10","slug":"deux-bons-plans-a-rouen-pour-shabiller-pour-la-rentree","status":"publish","type":"post","link":"https:\/\/www.europesays.com\/fr\/346948\/","title":{"rendered":"Deux bons plans \u00e0 Rouen pour s&rsquo;habiller pour la rentr\u00e9e\u00a0!"},"content":{"rendered":"<p>            Par<br \/>\n        <strong><br \/>\n            <a href=\"https:\/\/actu.fr\/auteur\/julien-bouteiller\" title=\"Consulter tous les articles de Julien Bouteiller\" rel=\"nofollow noopener\" target=\"_blank\">Julien Bouteiller<\/a><br \/>\n        <\/strong><\/p>\n<p>        Publi\u00e9 le<\/p>\n<p>            27 ao\u00fbt 2025 \u00e0 8h22        <\/p>\n<p>La rentr\u00e9e scolaire, c\u2019est souvent l\u2019occasion <strong>de renouveler sa garde-robe<\/strong>. Et si vous voulez le faire sans vous ruiner, <strong>deux \u00e9v\u00e9nements<\/strong> vous attendent dans les jours qui viennent <a href=\"https:\/\/actu.fr\/normandie\/rouen_76540\" rel=\"nofollow noopener\" target=\"_blank\">\u00e0 Rouen<\/a>.<\/p>\n<p>Deux bons plans fripes<\/p>\n<p class=\" wall-content\">Le premier a lieu les samedi 30 et dimanche 31 ao\u00fbt 2025, <strong>\u00e0 l\u2019Entrep\u00f4t Food Hall<\/strong>, sur les quais. L\u2019\u00e9v\u00e9nement Piou Piou Market revient avec \u00ab\u00a0une tonne de p\u00e9pites \u00e0 2-5-10 euros\u00a0\u00bb. Au programme, des pi\u00e8ces moderne ou vintage, \u00ab\u00a0une grosse s\u00e9lection ann\u00e9es 2000\u00a0\u00bb, mais aussi une \u00ab\u00a0s\u00e9lection de pi\u00e8ces rares et de marques\u00a0\u00bb.\u00a0<\/p>\n<p class=\" wall-content\">Outre les fripes, il y aura \u00e9galement <strong>des bijoux et de la d\u00e9co d\u2019artisans et cr\u00e9ateurs locaux<\/strong>, un espace beaut\u00e9 pour se faire tatouer ou profiter d\u2019une manucure, et bien s\u00fbr toute l\u2019offre de restauration de l\u2019Entrep\u00f4t.<\/p>\n<p>Piou Piou Market, \u00e0 l\u2019Entrep\u00f4t Food Hall, 5 quai de Boisguilbert \u00e0 Rouen. Les samedi 30 et dimanche 31 ao\u00fbt de 12h \u00e0 20h. Entr\u00e9e gratuite.\u00a0<\/p>\n<p class=\" wall-content\">Le weekend suivant, <strong>rendez-vous \u00e0 la Halle aux Toiles<\/strong> pour un \u00e9v\u00e9nement d\u00e9sormais bien connu : No Fast Fashion. Voil\u00e0 plusieurs ann\u00e9es d\u00e9j\u00e0 que cette friperie g\u00e9ante s\u2019installe dans la Halle pour proposer des fripes <strong>vendues au kilo.\u00a0<\/strong><\/p>\n<p class=\" wall-content\">Au menu, \u00ab\u00a0600 m\u00b2 de v\u00eatements de seconde main (avec des marques comme Dickies, Ralph Lauren, Wrangler, Adidas, Nike, Puma, Disney, Hugo Boss, Carhartt, Diesel, Levi\u2019s\u2026) au prix de gros\u00a0\u00bb. Comptez 14 euros le kilo dans le corner d\u00e9stockage, 29 euros le kilo le samedi, et 26 euros le kilo le dimanche pour le reste des espaces.\u00a0<\/p>\n<p class=\" wall-content\">Comme \u00e0 chaque \u00e9v\u00e9nement, en plus des fripes, vous pourrez rencontrer des tatoueurs, cr\u00e9ateurs et profiter d\u2019une ambiance musicale.<\/p>\n<p>Votre r\u00e9gion, votre actu !<\/p>\n<p>Recevez chaque jour les infos qui comptent pour vous.<\/p>\n<p>\t<a href=\"https:\/\/actu.fr\/newsletter\" class=\"ac-btn ac-btn--corner ac-btn--medium ac-btn--blue800\" rel=\"nofollow noopener\" target=\"_blank\">S&rsquo;incrire<\/a><\/p>\n<p>No Fast Fashion, \u00e0 la Halle aux Toiles, 19 place de la Basse vieille tour \u00e0 Rouen. Samedi 6 septembre de 10h \u00e0 19h, dimanche 7 septembre de 10h \u00e0 18h.\u00a0<\/p>\n<p>Suivez l\u2019actualit\u00e9 de Rouen <a href=\"https:\/\/www.whatsapp.com\/channel\/0029VaKfnf99hXF2ddApFB1D\" rel=\"nofollow noopener\" target=\"_blank\">sur notre cha\u00eene WhatsApp<\/a> et <a href=\"https:\/\/www.tiktok.com\/@76actu.fr?lang=fr\" rel=\"nofollow noopener\" target=\"_blank\">sur notre compte TikTok<\/a><\/p>\n<p class=\" wall-content\">Personnalisez votre actualit\u00e9 en ajoutant vos villes et m\u00e9dias en favori avec <a href=\"https:\/\/moncompte.actu.fr\" title=\"D\u00e9couvez Mon Actu\" rel=\"nofollow noopener\" data-trk=\"{&quot;cta&quot;:{&quot;action&quot;:&quot;https:\\\/\\\/moncompte.actu.fr&quot;,&quot;category&quot;:&quot;mon compte&quot;,&quot;from&quot;:&quot;article footer&quot;,&quot;name&quot;:&quot;Mon actu&quot;,&quot;type&quot;:&quot;cta&quot;}}\" target=\"_blank\">Mon Actu<\/a>.<\/p>\n<p>                    <script async src=\"\/\/www.tiktok.com\/embed.js\"><\/script><\/p>\n","protected":false},"excerpt":{"rendered":"Par Julien Bouteiller Publi\u00e9 le 27 ao\u00fbt 2025 \u00e0 8h22 La rentr\u00e9e scolaire, c\u2019est souvent l\u2019occasion de renouveler&hellip;\n","protected":false},"author":2,"featured_media":346949,"comment_status":"","ping_status":"","sticky":false,"template":"","format":"standard","meta":{"footnotes":""},"categories":[9587],"tags":[1111,11,9086,1777,674,1011,27,1652,12,5161,10918,25,9590],"class_list":{"0":"post-346948","1":"post","2":"type-post","3":"status-publish","4":"format-standard","5":"has-post-thumbnail","7":"category-rouen","8":"tag-actu","9":"tag-actualites","10":"tag-bon-plan-a-rouen","11":"tag-eu","12":"tag-europe","13":"tag-fr","14":"tag-france","15":"tag-loisirs-culture","16":"tag-news","17":"tag-normandie","18":"tag-rentree-scolaire","19":"tag-republique-francaise","20":"tag-rouen"},"share_on_mastodon":{"url":"https:\/\/pubeurope.com\/@fr\/115099317339306226","error":""},"_links":{"self":[{"href":"https:\/\/www.europesays.com\/fr\/wp-json\/wp\/v2\/posts\/346948","targetHints":{"allow":["GET"]}}],"collection":[{"href":"https:\/\/www.europesays.com\/fr\/wp-json\/wp\/v2\/posts"}],"about":[{"href":"https:\/\/www.europesays.com\/fr\/wp-json\/wp\/v2\/types\/post"}],"author":[{"embeddable":true,"href":"https:\/\/www.europesays.com\/fr\/wp-json\/wp\/v2\/users\/2"}],"replies":[{"embeddable":true,"href":"https:\/\/www.europesays.com\/fr\/wp-json\/wp\/v2\/comments?post=346948"}],"version-history":[{"count":0,"href":"https:\/\/www.europesays.com\/fr\/wp-json\/wp\/v2\/posts\/346948\/revisions"}],"wp:featuredmedia":[{"embeddable":true,"href":"https:\/\/www.europesays.com\/fr\/wp-json\/wp\/v2\/media\/346949"}],"wp:attachment":[{"href":"https:\/\/www.europesays.com\/fr\/wp-json\/wp\/v2\/media?parent=346948"}],"wp:term":[{"taxonomy":"category","embeddable":true,"href":"https:\/\/www.europesays.com\/fr\/wp-json\/wp\/v2\/categories?post=346948"},{"taxonomy":"post_tag","embeddable":true,"href":"https:\/\/www.europesays.com\/fr\/wp-json\/wp\/v2\/tags?post=346948"}],"curies":[{"name":"wp","href":"https:\/\/api.w.org\/{rel}","templated":true}]}}