{"id":346950,"date":"2025-08-27T06:29:47","date_gmt":"2025-08-27T06:29:47","guid":{"rendered":"https:\/\/www.europesays.com\/fr\/346950\/"},"modified":"2025-08-27T06:29:47","modified_gmt":"2025-08-27T06:29:47","slug":"grenoble-un-homme-de-43-ans-interpelle-apres-des-feux-de-poubelles","status":"publish","type":"post","link":"https:\/\/www.europesays.com\/fr\/346950\/","title":{"rendered":"Grenoble. Un homme de 43 ans interpell\u00e9 apr\u00e8s des feux de poubelles"},"content":{"rendered":"<p>Des policiers en patrouille ont \u00e9t\u00e9 requis dans le quartier Bouchayer-Viallet, dans la nuit de dimanche \u00e0 lundi, par des passants qui avaient remarqu\u00e9 des containers poubelles en feu rue Amp\u00e8re et rue Victor-Lastella.<\/p>\n<p>Ce contenu est bloqu\u00e9 car vous n&rsquo;avez pas accept\u00e9 les cookies et autres traceurs.<\/p>\n<p>En cliquant sur \u00ab J\u2019accepte \u00bb, les cookies et autres traceurs seront d\u00e9pos\u00e9s et vous pourrez visualiser les contenus  (<a href=\"\" class=\"consentModule_policy\" target=\"_blank\" title=\"Consulter la politique de protection des donn\u00e9es du fournisseur\">plus d&rsquo;informations<\/a>).<\/p>\n<p>En cliquant sur \u00ab J\u2019accepte tous les cookies \u00bb, vous autorisez des d\u00e9p\u00f4ts de cookies et autres traceurs pour le stockage de vos donn\u00e9es sur nos sites et applications \u00e0 des fins de personnalisation et de ciblage publicitaire.<\/p>\n<p class=\"consentModule_secondaryText\">Vous gardez la possibilit\u00e9 de retirer votre consentement \u00e0 tout moment en consultant notre <a href=\"https:\/\/www.ledauphine.com\/protection-des-donnees\" target=\"_blank\" title=\"Consulter notre politique de protection des donn\u00e9es\" rel=\"noopener\">politique de protection des donn\u00e9es<\/a>. <br \/>&#13;<br \/>\n            <a href=\"https:\/\/www.ledauphine.com\/faits-divers-justice\/2025\/08\/25\/javascript:Didomi.notice.show()\" class=\"consentModule_cmp\" target=\"_blank\" rel=\"noopener\">G\u00e9rer mes choix<\/a>&#13;\n        <\/p>\n<p>&#13;<br \/>\n                        J&rsquo;accepte&#13;<br \/>\n            J&rsquo;accepte tous les cookies&#13;\n        <\/p>\n<p>En passant rue des Arts et M\u00e9tiers, les policiers ont remarqu\u00e9 la pr\u00e9sence d\u2019un homme \u00e0 v\u00e9lo s\u2019\u00e9loignant rapidement de deux containers en train de flamber. Ils ont suivi l\u2019homme et ont proc\u00e9d\u00e9 \u00e0 son interpellation quelques m\u00e8tres plus loin.<\/p>\n<p>D\u2019apr\u00e8s nos renseignements, ce dernier, \u00e2g\u00e9 de 43 ans, aurait tent\u00e9 de se d\u00e9barrasser d\u2019une bouteille d\u2019acc\u00e9l\u00e9rant et d\u2019un briquet. Il a \u00e9t\u00e9 plac\u00e9 en garde \u00e0 vue afin de d\u00e9terminer s\u2019il est bien l\u2019auteur de ces d\u00e9gradations et d\u2019expliquer les raisons de son geste.<\/p>\n<p>Apr\u00e8s v\u00e9rification de la police, huit containers ont \u00e9t\u00e9 incendi\u00e9s dans le quartier dans la nuit du 24 au 25\u00a0ao\u00fbt.<\/p>\n","protected":false},"excerpt":{"rendered":"Des policiers en patrouille ont \u00e9t\u00e9 requis dans le quartier Bouchayer-Viallet, dans la nuit de dimanche \u00e0 lundi,&hellip;\n","protected":false},"author":2,"featured_media":346951,"comment_status":"","ping_status":"","sticky":false,"template":"","format":"standard","meta":{"footnotes":""},"categories":[9566],"tags":[1111,11,2430,271,272,112,1777,674,274,107,1795,1011,27,2731,2732,108,12,25],"class_list":{"0":"post-346950","1":"post","2":"type-post","3":"status-publish","4":"format-standard","5":"has-post-thumbnail","7":"category-grenoble","8":"tag-actu","9":"tag-actualites","10":"tag-auvergne-rhone-alpes","11":"tag-crime","12":"tag-delit-et-contravention","13":"tag-edition-grenoble-agglomeration","14":"tag-eu","15":"tag-europe","16":"tag-faits-divers-justice","17":"tag-fil-info","18":"tag-fil-web","19":"tag-fr","20":"tag-france","21":"tag-grenoble","22":"tag-grenoble-bassin","23":"tag-isere","24":"tag-news","25":"tag-republique-francaise"},"share_on_mastodon":{"url":"https:\/\/pubeurope.com\/@fr\/115099325177690077","error":""},"_links":{"self":[{"href":"https:\/\/www.europesays.com\/fr\/wp-json\/wp\/v2\/posts\/346950","targetHints":{"allow":["GET"]}}],"collection":[{"href":"https:\/\/www.europesays.com\/fr\/wp-json\/wp\/v2\/posts"}],"about":[{"href":"https:\/\/www.europesays.com\/fr\/wp-json\/wp\/v2\/types\/post"}],"author":[{"embeddable":true,"href":"https:\/\/www.europesays.com\/fr\/wp-json\/wp\/v2\/users\/2"}],"replies":[{"embeddable":true,"href":"https:\/\/www.europesays.com\/fr\/wp-json\/wp\/v2\/comments?post=346950"}],"version-history":[{"count":0,"href":"https:\/\/www.europesays.com\/fr\/wp-json\/wp\/v2\/posts\/346950\/revisions"}],"wp:featuredmedia":[{"embeddable":true,"href":"https:\/\/www.europesays.com\/fr\/wp-json\/wp\/v2\/media\/346951"}],"wp:attachment":[{"href":"https:\/\/www.europesays.com\/fr\/wp-json\/wp\/v2\/media?parent=346950"}],"wp:term":[{"taxonomy":"category","embeddable":true,"href":"https:\/\/www.europesays.com\/fr\/wp-json\/wp\/v2\/categories?post=346950"},{"taxonomy":"post_tag","embeddable":true,"href":"https:\/\/www.europesays.com\/fr\/wp-json\/wp\/v2\/tags?post=346950"}],"curies":[{"name":"wp","href":"https:\/\/api.w.org\/{rel}","templated":true}]}}