{"id":346952,"date":"2025-08-27T06:30:12","date_gmt":"2025-08-27T06:30:12","guid":{"rendered":"https:\/\/www.europesays.com\/fr\/346952\/"},"modified":"2025-08-27T06:30:12","modified_gmt":"2025-08-27T06:30:12","slug":"quels-sont-les-meilleurs-quartiers-pour-les-etudiants-a-grenoble","status":"publish","type":"post","link":"https:\/\/www.europesays.com\/fr\/346952\/","title":{"rendered":"Quels sont les meilleurs quartiers pour les \u00e9tudiants \u00e0 Grenoble ?"},"content":{"rendered":"<p>Voici une s\u00e9lection des <strong>quartiers les plus adapt\u00e9s \u00e0 la vie \u00e9tudiante<\/strong> \u00e0 Grenoble, que vous soyez \u00e0 la recherche d\u2019un appartement individuel ou d\u2019une colocation.<\/p>\n<p>Chorier-Berriat\u00a0: le quartier le plus pris\u00e9<\/p>\n<p>Situ\u00e9 \u00e0 l&rsquo;ouest de la ville, pr\u00e8s du <strong>quartier Europole<\/strong>, Chorier-Berriat est tr\u00e8s pris\u00e9 par les \u00e9tudiants et jeunes actifs. Autrefois ouvrier, il est d\u00e9sormais attractif gr\u00e2ce \u00e0 sa <strong>proximit\u00e9 avec le centre-ville<\/strong> de Grenoble et ses nombreux commerces. La <strong>pr\u00e9sence du tram<\/strong> et de la gare facilite les d\u00e9placements. Son \u00e9quilibre entre vie urbaine et cadre r\u00e9sidentiel en fait une adresse privil\u00e9gi\u00e9e.<\/p>\n<p>Saint-Laurent\u00a0: l&rsquo;\u00e2me italienne de Grenoble<\/p>\n<p>Pour un <strong>cadre pittoresque,<\/strong> le quartier Saint-Laurent se distingue par son h\u00e9ritage italien. Situ\u00e9 au pied du <strong>Fort de la Bastille<\/strong>, il offre des ruelles anim\u00e9es, des fa\u00e7ades color\u00e9es et une multitude de pizzerias.<strong> Petit par sa taille<\/strong> et implant\u00e9 sur la rive droite de l&rsquo;Is\u00e8re, Saint-Laurent profite d\u2019<a data-entity-substitution=\"canonical\" data-entity-type=\"node\" data-entity-uuid=\"6f5abb5c-c21b-4fbd-a487-48ce66507bba\" href=\"https:\/\/edito.seloger.com\/pres-de-chez\/special-rentree-villes-passe-t-plusmoins-de-temps-transports-article-19041.html\" rel=\"noopener\" target=\"_blank\">une excellente connectivit\u00e9<\/a> gr\u00e2ce aux lignes de tram et de bus.<\/p>\n<p>Caserne de Bonne &#8211; Grands Boulevards\u00a0: un \u00e9coquartier exemplaire<\/p>\n<p>Ancien site militaire, ce quartier est devenu un <strong>\u00e9coquartier moderne<\/strong> au c\u0153ur de Grenoble. Il combine harmonieusement constructions anciennes et r\u00e9centes, con\u00e7ues dans une optique environnementale. On y trouve un centre commercial, <strong>des espaces verts et des \u00e9quipements culturels<\/strong> qui contribuent \u00e0 la qualit\u00e9 de vie. Ce secteur offre un cadre id\u00e9al si vous recherchez un environnement calme tout en \u00e9tant bien desservi.<\/p>\n<p>L&rsquo;hyper-centre\u00a0: le c\u0153ur vibrant de Grenoble<\/p>\n<p>Au nord de la ville, l&rsquo;hyper-centre regroupe plusieurs secteurs tels que <strong>Championnet et Notre-Dame<\/strong>. Ce quartier regorge de boutiques, de lieux culturels et d&rsquo;animations. Avec<strong> ses immeubles \u00e0 l&rsquo;architecture haussmannienne et ses boulevards<\/strong>, il est un symbole fort de la ville. Depuis 2017, les rues pi\u00e9tonnes r\u00e9am\u00e9nag\u00e9es invitent \u00e0 la promenade, conciliant animation et tranquillit\u00e9. Le <strong>quartier de la Presqu&rsquo;\u00eele<\/strong> m\u00e9rite \u00e9galement l\u2019attention en raison de sa situation strat\u00e9gique au c\u0153ur des p\u00f4les d\u2019innovation.<\/p>\n<p>Notre-Dame\u00a0: un \u00e9crin historique<\/p>\n<p>Au c\u0153ur de Grenoble, Notre-Dame se distingue par <strong>son riche patrimoine architectural et historique<\/strong>, avec des b\u00e2timents anciens. Entre <strong>monuments embl\u00e9matiques<\/strong> comme la fontaine des Trois Ordres et la maison Stendhal, il offre une immersion dans l&rsquo;histoire locale. La place Saint-Andr\u00e9, tr\u00e8s anim\u00e9e, abrite La Table Ronde, l&rsquo;un des plus anciens caf\u00e9s de France, fr\u00e9quent\u00e9 par de grands penseurs. Ce quartier s\u00e9duira les <strong>passionn\u00e9s d&rsquo;histoire et de culture<\/strong>.<\/p>\n","protected":false},"excerpt":{"rendered":"Voici une s\u00e9lection des quartiers les plus adapt\u00e9s \u00e0 la vie \u00e9tudiante \u00e0 Grenoble, que vous soyez \u00e0&hellip;\n","protected":false},"author":2,"featured_media":346953,"comment_status":"","ping_status":"","sticky":false,"template":"","format":"standard","meta":{"footnotes":""},"categories":[9566],"tags":[1111,11,2430,1777,674,1011,27,2731,12,25],"class_list":{"0":"post-346952","1":"post","2":"type-post","3":"status-publish","4":"format-standard","5":"has-post-thumbnail","7":"category-grenoble","8":"tag-actu","9":"tag-actualites","10":"tag-auvergne-rhone-alpes","11":"tag-eu","12":"tag-europe","13":"tag-fr","14":"tag-france","15":"tag-grenoble","16":"tag-news","17":"tag-republique-francaise"},"share_on_mastodon":{"url":"https:\/\/pubeurope.com\/@fr\/115099325238820103","error":""},"_links":{"self":[{"href":"https:\/\/www.europesays.com\/fr\/wp-json\/wp\/v2\/posts\/346952","targetHints":{"allow":["GET"]}}],"collection":[{"href":"https:\/\/www.europesays.com\/fr\/wp-json\/wp\/v2\/posts"}],"about":[{"href":"https:\/\/www.europesays.com\/fr\/wp-json\/wp\/v2\/types\/post"}],"author":[{"embeddable":true,"href":"https:\/\/www.europesays.com\/fr\/wp-json\/wp\/v2\/users\/2"}],"replies":[{"embeddable":true,"href":"https:\/\/www.europesays.com\/fr\/wp-json\/wp\/v2\/comments?post=346952"}],"version-history":[{"count":0,"href":"https:\/\/www.europesays.com\/fr\/wp-json\/wp\/v2\/posts\/346952\/revisions"}],"wp:featuredmedia":[{"embeddable":true,"href":"https:\/\/www.europesays.com\/fr\/wp-json\/wp\/v2\/media\/346953"}],"wp:attachment":[{"href":"https:\/\/www.europesays.com\/fr\/wp-json\/wp\/v2\/media?parent=346952"}],"wp:term":[{"taxonomy":"category","embeddable":true,"href":"https:\/\/www.europesays.com\/fr\/wp-json\/wp\/v2\/categories?post=346952"},{"taxonomy":"post_tag","embeddable":true,"href":"https:\/\/www.europesays.com\/fr\/wp-json\/wp\/v2\/tags?post=346952"}],"curies":[{"name":"wp","href":"https:\/\/api.w.org\/{rel}","templated":true}]}}