{"id":346954,"date":"2025-08-27T06:31:15","date_gmt":"2025-08-27T06:31:15","guid":{"rendered":"https:\/\/www.europesays.com\/fr\/346954\/"},"modified":"2025-08-27T06:31:15","modified_gmt":"2025-08-27T06:31:15","slug":"cartables-cahiers-trousses-a-rennes-cette-association-propose-des-fournitures-gratuites-pour-la-rentree","status":"publish","type":"post","link":"https:\/\/www.europesays.com\/fr\/346954\/","title":{"rendered":"Cartables, cahiers, trousses\u2026 \u00c0 Rennes, cette association propose des fournitures gratuites pour la rentr\u00e9e"},"content":{"rendered":"<p>            Par<br \/>\n        <strong><br \/>\n            <a href=\"https:\/\/actu.fr\/auteur\/lou-batteux\" title=\"Consulter tous les articles de Lou Batteux\" rel=\"nofollow noopener\" target=\"_blank\">Lou Batteux<\/a><br \/>\n        <\/strong><\/p>\n<p>        Publi\u00e9 le<\/p>\n<p>            27 ao\u00fbt 2025 \u00e0 6h32        <\/p>\n<p>La rentr\u00e9e scolaire approche \u00e0 grands pas, et avec elle l\u2019heure de faire le plein de fournitures scolaires. Bien que <a href=\"https:\/\/actu.fr\/economie\/une-premiere-depuis-des-annees-pourquoi-le-prix-des-fournitures-scolaires-chute-dans-tous-les-magasins_63049512.html#:~:text=%C3%89conomie-,Une%20premi%C3%A8re%20depuis%20des%20ann%C3%A9es%20%3A%20pourquoi%20le%20prix%20des%20fournitures,l&#039;association%20Familles%20de%20France.\" rel=\"nofollow noopener\" target=\"_blank\">le prix de celles-ci ait baiss\u00e9 en 2025, pour la premi\u00e8re fois depuis plusieurs ann\u00e9es<\/a>, le <strong>budget de rentr\u00e9e<\/strong> reste significatif pour certaines familles.<\/p>\n<p class=\" wall-content\">Afin de permettre \u00e0 tous, et en particulier aux habitants du quartier Beauregard \/ Villejean, de pr\u00e9parer au mieux cette nouvelle rentr\u00e9e des classes, <strong>la Ferme de Quinc\u00e9<\/strong> organise une \u00ab\u2009foire scolaire solidaire et gratuite\u2009\u00bb. Samedi 30\u00a0ao\u00fbt, de <strong>10h \u00e0 16h<\/strong>, l\u2019association vous donnez rendez-vous dans son repaire, au <strong>Haut Quinc\u00e9<\/strong>, \u00e0 Rennes.<\/p>\n<p>La Ferme de Quinc\u00e9 a besoin de vous<\/p>\n<p class=\" wall-content\">Pour que cette journ\u00e9e solidaire se d\u00e9roule comme pr\u00e9vu, la Ferme de Quinc\u00e9 a <strong>besoin de vos dons<\/strong>. Fournitures scolaires, cartables, cahiers, trousses, affaires de sport\u2026 Si vous avez chez vous du mat\u00e9riel de rentr\u00e9e dont vous ne vous servez pas, n\u2019h\u00e9sitez pas \u00e0 venir les d\u00e9poser dans les <strong>diff\u00e9rents points de collecte<\/strong> de l\u2019association\u2009:<\/p>\n<ul class=\" wall-content\">\n<li><strong>La Ferme de Quinc\u00e9<\/strong>, accessible du lundi au mercredi, de 8h30 \u00e0 17h30, le jeudi et le vendredi, de 8h30 \u00e0 21h et le samedi, de 16h \u00e0 21h\u2009;<\/li>\n<li><strong>Le Cadran<\/strong>, ouvert le mardi, de 14h \u00e0 19h, le mercredi, de 9h \u00e0 12h et de 14h \u00e0 18h, le jeudi, de 14h \u00e0 19h et le vendredi, de 14h \u00e0 18h\u2009;<\/li>\n<li><strong>La Ferme de la Harpe<\/strong>, ouverte le lundi et le mardi, de 14h \u00e0 18h, du mercredi au vendredi, de 9h \u00e0 12h et de 14h \u00e0 18h, ainsi que le samedi matin, de 9h30 \u00e0 13h\u2009;<\/li>\n<li><strong>Le Centre social de Villejean<\/strong>, ouvert du lundi au vendredi, de 9h \u00e0 12h30 et de 13h30 \u00e0 17h30 (ferm\u00e9 les jeudis matin et fermeture \u00e0 17h le vendredi).<\/li>\n<\/ul>\n<p class=\" wall-content\">Et si vous n\u2019avez rien \u00e0 donner, vous pouvez toujours<strong> \u00ab\u2009verser quelques euros\u2009\u00bb<\/strong> dans <a href=\"https:\/\/www.helloasso.com\/associations\/35-volts\/collectes\/foire-scolaire-solidaire-et-gratuite?fbclid=IwZXh0bgNhZW0CMTAAYnJpZBExdzZzSk5DaHZkc3VOYTJNawEeGRIf6euaNAEx5P23aJmbkNQUCJe76BjTIqLIvgV-qOh5NQEUYYeF1PHmpvo_aem_IcdNhNI9vK49XBvUQDM-lg\" rel=\"nofollow noopener\" target=\"_blank\">la cagnotte en ligne<\/a> pour que la Ferme de Quinc\u00e9 puisse compl\u00e9ter la collecte et tout <strong>\u00ab\u2009redistribuer gratuitement\u2009\u00bb<\/strong>.<\/p>\n<p>Au programme de la journ\u00e9e<\/p>\n<p class=\" wall-content\">En plus des dons de fournitures scolaires, des animations viendront rythmer la journ\u00e9e. <strong>Jeux en bois, caf\u00e9 et musique<\/strong> permettront aux Rennais de profiter d\u2019un moment convivial. La Ferme de Quinc\u00e9 vous invite d\u2019ailleurs \u00e0 <strong>ramener votre pique-nique<\/strong>.<\/p>\n<p>Votre r\u00e9gion, votre actu !<\/p>\n<p>Recevez chaque jour les infos qui comptent pour vous.<\/p>\n<p>\t<a href=\"https:\/\/actu.fr\/newsletter\" class=\"ac-btn ac-btn--corner ac-btn--medium ac-btn--blue800\" rel=\"nofollow noopener\" target=\"_blank\">S&rsquo;incrire<\/a><\/p>\n<p class=\" wall-content\">Dans une publication sur son compte Instagram, l\u2019association souligne que ce projet est <strong>d\u00e9velopp\u00e9 et men\u00e9 \u00e0 bien par L\u00e9a<\/strong>, \u00ab\u2009en service civique \u00e0 la Ferme\u2009\u00bb.<\/p>\n<p class=\" wall-content\">Personnalisez votre actualit\u00e9 en ajoutant vos villes et m\u00e9dias en favori avec <a href=\"https:\/\/moncompte.actu.fr\" title=\"D\u00e9couvez Mon Actu\" rel=\"nofollow noopener\" data-trk=\"{&quot;cta&quot;:{&quot;action&quot;:&quot;https:\\\/\\\/moncompte.actu.fr&quot;,&quot;category&quot;:&quot;mon compte&quot;,&quot;from&quot;:&quot;article footer&quot;,&quot;name&quot;:&quot;Mon actu&quot;,&quot;type&quot;:&quot;cta&quot;}}\" target=\"_blank\">Mon Actu<\/a>.<\/p>\n","protected":false},"excerpt":{"rendered":"Par Lou Batteux Publi\u00e9 le 27 ao\u00fbt 2025 \u00e0 6h32 La rentr\u00e9e scolaire approche \u00e0 grands pas, et&hellip;\n","protected":false},"author":2,"featured_media":346955,"comment_status":"","ping_status":"","sticky":false,"template":"","format":"standard","meta":{"footnotes":""},"categories":[2821],"tags":[1111,11,829,33,1777,674,1011,27,12,584,10918,25],"class_list":{"0":"post-346954","1":"post","2":"type-post","3":"status-publish","4":"format-standard","5":"has-post-thumbnail","7":"category-rennes","8":"tag-actu","9":"tag-actualites","10":"tag-bretagne","11":"tag-economie","12":"tag-eu","13":"tag-europe","14":"tag-fr","15":"tag-france","16":"tag-news","17":"tag-rennes","18":"tag-rentree-scolaire","19":"tag-republique-francaise"},"share_on_mastodon":{"url":"https:\/\/pubeurope.com\/@fr\/115099329179235576","error":""},"_links":{"self":[{"href":"https:\/\/www.europesays.com\/fr\/wp-json\/wp\/v2\/posts\/346954","targetHints":{"allow":["GET"]}}],"collection":[{"href":"https:\/\/www.europesays.com\/fr\/wp-json\/wp\/v2\/posts"}],"about":[{"href":"https:\/\/www.europesays.com\/fr\/wp-json\/wp\/v2\/types\/post"}],"author":[{"embeddable":true,"href":"https:\/\/www.europesays.com\/fr\/wp-json\/wp\/v2\/users\/2"}],"replies":[{"embeddable":true,"href":"https:\/\/www.europesays.com\/fr\/wp-json\/wp\/v2\/comments?post=346954"}],"version-history":[{"count":0,"href":"https:\/\/www.europesays.com\/fr\/wp-json\/wp\/v2\/posts\/346954\/revisions"}],"wp:featuredmedia":[{"embeddable":true,"href":"https:\/\/www.europesays.com\/fr\/wp-json\/wp\/v2\/media\/346955"}],"wp:attachment":[{"href":"https:\/\/www.europesays.com\/fr\/wp-json\/wp\/v2\/media?parent=346954"}],"wp:term":[{"taxonomy":"category","embeddable":true,"href":"https:\/\/www.europesays.com\/fr\/wp-json\/wp\/v2\/categories?post=346954"},{"taxonomy":"post_tag","embeddable":true,"href":"https:\/\/www.europesays.com\/fr\/wp-json\/wp\/v2\/tags?post=346954"}],"curies":[{"name":"wp","href":"https:\/\/api.w.org\/{rel}","templated":true}]}}