{"id":346956,"date":"2025-08-27T06:32:17","date_gmt":"2025-08-27T06:32:17","guid":{"rendered":"https:\/\/www.europesays.com\/fr\/346956\/"},"modified":"2025-08-27T06:32:17","modified_gmt":"2025-08-27T06:32:17","slug":"plus-verdoyante-que-nantes-plus-apaisante-que-rennes-cette-ville-bretonne-gagne-a-etre-connue","status":"publish","type":"post","link":"https:\/\/www.europesays.com\/fr\/346956\/","title":{"rendered":"Plus verdoyante que Nantes, plus apaisante que Rennes : cette ville bretonne gagne \u00e0 \u00eatre connue"},"content":{"rendered":"<p>Je d\u00e9couvre souvent des <strong>perles bretonnes m\u00e9connues<\/strong> lors de mes escapades dans le Finist\u00e8re, mais Quimper m\u2019a v\u00e9ritablement surprise par sa capacit\u00e9 \u00e0 conjuguer patrimoine historique et douceur de vivre. Cette pr\u00e9fecture finist\u00e9rienne offre une alternative s\u00e9duisante aux grandes m\u00e9tropoles r\u00e9gionales, avec ses ruelles pav\u00e9es qui serpentent entre cath\u00e9drale gothique et maisons \u00e0 colombages color\u00e9es.<\/p>\n<p>L\u2019Odet traverse paisiblement le c\u0153ur historique, cr\u00e9ant des perspectives romantiques depuis les quais fleuris. Les jardins de l\u2019\u00e9v\u00each\u00e9 d\u00e9ploient leurs <strong>massifs de cam\u00e9lias<\/strong> et parterres de roses anciennes, offrant un \u00e9crin de verdure \u00e0 deux pas de la cath\u00e9drale Saint-Corentin. Cette harmonie entre pierre et v\u00e9g\u00e9tation conf\u00e8re \u00e0 Quimper une atmosph\u00e8re unique, o\u00f9 chaque promenade r\u00e9v\u00e8le de nouveaux tr\u00e9sors botaniques.<\/p>\n<p>Une cit\u00e9 d\u2019art pr\u00e9serv\u00e9e au charme authentique<\/p>\n<p>Le <strong>centre historique de Quimper<\/strong> conserve son authenticit\u00e9 bretonne sans tomber dans le folklore touristique. J\u2019arpente r\u00e9guli\u00e8rement ces rues m\u00e9di\u00e9vales o\u00f9 les fa\u00e7ades \u00e0 pans de bois c\u00f4toient d\u2019\u00e9l\u00e9gants h\u00f4tels particuliers du XVIIIe si\u00e8cle. La place au Beurre d\u00e9voile ses terrasses accueillantes sous l\u2019ombre des marronniers centenaires, tandis que la rue K\u00e9r\u00e9on guide mes pas vers des boutiques d\u2019artisans locaux.<\/p>\n<p>Les mus\u00e9es quimp\u00e9rois enrichissent chaque s\u00e9jour culturel. Le mus\u00e9e des Beaux-Arts abrite une remarquable collection d\u2019\u0153uvres bretonnes, notamment les toiles de Paul S\u00e9rusier et Maxime Maufra. Le mus\u00e9e d\u00e9partemental breton plonge les visiteurs dans l\u2019histoire fascinante de la Cornouaille, r\u00e9gion dont Quimper demeure la capitale historique.<\/p>\n<p>Cette richesse patrimoniale s\u2019exprime \u00e9galement dans l\u2019architecture religieuse. La cath\u00e9drale gothique dresse ses fl\u00e8ches \u00e9lanc\u00e9es vers le ciel finist\u00e9rien, cr\u00e9ant un point de rep\u00e8re visible depuis les collines environnantes. Ses vitraux color\u00e9s filtrent une lumi\u00e8re dor\u00e9e qui sublime l\u2019int\u00e9rieur vo\u00fbt\u00e9, particuli\u00e8rement \u00e9mouvant lors des concerts d\u2019orgue estivaux.<\/p>\n<p>Des espaces verts qui rivalisent avec les plus belles destinations<\/p>\n<p>Mes explorations botaniques r\u00e9v\u00e8lent des <strong>jardins secrets extraordinaires<\/strong> diss\u00e9min\u00e9s dans toute la ville. Le parc de Lanniron \u00e9tend ses vingt hectares le long de l\u2019Odet, m\u00ealant essences exotiques et v\u00e9g\u00e9tation locale. Ses serres tropicales abritent une collection remarquable d\u2019orchid\u00e9es et de plantes carnivores, cr\u00e9ant un d\u00e9paysement total \u00e0 quelques minutes du centre-ville.<\/p>\n<p>Les berges am\u00e9nag\u00e9es de l\u2019Odet invitent \u00e0 des promenades contemplatives o\u00f9 se succ\u00e8dent saules pleureurs, massifs d\u2019hortensias et jardins \u00e0 la fran\u00e7aise. Cette promenade fluviale relie harmonieusement les diff\u00e9rents quartiers, offrant des perspectives changeantes sur le patrimoine architectural quimp\u00e9rois.<\/p>\n<tr>Espace vertSuperficieParticularit\u00e9s<\/tr>\n<tr>\n<td>Parc de Lanniron<\/td>\n<td>20 hectares<\/td>\n<td>Ch\u00e2teau XVIIe, serres tropicales<\/td>\n<\/tr>\n<tr>\n<td>Jardins de l\u2019\u00e9v\u00each\u00e9<\/td>\n<td>2 hectares<\/td>\n<td>Vue sur cath\u00e9drale, roseraie<\/td>\n<\/tr>\n<tr>\n<td>Berges de l\u2019Odet<\/td>\n<td>3 km lin\u00e9aires<\/td>\n<td>Promenade fluviale am\u00e9nag\u00e9e<\/td>\n<\/tr>\n<tr>\n<td>Square de la Tour d\u2019Auvergne<\/td>\n<td>1 hectare<\/td>\n<td>Aire de jeux, kiosque \u00e0 musique<\/td>\n<\/tr>\n<p>Une destination bretonne aux multiples facettes touristiques<\/p>\n<p><img fetchpriority=\"high\" decoding=\"async\" width=\"1024\" height=\"683\" src=\"data:image\/svg+xml,%3Csvg%20xmlns=\" http:=\"\" alt=\"Ruelle pittoresque et \u00e9troite bord\u00e9e de maisons \u00e0 colombages color\u00e9es dans une ville europ\u00e9enne, avec un aper\u00e7u de la fl\u00e8che de la cath\u00e9drale en arri\u00e8re-plan.\" class=\"wp-image-32430\" data-lazy- data-lazy- data-lazy-src=\"https:\/\/www.europesays.com\/fr\/wp-content\/uploads\/2025\/08\/quimper-facades-1024x683.jpg\"\/>Ruelle pittoresque et \u00e9troite bord\u00e9e de maisons \u00e0 colombages color\u00e9es dans une ville europ\u00e9enne, avec un aper\u00e7u de la fl\u00e8che de la cath\u00e9drale en arri\u00e8re-plan.<\/p>\n<p>Quimper d\u00e9veloppe un <strong>tourisme durable respectueux<\/strong> de son environnement exceptionnel. Les circuits de randonn\u00e9e urbaine permettent de d\u00e9couvrir la ville sous diff\u00e9rents angles, des hauteurs du Mont Frugy aux m\u00e9andres de l\u2019Odet. Ces itin\u00e9raires th\u00e9matiques r\u00e9v\u00e8lent l\u2019histoire g\u00e9ologique du site, marqu\u00e9 par l\u2019\u00e9rosion granitique qui a fa\u00e7onn\u00e9 ce paysage vallonn\u00e9.<\/p>\n<p>La gastronomie locale enrichit chaque escapade quimp\u00e9roise. Les restaurants traditionnels proposent des sp\u00e9cialit\u00e9s finist\u00e9riennes pr\u00e9par\u00e9es avec des produits du terroir : kouign-amann croustillant, cidre fermier p\u00e9tillant, fruits de mer p\u00each\u00e9s dans les abers voisins. Cette authenticit\u00e9 culinaire contraste agr\u00e9ablement avec l\u2019offre standardis\u00e9e des grandes destinations touristiques.<\/p>\n<p>Les festivit\u00e9s bretonnes rythment le calendrier quimp\u00e9rois sans tomber dans l\u2019exc\u00e8s commercial. Le Festival de Cornouaille c\u00e9l\u00e8bre chaque \u00e9t\u00e9 la culture bretonne traditionnelle, attirant des visiteurs venus d\u00e9couvrir <a href=\"https:\/\/www.carredinfo.fr\/voyage\/ville-bretagne-est-saint-tropez-nord\/\" target=\"_blank\" rel=\"noopener\">cette ville en Bretagne qui rivalise avec les destinations les plus pris\u00e9es<\/a>. Voici les <strong>atouts principaux<\/strong> de cette destination m\u00e9connue :<\/p>\n<ul class=\"wp-block-list\">\n<li>Patrimoine architectural pr\u00e9serv\u00e9 et valoris\u00e9<\/li>\n<li>Espaces verts exceptionnels en milieu urbain<\/li>\n<li>Offre culturelle riche et diversifi\u00e9e<\/li>\n<li>Gastronomie authentique et de qualit\u00e9<\/li>\n<li>Accessibilit\u00e9 depuis les principales villes bretonnes<\/li>\n<\/ul>\n<p><img loading=\"lazy\" decoding=\"async\" src=\"data:image\/svg+xml,%3Csvg%20xmlns=\" http:=\"\" width=\"100\" height=\"100\" alt=\"Anne-Sophie\" itemprop=\"image\" data-lazy-src=\"https:\/\/www.europesays.com\/fr\/wp-content\/uploads\/2025\/06\/Anne-Sophie.jpg\"\/><\/p>\n<p>Je m\u2019appelle Anne-Sophie et je suis la madame voyage en France de carr\u00e9 d\u2019info !<br \/>Exploratrice boh\u00e8me passionn\u00e9e de d\u00e9couvertes. Ma\u00eetrise l\u2019art de d\u00e9nicher les tr\u00e9sors cach\u00e9s des villes et des villages de France .<br \/>Je sait capturer l\u2019essence des lieux en photographies et j\u2019adore vous emmener avec moi pour profiter de notre magnifique pays \ud83d\ude42<\/p>\n","protected":false},"excerpt":{"rendered":"Je d\u00e9couvre souvent des perles bretonnes m\u00e9connues lors de mes escapades dans le Finist\u00e8re, mais Quimper m\u2019a v\u00e9ritablement&hellip;\n","protected":false},"author":2,"featured_media":346957,"comment_status":"","ping_status":"","sticky":false,"template":"","format":"standard","meta":{"footnotes":""},"categories":[2821],"tags":[1111,11,43350,48301,829,19888,1777,674,3321,1011,27,12,48302,43539,3319,584,25],"class_list":{"0":"post-346956","1":"post","2":"type-post","3":"status-publish","4":"format-standard","5":"has-post-thumbnail","7":"category-rennes","8":"tag-actu","9":"tag-actualites","10":"tag-ambiance-artistique","11":"tag-atmosphere-authentique-bretonne","12":"tag-bretagne","13":"tag-charme-authentique","14":"tag-eu","15":"tag-europe","16":"tag-finistere","17":"tag-fr","18":"tag-france","19":"tag-news","20":"tag-patrimoine-historique-breton","21":"tag-patrimoine-historique-naturel","22":"tag-quimper","23":"tag-rennes","24":"tag-republique-francaise"},"share_on_mastodon":{"url":"https:\/\/pubeurope.com\/@fr\/115099333068033855","error":""},"_links":{"self":[{"href":"https:\/\/www.europesays.com\/fr\/wp-json\/wp\/v2\/posts\/346956","targetHints":{"allow":["GET"]}}],"collection":[{"href":"https:\/\/www.europesays.com\/fr\/wp-json\/wp\/v2\/posts"}],"about":[{"href":"https:\/\/www.europesays.com\/fr\/wp-json\/wp\/v2\/types\/post"}],"author":[{"embeddable":true,"href":"https:\/\/www.europesays.com\/fr\/wp-json\/wp\/v2\/users\/2"}],"replies":[{"embeddable":true,"href":"https:\/\/www.europesays.com\/fr\/wp-json\/wp\/v2\/comments?post=346956"}],"version-history":[{"count":0,"href":"https:\/\/www.europesays.com\/fr\/wp-json\/wp\/v2\/posts\/346956\/revisions"}],"wp:featuredmedia":[{"embeddable":true,"href":"https:\/\/www.europesays.com\/fr\/wp-json\/wp\/v2\/media\/346957"}],"wp:attachment":[{"href":"https:\/\/www.europesays.com\/fr\/wp-json\/wp\/v2\/media?parent=346956"}],"wp:term":[{"taxonomy":"category","embeddable":true,"href":"https:\/\/www.europesays.com\/fr\/wp-json\/wp\/v2\/categories?post=346956"},{"taxonomy":"post_tag","embeddable":true,"href":"https:\/\/www.europesays.com\/fr\/wp-json\/wp\/v2\/tags?post=346956"}],"curies":[{"name":"wp","href":"https:\/\/api.w.org\/{rel}","templated":true}]}}